{"id":86491,"date":"2025-11-13T19:48:10","date_gmt":"2025-11-13T19:48:10","guid":{"rendered":"https:\/\/www.europesays.com\/no\/86491\/"},"modified":"2025-11-13T19:48:10","modified_gmt":"2025-11-13T19:48:10","slug":"ikke-mine-beste-dager","status":"publish","type":"post","link":"https:\/\/www.europesays.com\/no\/86491\/","title":{"rendered":"\u2013 Ikke mine beste dager"},"content":{"rendered":"\n<p class=\"_lead_o9xde_2 _lead_xtcu6_50 layout-component text-serif-m layout-normal text-serif-l layout-component layout-wide layout-padded _wide_17hqh_1 layout-padded\">\u2013 Det vil v\u00e6re \u00e5 lyve hvis jeg sier at dette har v\u00e6rt mine beste dager i livet. <\/p>\n<p> <img class=\"_image_qp4xg_65 layout-component layout-wide\" data-fullscreen- data-track-element-type=\"Article image fullscreen\" data-track-name=\"ImageFullscreen\" fetchpriority=\"high\" decoding=\"sync\" loading=\"eager\" height=\"102\" itemprop=\"image\"  src=\"https:\/\/www.europesays.com\/no\/wp-content\/uploads\/2025\/11\/6b110537badb28f8e5d921ba5495c64f.jpg\"  style=\"object-position:50% 50%;aspect-ratio:1.75;height:auto;object-fit:cover;width:100%\" width=\"102\"\/>  Ullevaal Stadion Oppdatert torsdag 13. november kl. 20:47     <\/p>\n<p class=\"_paragraph_o9xde_4 _paragraph_xtcu6_10 layout-component text-serif-m layout-normal text-serif-m layout-padded\">\u2013 Det har det ikke v\u00e6rt, sier St\u00e5le Solbakken.<\/p>\n<p class=\"_paragraph_o9xde_4 _paragraph_xtcu6_10 layout-component text-serif-m layout-normal text-serif-m layout-padded\">Han var rolig og balansert i intervju med rettighetshaver TV 2 etter at fotball-VM var i boks (med 99,9 prosent sikkerhet).<\/p>\n<p class=\"_paragraph_o9xde_4 _paragraph_xtcu6_10 layout-component text-serif-m layout-normal text-serif-m layout-padded\">Det var ingen fakter, ingen jubel. <\/p>\n<p class=\"_paragraph_o9xde_4 _paragraph_xtcu6_10 layout-component text-serif-m layout-normal text-serif-m layout-padded\">Men den norske landslagssjefen var utvilsomt lettet etter at Norge slet med Estland i 45 minutter \u2013 f\u00f8r det <a href=\"https:\/\/www.vg.no\/sport\/i\/zARzjO\/pipekonsert-til-pause-maalloest-til-mot-estland\" data-track-element-type=\"Link\" data-track-id=\"link:zARzjO\" class=\"_link_o9xde_39\" rel=\"nofollow noopener\" target=\"_blank\">l\u00f8snet til 4\u20131-seier<\/a>.<\/p>\n<p class=\"_paragraph_o9xde_4 _paragraph_xtcu6_10 layout-component text-serif-m layout-normal text-serif-m layout-padded\">\u2013 Hva kjenner du p\u00e5 da? sp\u00f8r TV 2.<\/p>\n<p class=\"_paragraph_o9xde_4 _paragraph_xtcu6_10 layout-component text-serif-m layout-normal text-serif-m layout-padded\">\u2013 Du kjenner p\u00e5 de to guttene her (Drillo og Semb) har gjort. De rir deg som en mare, du var en del av det, men etter det har det ridd meg som en mare. S\u00e5 jeg f\u00e5r skylde p\u00e5 dem, da, ler han.<\/p>\n<p class=\"_paragraph_o9xde_4 _paragraph_xtcu6_10 layout-component text-serif-m layout-normal text-serif-m layout-padded\">Drillo og Nils Johan Semb f\u00f8rte Norge til mesterskap i henholdsvis 1994, 1998 og 2000. <\/p>\n<p class=\"_paragraph_o9xde_4 _paragraph_xtcu6_10 layout-component text-serif-m layout-normal text-serif-m layout-padded\">Siden har det v\u00e6rt knuskt\u00f8rt i norsk landslagsfotball p\u00e5 herresiden.<\/p>\n<p class=\"_paragraph_o9xde_4 _paragraph_xtcu6_10 layout-component text-serif-m layout-normal text-serif-m layout-padded\">\u2013 Jeg elsker hvert minutt av den jobben min, stort sett. Kampdagene er r\u00f8ffe, det innr\u00f8mmer jeg. Du har gjort det du kan f\u00e5 gjort, sagt det du skal si. Da er den ventiden &#8230; hva skal jeg si, t\u00f8ff. Det er p\u00e5 en s\u00e5nn m\u00e5te, utdyper Solbakken overfor VG p\u00e5 pressekonferansen p\u00e5 Ullevaal.<\/p>\n<p class=\"_paragraph_o9xde_4 _paragraph_xtcu6_10 layout-component text-serif-m layout-normal text-serif-m layout-padded\"><strong class=\"_strong_o9xde_25\">&#8211; Av og til tenker du \u00abhvorfor driver du med dette?\u00bb.<\/strong><\/p>\n<p class=\"_paragraph_o9xde_4 _paragraph_xtcu6_10 layout-component text-serif-m layout-normal text-serif-m layout-padded\">Han s\u00e5 Kenny Dalglish-video til langt p\u00e5 natt, sov lenge, trente, sov litt og kjedet seg: Det er kuren for en \u00abr\u00f8ff\u00bb kampdag.<\/p>\n<p class=\"_paragraph_o9xde_4 _paragraph_xtcu6_10 layout-component text-serif-m layout-normal text-serif-m layout-padded\">Han m\u00e5tte virkelig p\u00e5 jobb torsdag:<\/p>\n<p class=\"_paragraph_o9xde_4 _paragraph_xtcu6_10 layout-component text-serif-m layout-normal text-serif-m layout-padded\">\u2013 Dere trengte en trener i pausen i dag, sa jeg til guttene. Dere har ikke trengt en trener f\u00f8r. Jeg er en lettet mann, jeg er det. Vi skal pr\u00f8ve \u00e5 fullf\u00f8re denne kvaliken godt her n\u00e5, sier Solbakken.<\/p>\n<p><img alt=\"Foto: Bj\u00f8rn S. Delebekk \/ VG\" class=\"_image_qp4xg_65 layout-component layout-normal\" data-fullscreen- data-track-element-type=\"Article image fullscreen\" data-track-name=\"ImageFullscreen\" decoding=\"async\" loading=\"lazy\" height=\"3592\" itemprop=\"image\"  src=\"https:\/\/www.europesays.com\/no\/wp-content\/uploads\/2025\/11\/9efd12d0-58d3-4f5f-8718-bb4c85d8e123\"  style=\"object-position:0% 0%\" width=\"5392\"\/>Foto: Bj\u00f8rn S. Delebekk \/ VG<\/p>\n<p class=\"_paragraph_o9xde_4 _paragraph_xtcu6_10 layout-component text-serif-m layout-normal text-serif-m layout-padded\">\u2013 Du skal v\u00e6re t\u00f8ff for \u00e5 ha hele nasjonen hengende p\u00e5 ryggen. Det vet vi hvordan er, Egil. Det er t\u00f8ft \u00e5 st\u00e5 i det n\u00e5r det butter imot, sier Semb til TV 2.<\/p>\n<p class=\"_paragraph_o9xde_4 _paragraph_xtcu6_10 layout-component text-serif-m layout-normal text-serif-m layout-padded\">Han mener Solbakken har gjort en fantastisk jobb. <\/p>\n<p class=\"_paragraph_o9xde_4 _paragraph_xtcu6_10 layout-component text-serif-m layout-normal text-serif-m layout-padded\">\u2013 Det har v\u00e6rt motgang p\u00e5 denne veien f\u00f8r, han har brutt barrierer ved \u00e5 komme hit og det har v\u00e6rt t\u00f8ffe tak \u00e5 st\u00e5 i.<\/p>\n","protected":false},"excerpt":{"rendered":"\u2013 Det vil v\u00e6re \u00e5 lyve hvis jeg sier at dette har v\u00e6rt mine beste dager i livet.&hellip;\n","protected":false},"author":2,"featured_media":86492,"comment_status":"","ping_status":"","sticky":false,"template":"","format":"standard","meta":{"footnotes":""},"categories":[59],"tags":[92,4472,3163,30,28,29,83,82,1387],"class_list":{"0":"post-86491","1":"post","2":"type-post","3":"status-publish","4":"format-standard","5":"has-post-thumbnail","7":"category-sport","8":"tag-fotball","9":"tag-fotball-vm","10":"tag-herrelandslaget-fotball","11":"tag-no","12":"tag-norge","13":"tag-norway","14":"tag-sport","15":"tag-sports","16":"tag-stale-solbakken"},"share_on_mastodon":{"url":"https:\/\/pubeurope.com\/@no\/115544123334368138","error":""},"_links":{"self":[{"href":"https:\/\/www.europesays.com\/no\/wp-json\/wp\/v2\/posts\/86491","targetHints":{"allow":["GET"]}}],"collection":[{"href":"https:\/\/www.europesays.com\/no\/wp-json\/wp\/v2\/posts"}],"about":[{"href":"https:\/\/www.europesays.com\/no\/wp-json\/wp\/v2\/types\/post"}],"author":[{"embeddable":true,"href":"https:\/\/www.europesays.com\/no\/wp-json\/wp\/v2\/users\/2"}],"replies":[{"embeddable":true,"href":"https:\/\/www.europesays.com\/no\/wp-json\/wp\/v2\/comments?post=86491"}],"version-history":[{"count":0,"href":"https:\/\/www.europesays.com\/no\/wp-json\/wp\/v2\/posts\/86491\/revisions"}],"wp:featuredmedia":[{"embeddable":true,"href":"https:\/\/www.europesays.com\/no\/wp-json\/wp\/v2\/media\/86492"}],"wp:attachment":[{"href":"https:\/\/www.europesays.com\/no\/wp-json\/wp\/v2\/media?parent=86491"}],"wp:term":[{"taxonomy":"category","embeddable":true,"href":"https:\/\/www.europesays.com\/no\/wp-json\/wp\/v2\/categories?post=86491"},{"taxonomy":"post_tag","embeddable":true,"href":"https:\/\/www.europesays.com\/no\/wp-json\/wp\/v2\/tags?post=86491"}],"curies":[{"name":"wp","href":"https:\/\/api.w.org\/{rel}","templated":true}]}}