{"id":86493,"date":"2025-11-13T19:51:12","date_gmt":"2025-11-13T19:51:12","guid":{"rendered":"https:\/\/www.europesays.com\/no\/86493\/"},"modified":"2025-11-13T19:51:12","modified_gmt":"2025-11-13T19:51:12","slug":"nyheter-naeringsbanken-full-krise-lillehamring-ble-sagt-opp-pa-dagen","status":"publish","type":"post","link":"https:\/\/www.europesays.com\/no\/86493\/","title":{"rendered":"Nyheter, N\u00e6ringsbanken | Full krise: Lillehamring ble sagt opp p\u00e5 dagen"},"content":{"rendered":"\n<p>To dager f\u00f8r N\u00e6ringsbanken kom med tallene for tredje kvartal, ble administrerende direkt\u00f8r Johan Linn, fra Lillehammer, sagt opp p\u00e5 dagen. \u00d8konomidirekt\u00f8r Runar Hauge ble utnevnt som konstituert banksjef.<\/p>\n<p>Det melder Finansavisen.<\/p>\n<p>Til Finanswatch sier Linn at det har v\u00e6rt krevende tider i sjefsrollen, og en ryddejobb \u00e5 stri med.<\/p>\n<p>\u2013 Jeg er takknemlig for tilliten og samarbeidet med b\u00e5de styret og de ansatte. Perioden har v\u00e6rt krevende, men ogs\u00e5 sv\u00e6rt l\u00e6rerik. Jeg opplever at ryddejobben n\u00e5 er gjennomf\u00f8rt fra min side, og at banken st\u00e5r godt rustet for neste fase, sier Linn.<\/p>\n<p>   <img decoding=\"async\" width=\"1200\" height=\"909\" fetchpriority=\"low\"  loading=\"lazy\"  src=\"https:\/\/www.europesays.com\/no\/wp-content\/uploads\/2025\/11\/Johan2.jpg\" alt=\"\" class=\"brick-c-cFOWSL\" style=\"--brick-image-ratio: 1200 \/ 909;\"\/><\/p>\n<p>      Johan Linn, tidligere administrerende direkt\u00f8r i N\u00e6ringsbanken.<br \/>\n      Foto: Gaute Freng\/Ringsaker Blad\n    <\/p>\n<p>  Toppsjef i under tre \u00e5r<\/p>\n<p>Nyheten om at sjefen m\u00e5tte g\u00e5, kom i ei b\u00f8rsmelding mandag. Der skriver styreleder Ola Limoseth at Linn har gjort en betydelig innsats i ei utfordrende tid.<\/p>\n<p>\u2013 Han har bidratt til \u00e5 stabilisere banken, bygd en robust organisasjon og lagt et godt grunnlag for videre utvikling, sier Limoseth.<\/p>\n<p>Linn ble i begynnelsen av 2023 ansatt i rollen som administrerende direkt\u00f8r. Fram til da hadde han v\u00e6rt kredittsjef i samme bank.<\/p>\n<p>Krisetallene, som ble meldt onsdag, viser et resultat etter skatt p\u00e5 minus 54 millioner kroner, mot minus 16 millioner kroner i samme periode i fjor.<\/p>\n<p>Nedskrivninger og tap p\u00e5 utl\u00e5n bel\u00f8per seg til 50,3 millioner kroner, mens i fjor var summen 43,5 millioner kroner.<\/p>\n<p>\u00abEn stor del av dette skyldes negativ utvikling for fire engasjementsgrupperinger allerede i mislighold. Tapene motvirkes delvis av reduksjon fra innfrielser av utl\u00e5n med forh\u00f8yet risiko (trinn 2)&raquo;, skriver N\u00e6ringsbanken i ei b\u00f8rsmelding.<\/p>\n<p>Base p\u00e5 Moelv<\/p>\n<p>Konstituert banksjef, Runar Hauge, skriver i en e-post til Finansavisen at banken har god kapitaldekning. Han vil verken bekrefte eller avkrefte om banken har startet nedbemanning.<\/p>\n<p>\u2013 Vi viser til del\u00e5rsrapporten, og har fokus p\u00e5 \u00e5 bygge en god organisasjon, sier han.<\/p>\n<p>N\u00e6ringsbanken, som holder til p\u00e5 Moelv, \u00e5pnet i 2018. Den har tidligere spesialisert seg p\u00e5 sm\u00e5 og mellomstore bedrifter i Innlandet, men har v\u00e6rt gjennom omfattende endringer de siste \u00e5rene.<\/p>\n<p>N\u00e5 har banken skiftet fokus fra Innlandet til Oslo, med m\u00e5l om \u00e5 dreie utl\u00e5nsportef\u00f8ljen mot hovedstaden.<\/p>\n","protected":false},"excerpt":{"rendered":"To dager f\u00f8r N\u00e6ringsbanken kom med tallene for tredje kvartal, ble administrerende direkt\u00f8r Johan Linn, fra Lillehammer, sagt&hellip;\n","protected":false},"author":2,"featured_media":86494,"comment_status":"","ping_status":"","sticky":false,"template":"","format":"standard","meta":{"footnotes":""},"categories":[56],"tags":[36,60,61,1265,11503,62,30,28,29,14,1435,1510],"class_list":{"0":"post-86493","1":"post","2":"type-post","3":"status-publish","4":"format-standard","5":"has-post-thumbnail","7":"category-naeringsliv","8":"tag-art","9":"tag-business","10":"tag-economy","11":"tag-moelv","12":"tag-naeringsbanken","13":"tag-naeringsliv","14":"tag-no","15":"tag-norge","16":"tag-norway","17":"tag-nyheter","18":"tag-ringsaker","19":"tag-story"},"share_on_mastodon":{"url":"https:\/\/pubeurope.com\/@no\/115544135109693102","error":""},"_links":{"self":[{"href":"https:\/\/www.europesays.com\/no\/wp-json\/wp\/v2\/posts\/86493","targetHints":{"allow":["GET"]}}],"collection":[{"href":"https:\/\/www.europesays.com\/no\/wp-json\/wp\/v2\/posts"}],"about":[{"href":"https:\/\/www.europesays.com\/no\/wp-json\/wp\/v2\/types\/post"}],"author":[{"embeddable":true,"href":"https:\/\/www.europesays.com\/no\/wp-json\/wp\/v2\/users\/2"}],"replies":[{"embeddable":true,"href":"https:\/\/www.europesays.com\/no\/wp-json\/wp\/v2\/comments?post=86493"}],"version-history":[{"count":0,"href":"https:\/\/www.europesays.com\/no\/wp-json\/wp\/v2\/posts\/86493\/revisions"}],"wp:featuredmedia":[{"embeddable":true,"href":"https:\/\/www.europesays.com\/no\/wp-json\/wp\/v2\/media\/86494"}],"wp:attachment":[{"href":"https:\/\/www.europesays.com\/no\/wp-json\/wp\/v2\/media?parent=86493"}],"wp:term":[{"taxonomy":"category","embeddable":true,"href":"https:\/\/www.europesays.com\/no\/wp-json\/wp\/v2\/categories?post=86493"},{"taxonomy":"post_tag","embeddable":true,"href":"https:\/\/www.europesays.com\/no\/wp-json\/wp\/v2\/tags?post=86493"}],"curies":[{"name":"wp","href":"https:\/\/api.w.org\/{rel}","templated":true}]}}