{"id":86510,"date":"2025-11-13T20:16:15","date_gmt":"2025-11-13T20:16:15","guid":{"rendered":"https:\/\/www.europesays.com\/no\/86510\/"},"modified":"2025-11-13T20:16:15","modified_gmt":"2025-11-13T20:16:15","slug":"roros-holtalen-norgespris-slik-slo-den-ut-pa-stromregningen-i-oktober","status":"publish","type":"post","link":"https:\/\/www.europesays.com\/no\/86510\/","title":{"rendered":"R\u00f8ros, Holt\u00e5len | Norgespris: Slik slo den ut p\u00e5 str\u00f8mregningen i oktober"},"content":{"rendered":"\n<p>For husholdninger i S\u00f8r\u00f8st-Norge (NO1) var norgespris et lurt valg i oktober, og reduserte str\u00f8mregningene deres med gjennomsnittlig 260 kroner. Dette framg\u00e5r av Fornybar Norges str\u00f8mprisindeks.<\/p>\n<p>Tilsvarende viser oversikten at norgespris ville v\u00e6rt et d\u00e5rlig valg for husholdninger i Midt-Norge (NO3) i oktober, og kunne ha \u00f8kt str\u00f8mregningene deres med gjennomsnittlig 150 kroner.<\/p>\n<p>\u2013 Oktober var den f\u00f8rste m\u00e5neden med norgespris. Ordningen er trolig et sv\u00e6rt lurt valg for husholdninger over hele S\u00f8r-Norge. I l\u00f8pet av h\u00f8sten og vinteren vil norgespris sannsynligvis f\u00f8re til at disse sparer noen tusenlapper p\u00e5 \u00e5 f\u00e5 lavere str\u00f8mregninger enn de ellers ville f\u00e5tt, sier B\u00e5rd Vegar Solhjell, administrerende direkt\u00f8r i Fornybar Norge.<\/p>\n<p>For folk i Midt-Norge er det derimot forel\u00f8pig usikkert om norgespris vil v\u00e6re et godt eller d\u00e5rlig valg.<\/p>\n<p>\u2013 De b\u00f8r derfor ikke velge norgespris n\u00e5, men i stedet vente og se an hvordan str\u00f8mprisene der utvikler seg de n\u00e6rmeste m\u00e5nedene, sier B\u00e5rd Vegar Solhjell, administrerende direkt\u00f8r i Fornybar Norge.<\/p>\n<p>   <img decoding=\"async\" width=\"720\" height=\"720\" fetchpriority=\"low\"  loading=\"lazy\"  src=\"https:\/\/www.europesays.com\/no\/wp-content\/uploads\/2025\/11\/Str%C3%B8mprisindeksen+oktober+2025+kartbilde.png\" alt=\"\" class=\"brick-c-cFOWSL\" style=\"--brick-image-ratio: 720 \/ 720;\"\/><\/p>\n<p>      Dette er str\u00f8mprisindeksen for m\u00e5neden vi har gjennomf\u00f8rt.<br \/>\n      Foto: Skisse: Fornybar Norge\n    <\/p>\n<p>Norgespris ble innf\u00f8rt fra 1. oktober og er en ny, statlig ordning som kan bestilles p\u00e5 Elhub.no.<\/p>\n<p>Ordningen gir en fast str\u00f8mpris p\u00e5 40 \u00f8re\/kWh pluss moms for et str\u00f8mforbruk p\u00e5 opptil 5000 kWh per m\u00e5ned, gjeldende fra bestillingsdato og ut 2026.<\/p>\n<p>If\u00f8lge Elhub har 36 prosent av norske husholdninger hittil bestilt norgespris, med st\u00f8rst andel i S\u00f8rvest-Norge (59 prosent).<\/p>\n<p>\u2013 Det er ganske store sosiale forskjeller n\u00e5r det gjelder hvem som har valgt norgespris. Det er til tross for at i hele S\u00f8r-Norge er det ganske sannsynlig at det vil v\u00e6re betydelige summer \u00e5 spare p\u00e5 \u00e5 velge denne ordningen, sier Solhjell.<\/p>\n<p>\u2013 V\u00e5re unders\u00f8kelser viser at de med lav utdanning og lav inntekt, i mye mindre grad har sagt at de vil ta norgespris. Vi oppfordrer derfor alle som ikke har gjort det allerede til \u00e5 logge seg inn p\u00e5 Elhub.no for \u00e5 sjekke om norgespris kan l\u00f8nne seg for dem, sier han.<br \/>\u2013 Bransjen har v\u00e6rt flink til \u00e5 informere om ordningen. Men vi trenger \u00e5 n\u00e5 ut til enda flere, og h\u00e5per b\u00e5de str\u00f8m- og nettselskaper, samt andre organisasjoner vil gj\u00f8re en ekstra innsats, legger han til<\/p>\n<p>Husholdninger som ikke aktivt velger norgespris, vil automatisk fortsette \u00e5 motta str\u00f8mst\u00f8tte.<\/p>\n<p>   <img decoding=\"async\" width=\"720\" height=\"720\" fetchpriority=\"low\"  loading=\"lazy\"  src=\"https:\/\/www.europesays.com\/no\/wp-content\/uploads\/2025\/11\/Norgespris+oktober+2025+kartbilde.png\" alt=\"\" class=\"brick-c-cFOWSL\" style=\"--brick-image-ratio: 720 \/ 720;\"\/><\/p>\n<p>      Her ser du hva konsekvensene er for deg, avhengig hvilken prisavtale du g\u00e5r inn for.<br \/>\n      Foto: Skisse: Fornybar Norge\n    <\/p>\n<p>  Kaldere v\u00e6r f\u00f8rte til \u00f8kt pris<\/p>\n<p>En gjennomsnittlig husholdning i NO1 (prisomr\u00e5det som inkluderer Det meste av Nord-\u00d8sterdalen og R\u00f8ros) kan forvente en str\u00f8mregning for oktober p\u00e5 rundt 1580 kroner etter str\u00f8mst\u00f8tte, dersom de ikke har norgespris.<\/p>\n<p>Dette er den h\u00f8yeste oktober-regningen siden str\u00f8mpriskrisen, og den ligger p\u00e5 om lag samme niv\u00e5 som i oktober 2022. Oktober-regningen er ogs\u00e5 39 prosent (nesten 450 kroner) h\u00f8yere enn september-regningen, og 19 prosent h\u00f8yere enn regningen for oktober i fjor. Oppgangen skyldes \u00f8kt str\u00f8mforbruk til oppvarming i oktober som f\u00f8lge av kaldere v\u00e6r, samt at b\u00e5de str\u00f8mprisene og str\u00f8mforbruket var h\u00f8yere i oktober enn i september, og h\u00f8yere enn i oktober i fjor.<\/p>\n<p>En gjennomsnittlig husholdning i NO1 brukte i oktober cirka 1130 kWh str\u00f8m. Dette var 44 prosent mer enn i september, og tre prosent mer enn i oktober 2024, if\u00f8lge tall fra Elhub.<\/p>\n<p>Til tross for kaldere v\u00e6r, var oktober en relativt mild m\u00e5ned p\u00e5 \u00d8stlandet. I Oslo l\u00e5 snittemperaturen p\u00e5 7,9 grader, over \u00e9n grad varmere enn normalen for \u00e5rstiden. Nedb\u00f8rsmengdene var 16 prosent over normalen, if\u00f8lge <a data-saferedirecturl=\"https:\/\/www.google.com\/url?q=https:\/\/www.yr.no\/nb\/historikk\/graf\/5-18700\/Norge\/Oslo\/Oslo\/Oslo%2520(Blindern)?q%3D2025-10&amp;source=gmail&amp;ust=1763105411473000&amp;usg=AOvVaw1gQhISN13Dqr7NadlqJ3JS\" href=\"https:\/\/www.yr.no\/nb\/historikk\/graf\/5-18700\/Norge\/Oslo\/Oslo\/Oslo%20(Blindern)?q=2025-10\" id=\"m_-3157545935212068137m_-647343057590389031OWA3d66b7e1-58d3-2b46-35c9-b3bb6b590d85\" rel=\"nofollow noopener\" target=\"_blank\">Yr.no<\/a>. I NO1 endte den gjennomsnittlige spotprisen i oktober p\u00e5 59 \u00f8re\/kWh, en nedgang fra 60 \u00f8re\/kWh i september.<\/p>\n<p>\u2013 H\u00f8yere str\u00f8mforbruk f\u00f8rer ofte til h\u00f8yere priser, men de store nedb\u00f8rsmengdene vi fikk i oktober motvirket denne effekten. Resultatet er at str\u00f8mprisene i oktober var p\u00e5 omtrent samme niv\u00e5 som i september i mesteparten av landet, sier Solhjell.<\/p>\n<p>Snittprisen for NO1 i oktober er den tredje h\u00f8yeste for denne m\u00e5neden noensinne \u2013 kun overg\u00e5tt av oktober 2021 og oktober 2022, under str\u00f8mpriskrisen. Oktober-prisen er ogs\u00e5 betydelig h\u00f8yere enn for samme m\u00e5ned i 2024, da gjennomsnittlig str\u00f8mpris var 40 \u00f8re\/kWh<\/p>\n<p>  <a href=\"https:\/\/www.retten.no\/5-44-1068420\" class=\"related-teaser has-image default-story-teaser article--c-eRUmMG article--c-eRUmMG-jKCPdD-design-default\" rel=\"nofollow noopener\" target=\"_blank\"><\/p>\n<p>    <img decoding=\"async\" loading=\"lazy\"  src=\"https:\/\/www.europesays.com\/no\/wp-content\/uploads\/2025\/11\/cueres_scp-hvbfuhzcue_h3vBfuHzcuE_1.jpg\" alt=\"\" class=\"brick-c-cFOWSL\" style=\"\"\/><\/p>\n<p>\n            Les ogs\u00e5<\/p>\n<p>              S\u00e5 mange i R\u00f8ros og nord i Os har valgt Norgespris\n        <\/p>\n<p>  <\/a><\/p>\n<p>  <a href=\"https:\/\/www.retten.no\/5-44-1061180\" class=\"related-teaser has-image default-story-teaser article--c-eRUmMG article--c-eRUmMG-jKCPdD-design-default\" rel=\"nofollow noopener\" target=\"_blank\"><\/p>\n<p>    <img decoding=\"async\" loading=\"lazy\"  src=\"https:\/\/www.europesays.com\/no\/wp-content\/uploads\/2025\/11\/norgespris.jpg\" alt=\"\" class=\"brick-c-cFOWSL\" style=\"\"\/><\/p>\n<p>\n            Les ogs\u00e5<\/p>\n<p>              Har du ikke valgt Norgespris? Ikke sjekk prisen i dag\n        <\/p>\n<p>  <\/a><\/p>\n<p>  <a href=\"https:\/\/www.retten.no\/5-44-1060655\" class=\"related-teaser has-image default-story-teaser article--c-eRUmMG article--c-eRUmMG-jKCPdD-design-default\" rel=\"nofollow noopener\" target=\"_blank\"><\/p>\n<p>    <img decoding=\"async\" loading=\"lazy\"  src=\"https:\/\/www.europesays.com\/no\/wp-content\/uploads\/2025\/11\/cueres_scp-mangler_navn_hjeqyDJohw4.jpg\" alt=\"\" class=\"brick-c-cFOWSL\" style=\"\"\/><\/p>\n<p>\n            Les ogs\u00e5<\/p>\n<p>              Advarer mot Norgespris-felle: Hele gevinsten forsvinner\n        <\/p>\n<p>  <\/a><\/p>\n","protected":false},"excerpt":{"rendered":"For husholdninger i S\u00f8r\u00f8st-Norge (NO1) var norgespris et lurt valg i oktober, og reduserte str\u00f8mregningene deres med gjennomsnittlig&hellip;\n","protected":false},"author":2,"featured_media":86511,"comment_status":"","ping_status":"","sticky":false,"template":"","format":"standard","meta":{"footnotes":""},"categories":[10],"tags":[4178,36,20,21,24,25,4179,15,4175,22,23,13,30,28,3333,29,14,2932,16,3847,1510,4176,26,27,4177],"class_list":{"0":"post-86510","1":"post","2":"type-post","3":"status-publish","4":"format-standard","5":"has-post-thumbnail","7":"category-norge","8":"tag-alvdal","9":"tag-art","10":"tag-breaking-news","11":"tag-breakingnews","12":"tag-featured-news","13":"tag-featurednews","14":"tag-folldal","15":"tag-headlines","16":"tag-holtalen","17":"tag-latest-news","18":"tag-latestnews","19":"tag-news","20":"tag-no","21":"tag-norge","22":"tag-norgespris","23":"tag-norway","24":"tag-nyheter","25":"tag-os","26":"tag-overskrifter","27":"tag-roros","28":"tag-story","29":"tag-tolga","30":"tag-top-stories","31":"tag-topstories","32":"tag-tynset"},"share_on_mastodon":{"url":"https:\/\/pubeurope.com\/@no\/115544233530551556","error":""},"_links":{"self":[{"href":"https:\/\/www.europesays.com\/no\/wp-json\/wp\/v2\/posts\/86510","targetHints":{"allow":["GET"]}}],"collection":[{"href":"https:\/\/www.europesays.com\/no\/wp-json\/wp\/v2\/posts"}],"about":[{"href":"https:\/\/www.europesays.com\/no\/wp-json\/wp\/v2\/types\/post"}],"author":[{"embeddable":true,"href":"https:\/\/www.europesays.com\/no\/wp-json\/wp\/v2\/users\/2"}],"replies":[{"embeddable":true,"href":"https:\/\/www.europesays.com\/no\/wp-json\/wp\/v2\/comments?post=86510"}],"version-history":[{"count":0,"href":"https:\/\/www.europesays.com\/no\/wp-json\/wp\/v2\/posts\/86510\/revisions"}],"wp:featuredmedia":[{"embeddable":true,"href":"https:\/\/www.europesays.com\/no\/wp-json\/wp\/v2\/media\/86511"}],"wp:attachment":[{"href":"https:\/\/www.europesays.com\/no\/wp-json\/wp\/v2\/media?parent=86510"}],"wp:term":[{"taxonomy":"category","embeddable":true,"href":"https:\/\/www.europesays.com\/no\/wp-json\/wp\/v2\/categories?post=86510"},{"taxonomy":"post_tag","embeddable":true,"href":"https:\/\/www.europesays.com\/no\/wp-json\/wp\/v2\/tags?post=86510"}],"curies":[{"name":"wp","href":"https:\/\/api.w.org\/{rel}","templated":true}]}}