{"id":86514,"date":"2025-11-13T20:18:22","date_gmt":"2025-11-13T20:18:22","guid":{"rendered":"https:\/\/www.europesays.com\/no\/86514\/"},"modified":"2025-11-13T20:18:22","modified_gmt":"2025-11-13T20:18:22","slug":"bytter-idrett","status":"publish","type":"post","link":"https:\/\/www.europesays.com\/no\/86514\/","title":{"rendered":"Bytter idrett"},"content":{"rendered":"<p>  Einar Hedegart (24) legger bort satsingen p\u00e5 skiskyting for \u00e5 bli en rendyrket langrennsl\u00f8per. Han dr\u00f8mmer om OL.<\/p>\n<p>\n    Einar Hedegart. Foto: Geir Olsen \/ NTB\n  <\/p>\n<p>Byttet av idrettsgren kommer fram i et intervju med\u00a0<a href=\"https:\/\/www.adressa.no\/sport\/langrenn\/i\/B07KGQ\/sjokkerte-skiverdenen-har-tatt-drastisk-valg\" target=\"_blank\" rel=\"nofollow noopener\">Adresseavisen.<\/a><\/p>\n<p>&#8211; N\u00e5 er det \u00aball in\u00bb p\u00e5 langrenn, bekrefter Hedegart.<\/p>\n<p>Inder\u00f8yingen gikk i mars i \u00e5r inn til en sensasjonell 2.-plass p\u00e5 10-kilometeren i Holmenkollen. Da hadde han bare Harald \u00d8stberg Amundsen foran seg, mens Johannes H\u00f8sflot Kl\u00e6bo m\u00e5tte n\u00f8ye seg med den siste plassen p\u00e5 verdenscuppallen i langrenn.<\/p>\n<p>F\u00e5 uker senere ble Hedegart norgesmester p\u00e5 fellesstart i skiskyting. Det var ogs\u00e5 et resultat som overrasket, og det f\u00f8rte til at han ventet med \u00e5 avgj\u00f8re framtiden.<\/p>\n<p>N\u00e5 er valget tatt. 24-\u00e5ringen er trygg p\u00e5 at langrenn er riktig idrett for ham.<\/p>\n<p>    <a itemprop=\"url\" href=\"https:\/\/www.dagbladet.no\/sport\/matte-sy-fire-sting\/83433512\" rel=\"nofollow noopener\" target=\"_blank\"><\/p>\n<p>      <img loading=\"lazy\" decoding=\"async\" src=\"https:\/\/www.europesays.com\/no\/wp-content\/uploads\/2025\/11\/83433910.webp\" width=\"980\" height=\"441\" title=\"M\u00e5tte sy fire sting\" alt=\"\" class=\"lazyload\" style=\"--aspect-ratio-image: 2.22; \"\/><\/p>\n<p>        M\u00e5tte sy fire sting<\/p>\n<p>    <\/a><\/p>\n<p>&#8211; Det er OL-sesong, og jeg har definitivt bedre sjanse i langrenn enn skiskyting, s\u00e5 det f\u00f8les ut som et naturlig valg, samt at jeg er p\u00e5 et langrennslag, forklarer Hedegart.<\/p>\n<p>Anlegg \u00d8st er privatlaget han viser til. Skal det bli OL-langrenn for Norge, m\u00e5 han levere allerede i den nasjonale \u00e5pningen p\u00e5 Beitost\u00f8len.<\/p>\n<p>Der er det 10-kilometeren s\u00f8ndag 23. november som peker seg ut.<\/p>\n<p>&#8211; Det blir en veldig viktig s\u00f8ndag, men jeg f\u00f8ler meg klar. P\u00e5 renndagen er det 16 dager siden jeg kom hjem fra h\u00f8yden, og det er en dag jeg ofte har f\u00f8lt meg bra, sier Hedegart.<\/p>\n<p>Helgen etter er det verdenscupstart i finske Ruka. N\u00e5l\u00f8yet for \u00e5 komme med dit er trangt, men en Beito-seier vil v\u00e6re en solid s\u00f8knad.<\/p>\n","protected":false},"excerpt":{"rendered":"Einar Hedegart (24) legger bort satsingen p\u00e5 skiskyting for \u00e5 bli en rendyrket langrennsl\u00f8per. Han dr\u00f8mmer om OL.&hellip;\n","protected":false},"author":2,"featured_media":86515,"comment_status":"","ping_status":"","sticky":false,"template":"","format":"standard","meta":{"footnotes":""},"categories":[59],"tags":[11507,398,30,28,29,83,82],"class_list":{"0":"post-86514","1":"post","2":"type-post","3":"status-publish","4":"format-standard","5":"has-post-thumbnail","7":"category-sport","8":"tag-einar-hedegart","9":"tag-langrenn","10":"tag-no","11":"tag-norge","12":"tag-norway","13":"tag-sport","14":"tag-sports"},"share_on_mastodon":{"url":"https:\/\/pubeurope.com\/@no\/115544241353887824","error":""},"_links":{"self":[{"href":"https:\/\/www.europesays.com\/no\/wp-json\/wp\/v2\/posts\/86514","targetHints":{"allow":["GET"]}}],"collection":[{"href":"https:\/\/www.europesays.com\/no\/wp-json\/wp\/v2\/posts"}],"about":[{"href":"https:\/\/www.europesays.com\/no\/wp-json\/wp\/v2\/types\/post"}],"author":[{"embeddable":true,"href":"https:\/\/www.europesays.com\/no\/wp-json\/wp\/v2\/users\/2"}],"replies":[{"embeddable":true,"href":"https:\/\/www.europesays.com\/no\/wp-json\/wp\/v2\/comments?post=86514"}],"version-history":[{"count":0,"href":"https:\/\/www.europesays.com\/no\/wp-json\/wp\/v2\/posts\/86514\/revisions"}],"wp:featuredmedia":[{"embeddable":true,"href":"https:\/\/www.europesays.com\/no\/wp-json\/wp\/v2\/media\/86515"}],"wp:attachment":[{"href":"https:\/\/www.europesays.com\/no\/wp-json\/wp\/v2\/media?parent=86514"}],"wp:term":[{"taxonomy":"category","embeddable":true,"href":"https:\/\/www.europesays.com\/no\/wp-json\/wp\/v2\/categories?post=86514"},{"taxonomy":"post_tag","embeddable":true,"href":"https:\/\/www.europesays.com\/no\/wp-json\/wp\/v2\/tags?post=86514"}],"curies":[{"name":"wp","href":"https:\/\/api.w.org\/{rel}","templated":true}]}}