{"id":86516,"date":"2025-11-13T20:21:18","date_gmt":"2025-11-13T20:21:18","guid":{"rendered":"https:\/\/www.europesays.com\/no\/86516\/"},"modified":"2025-11-13T20:21:18","modified_gmt":"2025-11-13T20:21:18","slug":"har-du-dette-hjemme-et-ikea-mobel-som-en-gang-kostet-rundt-430-kroner-er-na-verdt-over-26-000","status":"publish","type":"post","link":"https:\/\/www.europesays.com\/no\/86516\/","title":{"rendered":"Har du dette hjemme? Et IKEA-m\u00f8bel som en gang kostet rundt 430 kroner, er n\u00e5 verdt over 26.000"},"content":{"rendered":"<p>Et av Ikeas gamle design har f\u00e5tt en uventet renessanse p\u00e5 bruktmarkedet, og enkelte eiere kan sitte p\u00e5 en liten skatt uten \u00e5 vite det.<\/p>\n<p>\t\t\tAkkurat n\u00e5 leser andre<\/p>\n<p>\t\t\t\t\t<a :href=\"https:\/\/www.dagens.no\/viralt\/post.link\"><br \/>\n\t\t\t\t\t\t<img class=\"my-0 aspect-square h-full max-h-16 w-auto rounded object-cover hidden sm:block\" :src=\"https:\/\/www.dagens.no\/viralt\/post.featured_media_url\" alt=\"\"\/><br \/>\n\t\t\t\t\t<\/a><\/p>\n<p>\t\t\t\t\t\t<a class=\"text-body-text group-hover:text-body-accent font-normal\" :href=\"https:\/\/www.dagens.no\/viralt\/post.link\" x-html=\"post.title\"\/><\/p>\n<p>Det kan v\u00e6re verdt \u00e5 ta en ekstra titt p\u00e5 IKEA-m\u00f8blene du har hjemme. Noen av dem kan nemlig vise seg \u00e5 v\u00e6re langt mer verdifulle enn du tror.<\/p>\n<p>Flere av m\u00f8belkjedens mest ikoniske design har f\u00e5tt en ny renessanse p\u00e5 bruktmarkedet, der prisene til tider n\u00e5r overraskende h\u00f8yder. <\/p>\n<p>I l\u00f8pet av sine 80 \u00e5r har IKEA ikke bare levert rimelige og praktiske m\u00f8bler, men ogs\u00e5 tidl\u00f8se produkter som har funnet veien inn i millioner av hjem.<\/p>\n<p>Selv om IKEA gjerne forbindes med masseproduksjon og lave priser, har enkelte eldre modeller utviklet seg til \u00e5 bli ettertraktede samlerobjekter. <\/p>\n<p>Dette gjelder s\u00e6rlig m\u00f8bler som ble produsert i begrensede opplag eller designet gjennom kjente samarbeid.<\/p>\n<p>\t\t\tLes ogs\u00e5<\/p>\n<p>\t\t\t\t\t<a :href=\"https:\/\/www.dagens.no\/viralt\/post.link\"><br \/>\n\t\t\t\t\t\t<img class=\"my-0 aspect-square h-full max-h-16 w-auto rounded object-cover hidden sm:block\" :src=\"https:\/\/www.dagens.no\/viralt\/post.featured_media_url\" alt=\"\"\/><br \/>\n\t\t\t\t\t<\/a><\/p>\n<p>\t\t\t\t\t\t<a class=\"text-body-text group-hover:text-body-accent font-normal\" :href=\"https:\/\/www.dagens.no\/viralt\/post.link\" x-html=\"post.title\"\/><\/p>\n<p>If\u00f8lge nettstedet Linternaute er IMPALA-lenestolen et godt eksempel. Den ble designet av Gillis Lundgren og lansert i 1972 til en sv\u00e6rt beskjeden pris. <\/p>\n<p>Nylig ble en av disse stolene solgt for hele 2.300 euro p\u00e5 bruktplattformen Selency \u2013 et bel\u00f8p som tilsvarer over 26.000 kroner.<\/p>\n<p>(Artikkelen fortsetter under bildet)<\/p>\n<blockquote class=\"instagram-media\" data-instgrm-captioned=\"\" data-instgrm-permalink=\"https:\/\/www.instagram.com\/p\/CV3CA9foSQd\/?utm_source=ig_embed&amp;utm_campaign=loading\" data-instgrm-version=\"14\" style=\"background:#FFF;border:0;border-radius:3px;margin: 1px;max-width:540px;min-width:326px;padding:0;width:99.375%;width:-webkit-calc(100% - 2px);width:calc(100% - 2px)\"\/>\n<p>Det er heller ikke et enkeltst\u00e5ende tilfelle. <\/p>\n<p>\t\t\tLes ogs\u00e5<\/p>\n<p>\t\t\t\t\t<a :href=\"https:\/\/www.dagens.no\/viralt\/post.link\"><br \/>\n\t\t\t\t\t\t<img class=\"my-0 aspect-square h-full max-h-16 w-auto rounded object-cover hidden sm:block\" :src=\"https:\/\/www.dagens.no\/viralt\/post.featured_media_url\" alt=\"\"\/><br \/>\n\t\t\t\t\t<\/a><\/p>\n<p>\t\t\t\t\t\t<a class=\"text-body-text group-hover:text-body-accent font-normal\" :href=\"https:\/\/www.dagens.no\/viralt\/post.link\" x-html=\"post.title\"\/><\/p>\n<p>GUIDE-hyllen av Niels Gammelgaard, som kom p\u00e5 markedet i 1985, ble opprinnelig solgt for rundt 65 euro. <\/p>\n<p>(Artikkelen fortsetter under bildet)<\/p>\n<blockquote class=\"instagram-media\" data-instgrm-captioned=\"\" data-instgrm-permalink=\"https:\/\/www.instagram.com\/p\/CX9CLV-Ivxp\/?utm_source=ig_embed&amp;utm_campaign=loading\" data-instgrm-version=\"14\" style=\"background:#FFF;border:0;border-radius:3px;margin: 1px;max-width:540px;min-width:326px;padding:0;width:99.375%;width:-webkit-calc(100% - 2px);width:calc(100% - 2px)\"\/>\n<p>I dag ligger enkelte eksemplarer ute for over 1.600 euro p\u00e5 Design Market, avhengig av stand og sjeldenhet.<\/p>\n<p>Hva gj\u00f8r disse m\u00f8blene s\u00e5 attraktive? If\u00f8lge eksperter er det en kombinasjon av sjeldenhet, kjente designere og m\u00f8bler som er godt bevart. <\/p>\n<p>\t\t\tLes ogs\u00e5<\/p>\n<p>\t\t\t\t\t<a :href=\"https:\/\/www.dagens.no\/viralt\/post.link\"><br \/>\n\t\t\t\t\t\t<img class=\"my-0 aspect-square h-full max-h-16 w-auto rounded object-cover hidden sm:block\" :src=\"https:\/\/www.dagens.no\/viralt\/post.featured_media_url\" alt=\"\"\/><br \/>\n\t\t\t\t\t<\/a><\/p>\n<p>\t\t\t\t\t\t<a class=\"text-body-text group-hover:text-body-accent font-normal\" :href=\"https:\/\/www.dagens.no\/viralt\/post.link\" x-html=\"post.title\"\/><\/p>\n<p>Produkter som aldri har v\u00e6rt demontert, og som fortsatt har et ekte vintagepreg, har s\u00e6rlig gode forutsetninger for \u00e5 stige i verdi.<\/p>\n<p>Nyere samarbeid har ogs\u00e5 skapt stor interesse, som MARKERAD-kolleksjonen med Virgil Abloh fra 2019 og VARMBLIXT-serien utviklet sammen med Sabine Marcelis i 2023.<\/p>\n<p>Det er samtidig viktig \u00e5 understreke at ikke alle IKEA-m\u00f8bler blir verdifulle. <\/p>\n<p>Klassikerne Billy-hylla og Kallax-modulen vil trolig aldri f\u00e5 h\u00f8ye samlerpriser og selges som regel rimeligere brukt enn de gj\u00f8r i butikk.<\/p>\n<p>Likevel tyder mye p\u00e5 at flere IKEA-design er i ferd med \u00e5 bli moderne klassikere. <\/p>\n<p>\t\t\tLes ogs\u00e5<\/p>\n<p>\t\t\t\t\t<a :href=\"https:\/\/www.dagens.no\/viralt\/post.link\"><br \/>\n\t\t\t\t\t\t<img class=\"my-0 aspect-square h-full max-h-16 w-auto rounded object-cover hidden sm:block\" :src=\"https:\/\/www.dagens.no\/viralt\/post.featured_media_url\" alt=\"\"\/><br \/>\n\t\t\t\t\t<\/a><\/p>\n<p>\t\t\t\t\t\t<a class=\"text-body-text group-hover:text-body-accent font-normal\" :href=\"https:\/\/www.dagens.no\/viralt\/post.link\" x-html=\"post.title\"\/><\/p>\n<p>Det kan derfor l\u00f8nne seg \u00e5 unders\u00f8ke verdien av de gamle m\u00f8blene dine f\u00f8r du gir dem bort eller leverer dem til gjenbruk.<\/p>\n<p>\t\t<script async src=\"\/\/www.instagram.com\/embed.js\"><\/script><\/p>\n","protected":false},"excerpt":{"rendered":"Et av Ikeas gamle design har f\u00e5tt en uventet renessanse p\u00e5 bruktmarkedet, og enkelte eiere kan sitte p\u00e5&hellip;\n","protected":false},"author":2,"featured_media":86517,"comment_status":"","ping_status":"","sticky":false,"template":"","format":"standard","meta":{"footnotes":""},"categories":[56],"tags":[60,61,62,30,28,29],"class_list":{"0":"post-86516","1":"post","2":"type-post","3":"status-publish","4":"format-standard","5":"has-post-thumbnail","7":"category-naeringsliv","8":"tag-business","9":"tag-economy","10":"tag-naeringsliv","11":"tag-no","12":"tag-norge","13":"tag-norway"},"share_on_mastodon":{"url":"https:\/\/pubeurope.com\/@no\/115544252982351528","error":""},"_links":{"self":[{"href":"https:\/\/www.europesays.com\/no\/wp-json\/wp\/v2\/posts\/86516","targetHints":{"allow":["GET"]}}],"collection":[{"href":"https:\/\/www.europesays.com\/no\/wp-json\/wp\/v2\/posts"}],"about":[{"href":"https:\/\/www.europesays.com\/no\/wp-json\/wp\/v2\/types\/post"}],"author":[{"embeddable":true,"href":"https:\/\/www.europesays.com\/no\/wp-json\/wp\/v2\/users\/2"}],"replies":[{"embeddable":true,"href":"https:\/\/www.europesays.com\/no\/wp-json\/wp\/v2\/comments?post=86516"}],"version-history":[{"count":0,"href":"https:\/\/www.europesays.com\/no\/wp-json\/wp\/v2\/posts\/86516\/revisions"}],"wp:featuredmedia":[{"embeddable":true,"href":"https:\/\/www.europesays.com\/no\/wp-json\/wp\/v2\/media\/86517"}],"wp:attachment":[{"href":"https:\/\/www.europesays.com\/no\/wp-json\/wp\/v2\/media?parent=86516"}],"wp:term":[{"taxonomy":"category","embeddable":true,"href":"https:\/\/www.europesays.com\/no\/wp-json\/wp\/v2\/categories?post=86516"},{"taxonomy":"post_tag","embeddable":true,"href":"https:\/\/www.europesays.com\/no\/wp-json\/wp\/v2\/tags?post=86516"}],"curies":[{"name":"wp","href":"https:\/\/api.w.org\/{rel}","templated":true}]}}