{"id":86518,"date":"2025-11-13T20:23:12","date_gmt":"2025-11-13T20:23:12","guid":{"rendered":"https:\/\/www.europesays.com\/no\/86518\/"},"modified":"2025-11-13T20:23:12","modified_gmt":"2025-11-13T20:23:12","slug":"alle-venter-tidenes-storste-julehandel-mn24-no","status":"publish","type":"post","link":"https:\/\/www.europesays.com\/no\/86518\/","title":{"rendered":"\u00abAlle\u00bb venter tidenes st\u00f8rste julehandel &#8211; mn24.no"},"content":{"rendered":"<ol>\n<li><a href=\"https:\/\/news.google.com\/rss\/articles\/CBMiggFBVV95cUxOdWY4X2VMVkt0ZkptLTNOdkRQWkczRVVMTEozTkJRNTBHMlhhWnVmOVpVYklvN21adjJOTFUzWGNsN2lhU0xFNm1Ra1lFb3pCUWlJcXdXVFFkU1pUeEZLczg5Y2tUdlRrQVcybXV1QVJPaEFXLWxOVWpUV2JaM0FqWVln?oc=5\" target=\"_blank\" rel=\"nofollow noopener\">\u00abAlle\u00bb venter tidenes st\u00f8rste julehandel<\/a>&nbsp;&nbsp;mn24.no<\/li>\n<li><a href=\"https:\/\/news.google.com\/rss\/articles\/CBMingFBVV95cUxPYWxZYjFGVXpucHdzbEU0YlE1aFVVWDFtOEZkNVFwc25faWgwRU9ON2ZiSV9GVk1BNzZyS01kV1FtQ3FEeEMxck94alVJVzZ5REtraGRGWkI5bnhPdUVwMU1McWlPcERrZDVfX2hObXFDWWJvcFJpN3NhUm1YWW02WWlGQnYxZnJqNlVYR0NIc0FWTW5qeXMxWFlZaUM5Zw?oc=5\" target=\"_blank\" rel=\"nofollow noopener\">Nyhende, Husnes | Her er julehandelen i gang: \u2013 Vaksne damer er i s\u00e6rklasse<\/a>&nbsp;&nbsp;Kvinnheringen<\/li>\n<li><a href=\"https:\/\/news.google.com\/rss\/articles\/CBMirAFBVV95cUxNZlNpem84VXNCOS1LanZxT2JVMngwZld0RDNDX3RJY2xNcVBKZHdiLW9SLUU0cy1PQ0U3NE5EMFN2amtsY3l2MmF3Z3J0Q2cxNjZqYXc5V3pWNkg0VC1HRUx6UFZkM2FOWkxGaW5VZnFRSU10UlRBbm84NXlySTNlYmQzaThvdGZmWG95M2NVVk9xRzNDTjB2a1V4SVVNclhuaE5EalF5b1NfcW9a?oc=5\" target=\"_blank\" rel=\"nofollow noopener\">N\u00e6ringsliv, Lekebutikk | Mats er klar for tidenes julehandel: \u2013 Jeg har kj\u00f8pt inn ekstra mye leker i \u00e5r<\/a>&nbsp;&nbsp;Sarpsborg Arbeiderblad<\/li>\n<li><a href=\"https:\/\/news.google.com\/rss\/articles\/CBMiekFVX3lxTE1MWFVwM3JiaThua3RsOXdtMzJhNGxjdk9FUld5eVZQMUgwcS1MQXhRcU5fNHVrOUVFUGFNcGYyMnFrZTFBSU0yMUQ3cWZxSG5zajVzUndkYmlkQ2VPWDBjSWlaTFA1ZFNKUFhNbGpLM2VTSXBtYnJrSW53?oc=5\" target=\"_blank\" rel=\"nofollow noopener\">\u2013 Helt avgj\u00f8rende for oss<\/a>&nbsp;&nbsp;TV2.no<\/li>\n<li><a href=\"https:\/\/news.google.com\/rss\/articles\/CBMiiwFBVV95cUxORkVncldwN2trdW40Sms0bWo5NGh0bGZkLXExR0E5RnhRcTRnbUUzOWM0aHpqSkxzZHFNdjdPTTFEQWpxelhfYjIyMEF5TkFzTlBkUE51em1pYnRWU0tIYWlUbXVfMXl3dzRqODVETjlvWklXVFk0Q09XSlBiS0taTUd6WnV6NzNmanZZ?oc=5\" target=\"_blank\" rel=\"nofollow noopener\">Jul, Julehandel | \u00c5rets st\u00f8rste handleperiode n\u00e6rmer seg: \u2013 V\u00e6r kritisk<\/a>&nbsp;&nbsp;Oppland Arbeiderblad<\/li>\n<\/ol>\n","protected":false},"excerpt":{"rendered":"\u00abAlle\u00bb venter tidenes st\u00f8rste julehandel&nbsp;&nbsp;mn24.no Nyhende, Husnes | Her er julehandelen i gang: \u2013 Vaksne damer er i&hellip;\n","protected":false},"author":2,"featured_media":86519,"comment_status":"","ping_status":"","sticky":false,"template":"","format":"standard","meta":{"footnotes":""},"categories":[10],"tags":[10785,9736,20,21,3884,1790,6809,24,25,15,7852,11509,22,23,13,30,28,29,14,16,26,27,11508],"class_list":{"0":"post-86518","1":"post","2":"type-post","3":"status-publish","4":"format-standard","5":"has-post-thumbnail","7":"category-norge","8":"tag-black-friday","9":"tag-black-week","10":"tag-breaking-news","11":"tag-breakingnews","12":"tag-butikk","13":"tag-butikker","14":"tag-byhaven","15":"tag-featured-news","16":"tag-featurednews","17":"tag-headlines","18":"tag-julehandel","19":"tag-kampanjer","20":"tag-latest-news","21":"tag-latestnews","22":"tag-news","23":"tag-no","24":"tag-norge","25":"tag-norway","26":"tag-nyheter","27":"tag-overskrifter","28":"tag-top-stories","29":"tag-topstories","30":"tag-virke"},"share_on_mastodon":{"url":"https:\/\/pubeurope.com\/@no\/115544260866253431","error":""},"_links":{"self":[{"href":"https:\/\/www.europesays.com\/no\/wp-json\/wp\/v2\/posts\/86518","targetHints":{"allow":["GET"]}}],"collection":[{"href":"https:\/\/www.europesays.com\/no\/wp-json\/wp\/v2\/posts"}],"about":[{"href":"https:\/\/www.europesays.com\/no\/wp-json\/wp\/v2\/types\/post"}],"author":[{"embeddable":true,"href":"https:\/\/www.europesays.com\/no\/wp-json\/wp\/v2\/users\/2"}],"replies":[{"embeddable":true,"href":"https:\/\/www.europesays.com\/no\/wp-json\/wp\/v2\/comments?post=86518"}],"version-history":[{"count":0,"href":"https:\/\/www.europesays.com\/no\/wp-json\/wp\/v2\/posts\/86518\/revisions"}],"wp:featuredmedia":[{"embeddable":true,"href":"https:\/\/www.europesays.com\/no\/wp-json\/wp\/v2\/media\/86519"}],"wp:attachment":[{"href":"https:\/\/www.europesays.com\/no\/wp-json\/wp\/v2\/media?parent=86518"}],"wp:term":[{"taxonomy":"category","embeddable":true,"href":"https:\/\/www.europesays.com\/no\/wp-json\/wp\/v2\/categories?post=86518"},{"taxonomy":"post_tag","embeddable":true,"href":"https:\/\/www.europesays.com\/no\/wp-json\/wp\/v2\/tags?post=86518"}],"curies":[{"name":"wp","href":"https:\/\/api.w.org\/{rel}","templated":true}]}}