{"id":86520,"date":"2025-11-13T20:25:47","date_gmt":"2025-11-13T20:25:47","guid":{"rendered":"https:\/\/www.europesays.com\/no\/86520\/"},"modified":"2025-11-13T20:25:47","modified_gmt":"2025-11-13T20:25:47","slug":"sjekk-luksusvesken-til-600-000-kroner","status":"publish","type":"post","link":"https:\/\/www.europesays.com\/no\/86520\/","title":{"rendered":"Sjekk luksusvesken til 600 000 kroner!"},"content":{"rendered":"<p class=\"kicker \" style=\"\">Erling Braut Haaland<\/p>\n<p>  Sjekk prislappen p\u00e5 Haaland-vesken.<\/p>\n<p>\n    HENDENE FULLE: Erling Braut Haaland p\u00e5 vei fra privatflyet p\u00e5 Gardermoen med ny luksusveske. Foto: Bj\u00f8rn Langsem \/ Dagbladet.\n  <\/p>\n<p>Torsdag kveld er det duket for skjebnekampen mot Estland p\u00e5 Ullev\u00e5l Stadion. Og med seier her lever VM-dr\u00f8mmen i aller beste velg\u00e5ende.\u00a0<\/p>\n<p>Tidigere denne uken ble\u00a0Erling Braut Haaland og Isabel Haugseng Johansen avbildet idet de to var p\u00e5 vei fra privatflyet til terminalen p\u00e5 Gardermoen.<\/p>\n<p>    <a itemprop=\"url\" href=\"https:\/\/www.kk.no\/livet\/disse-kommer-i-kveld\/83845775\" rel=\"nofollow noopener\" target=\"_blank\"><\/p>\n<p>      <img loading=\"lazy\" decoding=\"async\" src=\"https:\/\/www.europesays.com\/no\/wp-content\/uploads\/2025\/11\/83845799.webp\" width=\"980\" height=\"441\" title=\"Disse kommer i kveld\" alt=\"\" class=\"lazyload\" style=\"--aspect-ratio-image: 2.22; \"\/><\/p>\n<p>        Disse kommer i kveld<\/p>\n<p>    <\/a><\/p>\n<p>    <a itemprop=\"url\" href=\"https:\/\/www.kk.no\/mote\/dukket-opp-med-sjelden-luksusveske-til-flere-millioner\/83373919\" rel=\"nofollow noopener\" target=\"_blank\"><\/p>\n<p>      <img loading=\"lazy\" decoding=\"async\" src=\"https:\/\/www.europesays.com\/no\/wp-content\/uploads\/2025\/11\/83374007.webp\" width=\"980\" height=\"441\" title=\"Dukket opp med sjelden luksusveske til flere millioner\" alt=\"\" class=\"lazyload\" style=\"--aspect-ratio-image: 2.22; \"\/><\/p>\n<p>        Dukket opp med sjelden luksusveske til flere millioner <\/p>\n<p>    <\/a><\/p>\n<p class=\"font-weight-bold m-font-weight-bold\" data-lab-font_weight=\"font-weight-bold\">Hun med s\u00f8nnen p\u00e5 armen og han med nok en noks\u00e5 oppsiktsvekkende veske.\u00a0<\/p>\n<p class=\"font-weight-bold m-font-weight-bold\" data-lab-font_weight=\"font-weight-bold\">\u2013 \u00c5h, fytti, sa Ida Elise Eide Einarsd\u00f3ttir, moteansvarlig i KK til <a href=\"https:\/\/www.dagbladet.no\/sport\/ah-fytti\/83834486\" rel=\"nofollow noopener\" target=\"_blank\">Dagbladet<\/a> da.\u00a0<\/p>\n<p class=\"font-weight-bold m-font-weight-bold\" data-lab-font_weight=\"font-weight-bold\">Til KK utdyper hun om Haalands veske:<\/p>\n<p class=\"font-weight-bold m-font-weight-bold\" data-lab-font_weight=\"font-weight-bold\">\u2013 Vent, er det en veske i vesken? Det ser s\u00e5nn ut, en slags \u00abhans og hennes\u00bb. Det m\u00e5 v\u00e6re toppen av luksus, sier hun.<\/p>\n<p>          <img loading=\"lazy\" decoding=\"async\" src=\"https:\/\/www.europesays.com\/no\/wp-content\/uploads\/2025\/11\/83847453.webp\" width=\"980\" height=\"1470\" title=\"MATCHET DRAKTEN: Johansen i City-drakt og med matchende Chanel-veske. Foto: NTB.\" alt=\"\" class=\"\" style=\"--aspect-ratio-image: 0.67; \"\/><\/p>\n<p>\n          MATCHET DRAKTEN: Johansen i City-drakt og med matchende Chanel-veske. Foto: NTB.\n      <\/p>\n<p class=\"font-weight-bold m-font-weight-bold\" data-lab-font_weight=\"font-weight-bold\">Vesken, en Herm\u00e8s Birkin HAC Rock 40, er visstnok sv\u00e6rt vanskelig \u00e5 f\u00e5 tak i.\u00a0<\/p>\n<p class=\"font-weight-bold m-font-weight-bold\" data-lab-font_weight=\"font-weight-bold\">\u00a0\u2013 Ja, den er ikke tilgjengelig for folk flest, men er et samlerobjekt som selges via auksjon eller p\u00e5 annenh\u00e5ndsmarkedet.<\/p>\n<p class=\"font-weight-bold m-font-weight-bold\" data-lab-font_weight=\"font-weight-bold\">En annen ting er prisen p\u00e5 denne vesken.<\/p>\n<p>    <a itemprop=\"url\" href=\"https:\/\/www.kk.no\/mote\/gjor-comeback\/83350045\" rel=\"nofollow noopener\" target=\"_blank\"><\/p>\n<p>      <img loading=\"lazy\" decoding=\"async\" src=\"https:\/\/www.europesays.com\/no\/wp-content\/uploads\/2025\/11\/83350305.webp\" width=\"980\" height=\"441\" title=\"\u2013 Gj\u00f8r comeback\" alt=\"\" class=\"lazyload\" style=\"--aspect-ratio-image: 2.22; \"\/><\/p>\n<p>        \u2013 Gj\u00f8r comeback<\/p>\n<p>    <\/a><\/p>\n<p class=\"font-weight-bold m-font-weight-bold\" data-lab-font_weight=\"font-weight-bold\">\u2013 Det er svindyr luksus. Prislappen p\u00e5 denne vesken kommer fort opp i 600 000 kroner, fortsetter Einarsd\u00f3ttir.\u00a0<\/p>\n<p class=\"font-weight-bold m-font-weight-bold\" data-lab-font_weight=\"font-weight-bold\">Vesken kommer alts\u00e5 i sv\u00e6rt begrenset opplag, og er basert p\u00e5 den originale\u00a0Haut \u00e0 Courroies (HAC)-modellen, som var Herm\u00e8s&#8217; f\u00f8rste reiseveske introdusert allerede i 1892.<\/p>\n<p class=\"font-weight-bold m-font-weight-bold\" data-lab-font_weight=\"font-weight-bold\">\u2013 En skikkelig godbit der alts\u00e5. Paret har etter hvert en noks\u00e5 imponerende samling av vesker. Mange er sjeldne og for spesielt interesserte. Til felles har de at de er svindyre, forteller Einarsd\u00f3ttir.<\/p>\n<p>    <a itemprop=\"url\" href=\"https:\/\/www.kk.no\/mote\/vekker-oppsikt-det-er-det-soteste-jeg-har-sett\/83278033\" rel=\"nofollow noopener\" target=\"_blank\"><\/p>\n<p>      <img loading=\"lazy\" decoding=\"async\" src=\"https:\/\/www.europesays.com\/no\/wp-content\/uploads\/2025\/11\/83278058.webp\" width=\"980\" height=\"441\" title=\"Vekker oppsikt: - Det er det s\u00f8teste jeg har sett\" alt=\"\" class=\"lazyload\" style=\"--aspect-ratio-image: 2.22; \"\/><\/p>\n<p>        Vekker oppsikt: &#8211; Det er det s\u00f8teste jeg har sett<\/p>\n<p>    <\/a><\/p>\n<p>          <img loading=\"lazy\" decoding=\"async\" src=\"https:\/\/www.europesays.com\/no\/wp-content\/uploads\/2025\/11\/1763065538_333_81565280.webp\" width=\"980\" height=\"1470\" title=\"Ida Elise Eide Einarsd\u00f3ttir er moteansvarlig i KK. Foto: Polina Vinogradova.\" alt=\"\" class=\"\" style=\"--aspect-ratio-image: 0.67; \"\/><\/p>\n<p>\n          Ida Elise Eide Einarsd\u00f3ttir er moteansvarlig i KK. Foto: Polina Vinogradova.\n      <\/p>\n<p class=\"font-weight-bold m-font-weight-bold\" data-lab-font_weight=\"font-weight-bold\">\u2013 God smak har de begge. Det er det ingen tvil om. Veskene de har er ikke hvilke som helst, men vesker med en helt spesiell \u00abstanding\u00bb motemessig. Ingen dum investering, faktisk, fortsetter hun.\u00a0<\/p>\n<p>    <a itemprop=\"url\" href=\"https:\/\/www.kk.no\/mote\/motebombe\/82084257\" rel=\"nofollow noopener\" target=\"_blank\"><\/p>\n<p>      <img loading=\"lazy\" decoding=\"async\" src=\"https:\/\/www.europesays.com\/no\/wp-content\/uploads\/2025\/11\/82080055.webp\" width=\"980\" height=\"441\" title=\"Pris p\u00e5 veske vekker oppsikt\" alt=\"\" class=\"lazyload\" style=\"--aspect-ratio-image: 2.22; \"\/><\/p>\n<p>        Pris p\u00e5 veske vekker oppsikt<\/p>\n<p>    <\/a><\/p>\n<p class=\"font-weight-bold m-font-weight-bold\" data-lab-font_weight=\"font-weight-bold\">Haaland har selv lagt ut bilde med vesken p\u00e5 sin Instagram. P\u00e5 bildet har han med seg en trillekoffert. Og heller ikke det er en hvilken som helst en.<\/p>\n<p>          <img loading=\"lazy\" decoding=\"async\" src=\"https:\/\/www.europesays.com\/no\/wp-content\/uploads\/2025\/11\/83847465.webp\" width=\"980\" height=\"657\" title=\"LUKSUSDESIGN: Med Louis Vuitton-veske p\u00e5 armen. Foto: NTB.\" alt=\"\" class=\"\" style=\"--aspect-ratio-image: 1.49; \"\/><\/p>\n<p>\n          LUKSUSDESIGN: Med Louis Vuitton-veske p\u00e5 armen. Foto: NTB.\n      <\/p>\n<p class=\"font-weight-bold m-font-weight-bold\" data-lab-font_weight=\"font-weight-bold\">\u2013 Denne er fra Goyard. Det ser man p\u00e5 det tradisjonelle og etter hvert ikoniske h\u00e5ndmalte monogramm\u00f8nsteret. Et fransk luksusmerke grunnlagt i Paris i 1853. Og prisen p\u00e5 kofferten? Et sted mellom 130 000 og 300 000 kroner ny.\u00a0<\/p>\n<p>    <a itemprop=\"url\" href=\"https:\/\/www.kk.no\/mote\/moteekspert-ikke-tilfeldig\/80124762\" rel=\"nofollow noopener\" target=\"_blank\"><\/p>\n<p>      <img loading=\"lazy\" decoding=\"async\" src=\"https:\/\/www.europesays.com\/no\/wp-content\/uploads\/2025\/11\/80124956.webp\" width=\"980\" height=\"441\" title=\"Moteekspert: \u2013 Ikke tilfeldig\" alt=\"\" class=\"lazyload\" style=\"--aspect-ratio-image: 2.22; \"\/><\/p>\n<p>        Moteekspert: \u2013 Ikke tilfeldig<\/p>\n<p>    <\/a><\/p>\n<p class=\"font-weight-bold m-font-weight-bold\" data-lab-font_weight=\"font-weight-bold\">Men det er ikke Haaland som har den dyreste vesken. Den tilh\u00f8rer Johansen.\u00a0<\/p>\n<p class=\"font-weight-bold m-font-weight-bold\" data-lab-font_weight=\"font-weight-bold\">Johansen skapte overskrifter da hun i sommer dukket opp med en av verdens dyreste vesker; en\u00a0Herm\u00e8s Birkin 25 Himalaya Niloticus-krokodilleveske.<\/p>\n<p>          <img loading=\"lazy\" decoding=\"async\" src=\"https:\/\/www.europesays.com\/no\/wp-content\/uploads\/2025\/11\/83847454.webp\" width=\"980\" height=\"1176\" title=\"VERDENS DYRESTE: Den sjeldne Herm\u00e8s-vesken er blant verdens dyreste. Foto: Instagram @isabellaa.\" alt=\"\" class=\"\" style=\"--aspect-ratio-image: 0.83; \"\/><\/p>\n<p>\n          VERDENS DYRESTE: Den sjeldne Herm\u00e8s-vesken er blant verdens dyreste. Foto: Instagram @isabellaa.\n      <\/p>\n<p class=\"font-weight-bold m-font-weight-bold\" data-lab-font_weight=\"font-weight-bold\">Og prislappen? 4,5 millioner kroner.<\/p>\n<p class=\"font-weight-bold m-font-weight-bold\" data-lab-font_weight=\"font-weight-bold\">\u2013 Da blir jo Haalands nye veske bare sm\u00e5tteri i forhold, fortsetter Einarsd\u00f3ttir.<\/p>\n<p class=\"font-weight-bold m-font-weight-bold\" data-lab-font_weight=\"font-weight-bold\">Kampen mellom Norge og Estland starter klokken 18 i kveld, torsdag.<\/p>\n","protected":false},"excerpt":{"rendered":"Erling Braut Haaland Sjekk prislappen p\u00e5 Haaland-vesken. HENDENE FULLE: Erling Braut Haaland p\u00e5 vei fra privatflyet p\u00e5 Gardermoen&hellip;\n","protected":false},"author":2,"featured_media":86521,"comment_status":"","ping_status":"","sticky":false,"template":"","format":"standard","meta":{"footnotes":""},"categories":[59],"tags":[810,92,4028,6091,4402,4871,11510,4024,30,28,29,83,82,7717],"class_list":{"0":"post-86520","1":"post","2":"type-post","3":"status-publish","4":"format-standard","5":"has-post-thumbnail","7":"category-sport","8":"tag-erling-braut-haaland","9":"tag-fotball","10":"tag-hermes","11":"tag-isabel-haugseng-johansen","12":"tag-landskamp","13":"tag-luksusmote","14":"tag-luksusvesker","15":"tag-mote","16":"tag-no","17":"tag-norge","18":"tag-norway","19":"tag-sport","20":"tag-sports","21":"tag-veske"},"share_on_mastodon":{"url":"https:\/\/pubeurope.com\/@no\/115544272865925024","error":""},"_links":{"self":[{"href":"https:\/\/www.europesays.com\/no\/wp-json\/wp\/v2\/posts\/86520","targetHints":{"allow":["GET"]}}],"collection":[{"href":"https:\/\/www.europesays.com\/no\/wp-json\/wp\/v2\/posts"}],"about":[{"href":"https:\/\/www.europesays.com\/no\/wp-json\/wp\/v2\/types\/post"}],"author":[{"embeddable":true,"href":"https:\/\/www.europesays.com\/no\/wp-json\/wp\/v2\/users\/2"}],"replies":[{"embeddable":true,"href":"https:\/\/www.europesays.com\/no\/wp-json\/wp\/v2\/comments?post=86520"}],"version-history":[{"count":0,"href":"https:\/\/www.europesays.com\/no\/wp-json\/wp\/v2\/posts\/86520\/revisions"}],"wp:featuredmedia":[{"embeddable":true,"href":"https:\/\/www.europesays.com\/no\/wp-json\/wp\/v2\/media\/86521"}],"wp:attachment":[{"href":"https:\/\/www.europesays.com\/no\/wp-json\/wp\/v2\/media?parent=86520"}],"wp:term":[{"taxonomy":"category","embeddable":true,"href":"https:\/\/www.europesays.com\/no\/wp-json\/wp\/v2\/categories?post=86520"},{"taxonomy":"post_tag","embeddable":true,"href":"https:\/\/www.europesays.com\/no\/wp-json\/wp\/v2\/tags?post=86520"}],"curies":[{"name":"wp","href":"https:\/\/api.w.org\/{rel}","templated":true}]}}