{"id":86529,"date":"2025-11-13T20:34:10","date_gmt":"2025-11-13T20:34:10","guid":{"rendered":"https:\/\/www.europesays.com\/no\/86529\/"},"modified":"2025-11-13T20:34:10","modified_gmt":"2025-11-13T20:34:10","slug":"raser-mot-hertuginne-meghan-smaklost","status":"publish","type":"post","link":"https:\/\/www.europesays.com\/no\/86529\/","title":{"rendered":"Raser mot hertuginne Meghan: &#8211; Smakl\u00f8st"},"content":{"rendered":"<p class=\"kicker \" style=\"\">Prins Harry og hertuginne Meghan:\u00a0<\/p>\n<p>  Hertugparet er nok en gang i hardt v\u00e6r &#8211; denne gangen etter at de deltok i en bursdagsfeiring der de kanskje burde glimret med sitt frav\u00e6r.<\/p>\n<p>\n    FULL FORVIRRING: Prins Harry og hertuginne Meghan dukket opp p\u00e5 bilder fra bursdagsfesten til Kris Jenner &#8211; i etterkant ble bildene fjernet. Foto: NTB\n  <\/p>\n<p>Det var kjendistungt da Hollywood-stjernen Kris Jenner inviterte kjendiseliten til sitt storsl\u00e5tte 70-\u00e5rslag tidligere denne uken.<\/p>\n<p>    <a itemprop=\"url\" href=\"https:\/\/www.seher.no\/kjendis\/rykket-ut-til-kjendisfest\/83830615\" rel=\"nofollow noopener\" target=\"_blank\"><\/p>\n<p>      <img loading=\"lazy\" decoding=\"async\" src=\"https:\/\/www.europesays.com\/no\/wp-content\/uploads\/2025\/11\/1763066048_518_83830638.webp\" width=\"980\" height=\"441\" title=\"Rykket ut til kjendisfest\" alt=\"\" class=\"lazyload\" style=\"--aspect-ratio-image: 2.22; \"\/><\/p>\n<p>        Rykket ut til kjendisfest<\/p>\n<p>    <\/a><\/p>\n<p>Feiringen ble avholdt i Amazon-gr\u00fcnder Jeff Bezos (61) herskapelige eiendom i Beverly Hills, og p\u00e5 gjestelisten var det celebriteter som Mariah Carey (56), ekteparet Justin (31) og Hailey Bieber (28), Oprah Winfrey (71), Vin Diesel (58) &#8211; og prins Harry (41) og hertuginne Meghan (44).\u00a0<\/p>\n<p class=\"font-weight-bold m-font-weight-bold\" data-lab-font_weight=\"font-weight-bold\">Det var nemlig ikke p\u00e5 bingokortet til s\u00e5 mange at Harry og Meghan skulle delta p\u00e5 den glamor\u00f8se feiringen til realitystjernen.\u00a0<\/p>\n<p>          <img loading=\"lazy\" decoding=\"async\" src=\"https:\/\/www.europesays.com\/no\/wp-content\/uploads\/2025\/11\/83830357.webp\" width=\"686\" height=\"577\" title=\"TATT P\u00c5 FERSKEN: Meghan og Harry i bilen som fraktet dem til Kris Jenners bursdagsfest. Foto: EVGA, PORJ \/ BACKGRID \/ NTB\" alt=\"\" class=\"\" style=\"--aspect-ratio-image: 1.19; \"\/><\/p>\n<p>\n          TATT P\u00c5 FERSKEN: Meghan og Harry i bilen som fraktet dem til Kris Jenners bursdagsfest. Foto: EVGA, PORJ \/ BACKGRID \/ NTB\n      <\/p>\n<p>          <img loading=\"lazy\" decoding=\"async\" src=\"https:\/\/www.europesays.com\/no\/wp-content\/uploads\/2025\/11\/83830047.webp\" width=\"686\" height=\"947\" title=\"H\u00c5ND I H\u00c5ND: Prins Harry og hertuginne Meghan var elegant antrukket for anledningen. Hun if\u00f8rt en kjole med h\u00f8y splitt - han ikledd en skreddersydd dress med tversoversl\u00f8yfe. Foto: Backgrid \/ NTB\" alt=\"\" class=\"\" style=\"--aspect-ratio-image: 0.72; \"\/><\/p>\n<p>\n          H\u00c5ND I H\u00c5ND: Prins Harry og hertuginne Meghan var elegant antrukket for anledningen. Hun if\u00f8rt en kjole med h\u00f8y splitt &#8211; han ikledd en skreddersydd dress med tversoversl\u00f8yfe. Foto: Backgrid \/ NTB\n      <\/p>\n<p>&#8211; De ankom h\u00e5nd og h\u00e5nd, og s\u00e5 egentlig veldig glade og tilfredse ut. Meghan str\u00e5lte i en sort kjole med splitt. Hun s\u00e5 riktig glamor\u00f8s ut! uttalte en kilde til\u00a0<a href=\"https:\/\/people.com\/kim-kardashian-kris-jenner-delete-photos-with-meghan-markle-prince-harry-70th-birthday-party-11847397\" rel=\"nofollow noopener\" target=\"_blank\">People Magazine<\/a>.<\/p>\n<p>    <a itemprop=\"url\" href=\"https:\/\/www.seher.no\/kjendis\/ikke-skilt-ma-sporre-louise\/83845844\" rel=\"nofollow noopener\" target=\"_blank\"><\/p>\n<p>      <img loading=\"lazy\" decoding=\"async\" src=\"https:\/\/www.europesays.com\/no\/wp-content\/uploads\/2025\/11\/83846622.webp\" width=\"147\" height=\"98\" title=\"Ikke skilt: - M\u00e5 sp\u00f8rre Louise\" alt=\"\" class=\"lazyload\" style=\"--aspect-ratio-image: 1.50; \"\/><\/p>\n<p>        Ikke skilt: &#8211; M\u00e5 sp\u00f8rre Louise<\/p>\n<p>    <\/a><\/p>\n<p>B\u00e5de Kris og hennes verdenskjente datter Kim Kardashian (45) har delt flere bilder fra festlighetene, hvor man blant annet kunne se hertugparet menge seg mot Hollywood-eliten.<\/p>\n<p class=\"font-weight-bold m-font-weight-bold\" data-lab-font_weight=\"font-weight-bold\">Men siden har bildene av Harry og Meghan p\u00e5 mystisk vis forsvunnet fra deres respektive Instagram-kontoer.\u00a0<\/p>\n<p class=\"font-weight-light m-font-weight-light\" data-lab-font_weight=\"font-weight-light\">Mer om det kan du lese i denne saken under her:\u00a0<\/p>\n<p>    <a itemprop=\"url\" href=\"https:\/\/www.seher.no\/kjendis\/fjernet-bildene-av-hertugparet\/83839325\" rel=\"nofollow noopener\" target=\"_blank\"><\/p>\n<p>      <img loading=\"lazy\" decoding=\"async\" src=\"https:\/\/www.europesays.com\/no\/wp-content\/uploads\/2025\/11\/1763066050_802_83839362.webp\" width=\"147\" height=\"100\" title=\"Fjernet bildene av Meghan og Harry\" alt=\"\" class=\"lazyload\" style=\"--aspect-ratio-image: 1.47; \"\/><\/p>\n<p>        Fjernet bildene av Meghan og Harry<\/p>\n<p>    <\/a><\/p>\n<p class=\"font-weight-light m-font-weight-light\" data-lab-font_weight=\"font-weight-light\">N\u00e5 spekuleres det p\u00e5 at bildene av Meghan og Harry fra bursdagsfesten skal ha forsvunnet etter \u00f8nske fra ekteparets PR-ansvarlige.<\/p>\n<p><a href=\"https:\/\/nypost.com\/2025\/11\/11\/entertainment\/kris-jenner-kim-kardashian-delete-photos-of-meghan-markle-prince-harry-at-70th-birthday-party\/\" rel=\"nofollow noopener\" target=\"_blank\">I New York Post<\/a> p\u00e5pekes det nemlig av en kilde med n\u00e6r tilknytning til Buckingham Palace, at en slik bursdagsfest &#8211; arrangert av og med en kjendiselite &#8211; ikke er noe de rojale skal frekventere p\u00e5.<\/p>\n<p>        NY FORR\u00c6DER: Kan denne detaljen avsl\u00f8re hvem Rasmus velger? Video: \u00abForr\u00e6der\u00bb\/ TV 2\/ R\u00f8d L\u00f8per<\/p>\n<p class=\"font-weight-bold m-font-weight-bold\" data-lab-font_weight=\"font-weight-bold\">&#8211; Det er s\u00e5 smakl\u00f8st. Det viser virkelig at Harry er s\u00e5 langt fra resten av familien. De er kanskje stjerner i Amerika, men hans gj\u00f8ren og laden denne uken st\u00e5r i sterk kontrast til det prins William fors\u00f8ker \u00e5 gj\u00f8re med sitt liv som kommende monark! sier kilden til avisen.<\/p>\n<p class=\"italic m-italic font-weight-light m-font-weight-light\" data-lab-font_weight=\"font-weight-light\" data-lab-italic=\"italic\">Verken Harry og Meghan eller Kris og Kim har s\u00e5 langt kommentert \u00e5rsaken til at bildene br\u00e5tt ble fjernet fra sosiale medier.<\/p>\n","protected":false},"excerpt":{"rendered":"Prins Harry og hertuginne Meghan:\u00a0 Hertugparet er nok en gang i hardt v\u00e6r &#8211; denne gangen etter at&hellip;\n","protected":false},"author":2,"featured_media":86530,"comment_status":"","ping_status":"","sticky":false,"template":"","format":"standard","meta":{"footnotes":""},"categories":[58],"tags":[4104,71,1299,1861,76,3586,30,28,29,75,72],"class_list":{"0":"post-86529","1":"post","2":"type-post","3":"status-publish","4":"format-standard","5":"has-post-thumbnail","7":"category-underholdning","8":"tag-eksklusivt","9":"tag-entertainment","10":"tag-hertuginne-meghan","11":"tag-kim-kardashian","12":"tag-kongelig","13":"tag-kris-jenner","14":"tag-no","15":"tag-norge","16":"tag-norway","17":"tag-prins-harry","18":"tag-underholdning"},"share_on_mastodon":{"url":"https:\/\/pubeurope.com\/@no\/115544304496533623","error":""},"_links":{"self":[{"href":"https:\/\/www.europesays.com\/no\/wp-json\/wp\/v2\/posts\/86529","targetHints":{"allow":["GET"]}}],"collection":[{"href":"https:\/\/www.europesays.com\/no\/wp-json\/wp\/v2\/posts"}],"about":[{"href":"https:\/\/www.europesays.com\/no\/wp-json\/wp\/v2\/types\/post"}],"author":[{"embeddable":true,"href":"https:\/\/www.europesays.com\/no\/wp-json\/wp\/v2\/users\/2"}],"replies":[{"embeddable":true,"href":"https:\/\/www.europesays.com\/no\/wp-json\/wp\/v2\/comments?post=86529"}],"version-history":[{"count":0,"href":"https:\/\/www.europesays.com\/no\/wp-json\/wp\/v2\/posts\/86529\/revisions"}],"wp:featuredmedia":[{"embeddable":true,"href":"https:\/\/www.europesays.com\/no\/wp-json\/wp\/v2\/media\/86530"}],"wp:attachment":[{"href":"https:\/\/www.europesays.com\/no\/wp-json\/wp\/v2\/media?parent=86529"}],"wp:term":[{"taxonomy":"category","embeddable":true,"href":"https:\/\/www.europesays.com\/no\/wp-json\/wp\/v2\/categories?post=86529"},{"taxonomy":"post_tag","embeddable":true,"href":"https:\/\/www.europesays.com\/no\/wp-json\/wp\/v2\/tags?post=86529"}],"curies":[{"name":"wp","href":"https:\/\/api.w.org\/{rel}","templated":true}]}}