{"id":86533,"date":"2025-11-13T20:36:09","date_gmt":"2025-11-13T20:36:09","guid":{"rendered":"https:\/\/www.europesays.com\/no\/86533\/"},"modified":"2025-11-13T20:36:09","modified_gmt":"2025-11-13T20:36:09","slug":"nyhet-bank-full-krise-i-den-lokale-banken-toppsjefen-ble-sagt-opp-pa-dagen-glamdalen","status":"publish","type":"post","link":"https:\/\/www.europesays.com\/no\/86533\/","title":{"rendered":"Nyhet, Bank | Full krise i den lokale banken: Toppsjefen ble sagt opp p\u00e5 dagen &#8211; Gl\u00e5mdalen"},"content":{"rendered":"<ol>\n<li><a href=\"https:\/\/news.google.com\/rss\/articles\/CBMipgFBVV95cUxNOW8ya1MtUEs4MmdDclZ1NTA4cVJvdXI3NjJOcnhhTU96d1k4TE5wZFFERVRhMkhZejdyMHUyMEVSZE5ZWjFveWpud0xXdGZKbzlvSnFERFlRRmo5cFNHYmNMVVp1Mk5OZVBxLW94cnp2V0tISENZRTJZMUYtemQ0Qm1OY001NDRGXzllWHphbGJ1Y2EtSEtRLVVsblNqak5NWmJXdXVB?oc=5\" target=\"_blank\" rel=\"nofollow noopener\">Nyhet, Bank | Full krise i den lokale banken: Toppsjefen ble sagt opp p\u00e5 dagen<\/a>&nbsp;&nbsp;Gl\u00e5mdalen<\/li>\n<li><a href=\"https:\/\/news.google.com\/rss\/articles\/CBMihAFBVV95cUxQelA0elF3bFlhcjlPQnhUTzdqZkdfbU92dTJHUGpMblc2Q296XzZZa1c3UkFudTAxbkI2bTYwTmYyN05XVEpSc3plM0dFb2FVYWdBYkl1Q09BdFZ3TllFWFVhYlRYWm9paVF2SEo3VzhrRXkxTE1abjU3Ty1OX1lGNHpjODE?oc=5\" target=\"_blank\" rel=\"nofollow noopener\">Nyheter, N\u00e6ringsbanken | Full krise: Lillehamring ble sagt opp p\u00e5 dagen<\/a>&nbsp;&nbsp;Gudbrandsd\u00f8len Dagningen<\/li>\n<li><a href=\"https:\/\/news.google.com\/rss\/articles\/CBMie0FVX3lxTE1zc2U5TTdsTjloVFFkTmc5RlNaV1UxN0NGRmNqS0ZQZkh0eUZ5M29kSEtqUFNJZTM4NUlLVTRLS0dQX2pBbGpqLS15M0FkQXNtY3g1REliX1pubkJEb002RUYzazhpY3dneC05TGw1QUdFSjlEblg2MThiUQ?oc=5\" target=\"_blank\" rel=\"nofollow noopener\">N\u00e6ringsbanken med nye minustall<\/a>&nbsp;&nbsp;Dagens N\u00e6ringsliv<\/li>\n<li><a href=\"https:\/\/news.google.com\/rss\/articles\/CBMiwgFBVV95cUxQd3FPYUJNVFJSLUljNE00Z1V4NExwNmdZY2g3ZmVwWDhSTzdmUTVjejFNMEN0QVJSUThJMENraXFlUk04MGxIc3g1Unh4VGU2N3pJWThCQ0ZyeTg3Y19JWVFCSnFkN3ltcThzOTBqVU1ZN2E3SzJzeDZfME9YbGxXUmRwVUJicTdSTzhqZnJlMFAzQWZldEF5WllyczhrMjk3YzliV3hBU2tXQndnLU56QzRPZFZ4U0pZZUEwVFFDYzRWQQ?oc=5\" target=\"_blank\" rel=\"nofollow noopener\">Full krise i N\u00e6ringsbanken: Tapte 54 millioner kroner i tredje kvartal<\/a>&nbsp;&nbsp;Finansavisen<\/li>\n<li><a href=\"https:\/\/news.google.com\/rss\/articles\/CBMiZkFVX3lxTE9fTWFGZElmVnlib1c2Y3Q5ZUIwRm12RVBrdkJPVEVrMXVrZm1lQlRFSG92UWFIWk9kLVJCWjBvZkw1aDBiRGE5T3NKVE11ZTcwU2Q5ZzVUY1JsbHhPZGVVTWdqQVg5dw?oc=5\" target=\"_blank\" rel=\"nofollow noopener\">N\u00e6ringsbanken tapte 54 mill. etter skatt<\/a>&nbsp;&nbsp;finanswatch.no<\/li>\n<\/ol>\n","protected":false},"excerpt":{"rendered":"Nyhet, Bank | Full krise i den lokale banken: Toppsjefen ble sagt opp p\u00e5 dagen&nbsp;&nbsp;Gl\u00e5mdalen Nyheter, N\u00e6ringsbanken |&hellip;\n","protected":false},"author":2,"featured_media":86483,"comment_status":"","ping_status":"","sticky":false,"template":"","format":"standard","meta":{"footnotes":""},"categories":[56],"tags":[60,61,62,30,28,29],"class_list":{"0":"post-86533","1":"post","2":"type-post","3":"status-publish","4":"format-standard","5":"has-post-thumbnail","7":"category-naeringsliv","8":"tag-business","9":"tag-economy","10":"tag-naeringsliv","11":"tag-no","12":"tag-norge","13":"tag-norway"},"share_on_mastodon":{"url":"https:\/\/pubeurope.com\/@no\/115544311973093225","error":""},"_links":{"self":[{"href":"https:\/\/www.europesays.com\/no\/wp-json\/wp\/v2\/posts\/86533","targetHints":{"allow":["GET"]}}],"collection":[{"href":"https:\/\/www.europesays.com\/no\/wp-json\/wp\/v2\/posts"}],"about":[{"href":"https:\/\/www.europesays.com\/no\/wp-json\/wp\/v2\/types\/post"}],"author":[{"embeddable":true,"href":"https:\/\/www.europesays.com\/no\/wp-json\/wp\/v2\/users\/2"}],"replies":[{"embeddable":true,"href":"https:\/\/www.europesays.com\/no\/wp-json\/wp\/v2\/comments?post=86533"}],"version-history":[{"count":0,"href":"https:\/\/www.europesays.com\/no\/wp-json\/wp\/v2\/posts\/86533\/revisions"}],"wp:featuredmedia":[{"embeddable":true,"href":"https:\/\/www.europesays.com\/no\/wp-json\/wp\/v2\/media\/86483"}],"wp:attachment":[{"href":"https:\/\/www.europesays.com\/no\/wp-json\/wp\/v2\/media?parent=86533"}],"wp:term":[{"taxonomy":"category","embeddable":true,"href":"https:\/\/www.europesays.com\/no\/wp-json\/wp\/v2\/categories?post=86533"},{"taxonomy":"post_tag","embeddable":true,"href":"https:\/\/www.europesays.com\/no\/wp-json\/wp\/v2\/tags?post=86533"}],"curies":[{"name":"wp","href":"https:\/\/api.w.org\/{rel}","templated":true}]}}