{"id":86538,"date":"2025-11-13T20:45:39","date_gmt":"2025-11-13T20:45:39","guid":{"rendered":"https:\/\/www.europesays.com\/no\/86538\/"},"modified":"2025-11-13T20:45:39","modified_gmt":"2025-11-13T20:45:39","slug":"senterapning-og-mcdonalds-med-snorklipping-og-mye-folk","status":"publish","type":"post","link":"https:\/\/www.europesays.com\/no\/86538\/","title":{"rendered":"Senter\u00e5pning og McDonalds med snorklipping og mye folk"},"content":{"rendered":"<p>\n        Senterleder Gry Harbu \u00f8nsket velkommen sammen med Stian Kjellhov i Tellus Eiendom og med ordf\u00f8rer Adrian Tollefsen som snorklipper og taler.<br \/>\n        FOTO: ROY HANSEN \/ EIKERNYTT.NO\n    <\/p>\n<p>    Eiker Senter har f\u00e5tt ny hovedinngang og f\u00e5tt en real ansiktsl\u00f8ftning ut mot E134. I tillegg \u00e5pnet McDonalds sin nye restaurant. Begge begivenhetene ble markert med snorklipping av ordf\u00f8rer Adrian Tollefsen.<\/p>\n<p>\u00d8VRE EIKER: Eiker Senter har med dette f\u00e5tt et skikkelig l\u00f8ft og blitt langt mer synlig mot hovedveien E134. Det igjen gir h\u00e5p om enda bedre bes\u00f8kstall og det er viktig \u2013 ikke minst for nykommeren McDonalds. Mange vil nok la seg friste til kj\u00f8r-gjennom serveringen p\u00e5 utsiden av bygget og det tok ikke lang tid etter \u00e5pningen at k\u00f8en med biler var p\u00e5 plass, skriver <a href=\"https:\/\/www.eikernytt.no\/2025\/11\/13\/senterapning-og-mcdonalds-med-snorklipping-og-mye-folk\/\" rel=\"nofollow noopener\" target=\"_blank\">Eikernytt.no<\/a>.<\/p>\n<p>\u2013 Dette er ikke bare en investering i bygg og fasader \u2013 det er en investering i framtida v\u00e5r. Jeg vil derfor rette stor takk til Tellus Eiendom for at dere satser her i \u00d8vre Eiker. Prosjektet dere har gjennomf\u00f8rt \u2013 sammen med butikkene, entrepren\u00f8rene og kommunen viser tro p\u00e5 stedet og p\u00e5 lokal verdiskaping, sa Tollefsen i sin \u00e5pningstale f\u00f8r han tok fram gullsaksa.<\/p>\n<p>Han mente satsingen her passet godt inn i kommunens strategiske n\u00e6ringsplan, der m\u00e5let er \u00e5 skape en n\u00e6ringsvennlig kommune med vekst, samarbeid og m\u00f8teplasser \u2013 helt uten eiendomsskatt.<\/p>\n<p>                <img decoding=\"async\" src=\"https:\/\/www.europesays.com\/no\/wp-content\/uploads\/2025\/11\/343257.webp\" width=\"480\" height=\"269\" title=\"Senter\u00e5pning og McDonalds med snorklipping og mye folk\" alt=\"\" loading=\"lazy\" style=\"\"\/><\/p>\n<p>                <img decoding=\"async\" src=\"https:\/\/www.europesays.com\/no\/wp-content\/uploads\/2025\/11\/343258.webp\" width=\"480\" height=\"269\" title=\"Adrian Tollefsen kunne sammen med franchisetakerne og restaurantsjefen \u00e5pne den nye McDonalds avdelingen i Hokksund i dag.\" alt=\"\" loading=\"lazy\" style=\"\"\/><\/p>\n<p>\n            Adrian Tollefsen kunne sammen med franchisetakerne og restaurantsjefen \u00e5pne den nye McDonalds avdelingen i Hokksund i dag.<\/p>\n<p>35 nye arbeidsplasser p\u00e5 McDonalds<\/p>\n<p>Dagens andre snorklipping var hos McDonalds og var det ikke for at ordf\u00f8reren har en fulltidsjobb, s\u00e5 det ut til at han kunne ta en jobb i den nye restauranten. Etter \u00e5 ha talt til et stort oppbud av nysgjerrige gjester og presse, stilte han like godt opp bak disken if\u00f8rt McDonalds skjorte og serverte gjestene.<\/p>\n<p>                <img decoding=\"async\" src=\"https:\/\/www.europesays.com\/no\/wp-content\/uploads\/2025\/11\/343260.webp\" width=\"480\" height=\"269\" title=\"If\u00f8rt McDonalds skjorte tok ordf\u00f8reren plass bak disken og poserte som en viss president i USA har gjort f\u00f8r ham.\" alt=\"\" loading=\"lazy\" style=\"\"\/><\/p>\n<p>\n            If\u00f8rt McDonalds skjorte tok ordf\u00f8reren plass bak disken og poserte som en viss president i USA har gjort f\u00f8r ham.<\/p>\n<p>Det er Kjetil H\u00f8st og kona Cecilie Sagen H\u00f8st som er franchisetakere for den nye restauranten, som i f\u00f8rste omgang gir jobb til 35 ansatte \u2013 de fleste av dem helt nyansatte. Her blir det jobb for mange ungdommer og den yngste er 16 \u00e5r, mens den eldste er restaurantsjef Beqir Beqiri (50) som har 17 \u00e5r i kjeden og som bor i Hokksund.<\/p>\n<p>I sin tale trakk ordf\u00f8reren fram nettopp arbeidsplassene og den muligheten det gir for ungdom \u00e5 f\u00e5 sin f\u00f8rste arbeidserfaring.<\/p>\n<p>Den nye restauranten har 190 sitteplasser, en egen McCaf\u00e9 og et lite lekeland for de minste slik at dette skal bli et m\u00f8tested for store og sm\u00e5.<\/p>\n<p>Tollefsen trakk ogs\u00e5 fram betydningen av at kjeden kj\u00f8per alle sine r\u00e5varer fra norske leverand\u00f8rer som storfekj\u00f8tt, kylling, egg, poteter og l\u00f8k og st\u00f8tter p\u00e5 den m\u00e5ten opp om det norske landbruket.<\/p>\n<p>                <img decoding=\"async\" src=\"https:\/\/www.europesays.com\/no\/wp-content\/uploads\/2025\/11\/343259.webp\" width=\"480\" height=\"269\" title=\"Det tok ikke lang tid f\u00f8r bestillingene haglet inn og b\u00e5de restaurantsjef og ordf\u00f8rer fikk nok \u00e5 henge fingrene i.\" alt=\"\" loading=\"lazy\" style=\"\"\/><\/p>\n<p>\n            Det tok ikke lang tid f\u00f8r bestillingene haglet inn og b\u00e5de restaurantsjef og ordf\u00f8rer fikk nok \u00e5 henge fingrene i.<\/p>\n","protected":false},"excerpt":{"rendered":"Senterleder Gry Harbu \u00f8nsket velkommen sammen med Stian Kjellhov i Tellus Eiendom og med ordf\u00f8rer Adrian Tollefsen som&hellip;\n","protected":false},"author":2,"featured_media":86539,"comment_status":"","ping_status":"","sticky":false,"template":"","format":"standard","meta":{"footnotes":""},"categories":[56],"tags":[60,61,62,30,28,29],"class_list":{"0":"post-86538","1":"post","2":"type-post","3":"status-publish","4":"format-standard","5":"has-post-thumbnail","7":"category-naeringsliv","8":"tag-business","9":"tag-economy","10":"tag-naeringsliv","11":"tag-no","12":"tag-norge","13":"tag-norway"},"share_on_mastodon":{"url":"https:\/\/pubeurope.com\/@no\/115544347448628906","error":""},"_links":{"self":[{"href":"https:\/\/www.europesays.com\/no\/wp-json\/wp\/v2\/posts\/86538","targetHints":{"allow":["GET"]}}],"collection":[{"href":"https:\/\/www.europesays.com\/no\/wp-json\/wp\/v2\/posts"}],"about":[{"href":"https:\/\/www.europesays.com\/no\/wp-json\/wp\/v2\/types\/post"}],"author":[{"embeddable":true,"href":"https:\/\/www.europesays.com\/no\/wp-json\/wp\/v2\/users\/2"}],"replies":[{"embeddable":true,"href":"https:\/\/www.europesays.com\/no\/wp-json\/wp\/v2\/comments?post=86538"}],"version-history":[{"count":0,"href":"https:\/\/www.europesays.com\/no\/wp-json\/wp\/v2\/posts\/86538\/revisions"}],"wp:featuredmedia":[{"embeddable":true,"href":"https:\/\/www.europesays.com\/no\/wp-json\/wp\/v2\/media\/86539"}],"wp:attachment":[{"href":"https:\/\/www.europesays.com\/no\/wp-json\/wp\/v2\/media?parent=86538"}],"wp:term":[{"taxonomy":"category","embeddable":true,"href":"https:\/\/www.europesays.com\/no\/wp-json\/wp\/v2\/categories?post=86538"},{"taxonomy":"post_tag","embeddable":true,"href":"https:\/\/www.europesays.com\/no\/wp-json\/wp\/v2\/tags?post=86538"}],"curies":[{"name":"wp","href":"https:\/\/api.w.org\/{rel}","templated":true}]}}