{"id":86544,"date":"2025-11-13T20:49:10","date_gmt":"2025-11-13T20:49:10","guid":{"rendered":"https:\/\/www.europesays.com\/no\/86544\/"},"modified":"2025-11-13T20:49:10","modified_gmt":"2025-11-13T20:49:10","slug":"det-har-vaert-ubeskrivelig","status":"publish","type":"post","link":"https:\/\/www.europesays.com\/no\/86544\/","title":{"rendered":"\u2013 Det har v\u00e6rt ubeskrivelig"},"content":{"rendered":"\n<p class=\"_lead_o9xde_2 _lead_xtcu6_50 layout-component text-serif-m layout-normal text-serif-l layout-component layout-wide layout-padded _wide_17hqh_1 layout-padded\">Det blir en rolig og avm\u00e5lt feiring for Erling Braut Haalands samboer, etter at Norges VM-plass i USA, Canada og Mexico tiln\u00e6rmet er sikret.<\/p>\n<p> <img class=\"_image_qp4xg_65 layout-component layout-wide\" data-fullscreen- data-track-element-type=\"Article image fullscreen\" data-track-name=\"ImageFullscreen\" fetchpriority=\"high\" decoding=\"sync\" loading=\"eager\" height=\"181\" itemprop=\"image\"  src=\"https:\/\/www.europesays.com\/no\/wp-content\/uploads\/2025\/11\/d78f44c17f19de8ea3afae207a8e2a40.jpg\"  style=\"object-position:50% 50%;aspect-ratio:1.75;height:auto;object-fit:cover;width:100%\" width=\"102\"\/>  Ullevaal stadion Oppdatert torsdag 13. november kl. 21:48     <\/p>\n<p class=\"_paragraph_o9xde_4 _paragraph_xtcu6_10 layout-component text-serif-m layout-normal text-serif-m layout-padded\">\u2013 Det har v\u00e6rt ubeskrivelig, sier <a href=\"https:\/\/www.vg.no\/tag\/isabel-haugseng-johansen?utm_source=vg-article&amp;utm_medium=auto-tagger&amp;utm_campaign=4BnkdG\" class=\"_link_o9xde_39\" rel=\"nofollow noopener\" target=\"_blank\">Isabel Haugseng Johansen<\/a> (21) da VG m\u00f8ter henne utenfor Ullevaal stadion.<\/p>\n<p class=\"_paragraph_o9xde_4 _paragraph_xtcu6_10 layout-component text-serif-m layout-normal text-serif-m layout-padded\">Der hadde hun og et fullsatt Ullevaal stadion nettopp sette Norge <a href=\"https:\/\/www.vg.no\/sport\/i\/zARzjO\/pipekonsert-til-pause-maalloest-til-mot-estland\" data-track-element-type=\"Link\" data-track-id=\"link:zARzjO\" class=\"_link_o9xde_39\" rel=\"nofollow noopener\" target=\"_blank\">knuse Estland 4\u20131<\/a> i den nest siste VM-kvalikkampen. <\/p>\n<p class=\"_paragraph_o9xde_4 _paragraph_xtcu6_10 layout-component text-serif-m layout-normal text-serif-m layout-padded\">\u2013 Hvor stolt er du av Erling n\u00e5?<\/p>\n<p class=\"_paragraph_o9xde_4 _paragraph_xtcu6_10 layout-component text-serif-m layout-normal text-serif-m layout-padded\">\u2013 Jeg er, som hele familien, veldig stolt. N\u00e5 skal vi hjem.<\/p>\n<p class=\"_paragraph_o9xde_4 _paragraph_xtcu6_10 layout-component text-serif-m layout-normal text-serif-m layout-padded\">Norge skal n\u00e5 (99,9 prosent sikkert) til fotball-VM i USA, Canada og Mexico neste sommer.<\/p>\n<p><img alt=\"Fra tribunen kunne Haugseng Johansen se Erling Braut Haaland score to nye m\u00e5l mot Estland.   Foto: Tore Kristiansen \/ VG\" class=\"_image_qp4xg_65 layout-component layout-normal\" data-fullscreen- data-track-element-type=\"Article image fullscreen\" data-track-name=\"ImageFullscreen\" decoding=\"async\" loading=\"lazy\" height=\"2496\" itemprop=\"image\"  src=\"https:\/\/www.europesays.com\/no\/wp-content\/uploads\/2025\/11\/43c8a6ee-b272-4b10-ac52-a7e5be250441\"  style=\"object-position:0% 0%\" width=\"3744\"\/>Fra tribunen kunne Haugseng Johansen se Erling Braut Haaland score to nye m\u00e5l mot Estland.   Foto: Tore Kristiansen \/ VG<\/p>\n<p class=\"_paragraph_o9xde_4 _paragraph_xtcu6_10 layout-component text-serif-m layout-normal text-serif-m layout-padded\">\u2013 Hvordan skal du feire?<\/p>\n<p class=\"_paragraph_o9xde_4 _paragraph_xtcu6_10 layout-component text-serif-m layout-normal text-serif-m layout-padded\">\u2013 Jeg skal feire med den den lille og sove, tror jeg. Sover mens vi kan, sier hun.<\/p>\n<p class=\"_paragraph_o9xde_4 _paragraph_xtcu6_10 layout-component text-serif-m layout-normal text-serif-m layout-padded\">I slutten av 2024 ble paret foreldre for f\u00f8rste gang til en liten gutt. <\/p>\n<p class=\"_paragraph_o9xde_4 _paragraph_xtcu6_10 layout-component text-serif-m layout-normal text-serif-m layout-padded\">\u2013 Skal du til Milano i helgen?<\/p>\n<p class=\"_paragraph_o9xde_4 _paragraph_xtcu6_10 layout-component text-serif-m layout-normal text-serif-m layout-padded\">\u2013 Mom duty hjemme!, svarer hun. <\/p>\n<p class=\"_paragraph_o9xde_4 _paragraph_xtcu6_10 layout-component text-serif-m layout-normal text-serif-m layout-padded\">VM-kvaliken avsluttes mot Italia p\u00e5 mektige San Siro i Milano s\u00f8ndag. Flere tusen nordmenn er ventet \u00e5 ta turen. <\/p>\n<p class=\"_paragraph_o9xde_4 _paragraph_xtcu6_10 layout-component text-serif-m layout-normal text-serif-m layout-padded\">Haalands kj\u00e6reste har tidligere \u2013 i likhet med sin partner \u2013 v\u00e6rt veldig privat av seg. Den siste tiden har paret imidlertid \u00e5pnet mer og mer opp om privatlivet: <\/p>\n<p class=\"_paragraph_o9xde_4 _paragraph_xtcu6_10 layout-component text-serif-m layout-normal text-serif-m layout-padded\">Haugseng Johansen er selv fra Bryne, og paret m\u00f8ttes gjennom fotballen. <\/p>\n<p class=\"_paragraph_o9xde_4 _paragraph_xtcu6_10 layout-component text-serif-m layout-normal text-serif-m layout-padded\">F\u00f8rste gang offentligheten fikk et glimt av Haalands utk\u00e5rede, var i april i 2023. Da var hun 18 \u00e5r gammel. <\/p>\n<p class=\"_paragraph_o9xde_4 _paragraph_xtcu6_10 layout-component text-serif-m layout-normal text-serif-m layout-padded\">Noen m\u00e5neder senere var hun med p\u00e5 feiringen da Manchester City Champions League-finalen:<\/p>\n<p><img alt=\"Foto: Bj\u00f8rn S. Delebekk \/ VG\" class=\"_image_qp4xg_65 layout-component layout-normal\" data-fullscreen- data-track-element-type=\"Article image fullscreen\" data-track-name=\"ImageFullscreen\" decoding=\"async\" loading=\"lazy\" height=\"5504\" itemprop=\"image\"  src=\"https:\/\/www.europesays.com\/no\/wp-content\/uploads\/2025\/11\/8ab658df-9c80-40cb-91a3-58cd37f46405\"  style=\"object-position:0% 0%\" width=\"7784\"\/>Foto: Bj\u00f8rn S. Delebekk \/ VG    <\/p>\n","protected":false},"excerpt":{"rendered":"Det blir en rolig og avm\u00e5lt feiring for Erling Braut Haalands samboer, etter at Norges VM-plass i USA,&hellip;\n","protected":false},"author":2,"featured_media":86545,"comment_status":"","ping_status":"","sticky":false,"template":"","format":"standard","meta":{"footnotes":""},"categories":[59],"tags":[810,4472,3163,6091,30,28,29,83,82,4167],"class_list":{"0":"post-86544","1":"post","2":"type-post","3":"status-publish","4":"format-standard","5":"has-post-thumbnail","7":"category-sport","8":"tag-erling-braut-haaland","9":"tag-fotball-vm","10":"tag-herrelandslaget-fotball","11":"tag-isabel-haugseng-johansen","12":"tag-no","13":"tag-norge","14":"tag-norway","15":"tag-sport","16":"tag-sports","17":"tag-vm-kvalifisering"},"share_on_mastodon":{"url":"https:\/\/pubeurope.com\/@no\/115544363305516190","error":""},"_links":{"self":[{"href":"https:\/\/www.europesays.com\/no\/wp-json\/wp\/v2\/posts\/86544","targetHints":{"allow":["GET"]}}],"collection":[{"href":"https:\/\/www.europesays.com\/no\/wp-json\/wp\/v2\/posts"}],"about":[{"href":"https:\/\/www.europesays.com\/no\/wp-json\/wp\/v2\/types\/post"}],"author":[{"embeddable":true,"href":"https:\/\/www.europesays.com\/no\/wp-json\/wp\/v2\/users\/2"}],"replies":[{"embeddable":true,"href":"https:\/\/www.europesays.com\/no\/wp-json\/wp\/v2\/comments?post=86544"}],"version-history":[{"count":0,"href":"https:\/\/www.europesays.com\/no\/wp-json\/wp\/v2\/posts\/86544\/revisions"}],"wp:featuredmedia":[{"embeddable":true,"href":"https:\/\/www.europesays.com\/no\/wp-json\/wp\/v2\/media\/86545"}],"wp:attachment":[{"href":"https:\/\/www.europesays.com\/no\/wp-json\/wp\/v2\/media?parent=86544"}],"wp:term":[{"taxonomy":"category","embeddable":true,"href":"https:\/\/www.europesays.com\/no\/wp-json\/wp\/v2\/categories?post=86544"},{"taxonomy":"post_tag","embeddable":true,"href":"https:\/\/www.europesays.com\/no\/wp-json\/wp\/v2\/tags?post=86544"}],"curies":[{"name":"wp","href":"https:\/\/api.w.org\/{rel}","templated":true}]}}