{"id":86550,"date":"2025-11-13T20:55:11","date_gmt":"2025-11-13T20:55:11","guid":{"rendered":"https:\/\/www.europesays.com\/no\/86550\/"},"modified":"2025-11-13T20:55:11","modified_gmt":"2025-11-13T20:55:11","slug":"ypper-til-priskrig","status":"publish","type":"post","link":"https:\/\/www.europesays.com\/no\/86550\/","title":{"rendered":"Ypper til priskrig"},"content":{"rendered":"<p class=\"kicker bg-blue color_mobile_bg-blue hasTextPadding mobile-hasTextPadding\" style=\"\">\u00d8konomi<\/p>\n<p>  Pepperkakene var f\u00f8rst ut, n\u00e5 er prisen p\u00e5 flere julevarer kappet.<\/p>\n<p>\n    KUTT: Oda kuttet prisen p\u00e5 40 varer torsdag ettermiddag. Julemarsipan fra Nidar var blant dem. Foto: Elisabeth Dalseg\n  <\/p>\n<p>L\u00f8rdag dro Extra i gang julepriskrigen da <a href=\"https:\/\/dinside.dagbladet.no\/okonomi\/priskrig-en-liten-kinaputt\/83825918\" rel=\"nofollow noopener\" target=\"_blank\">de satte ned pepperkaker<\/a> til fem kroner.\u00a0<\/p>\n<p>Torsdag ettermiddag melder <a href=\"https:\/\/www.nettavisen.no\/okonomi\/full-priskrig-hos-kiwi-og-extra-vi-justerer-vare-priser-umiddelbart\/s\/5-95-2726503\" rel=\"nofollow noopener\" target=\"_blank\">Nettavisen<\/a> at Oda kutter prisen p\u00e5 flere julevarer.\u00a0<\/p>\n<p>&#8211; Vi ser at kunder som ikke har pr\u00f8vd Oda, tror at vi er dyrere enn vi er fordi vi har et bredt utvalg og leverer varene hjem. Men de glemmer at vi ikke har dyre butikklokaler og tunge strukturer, sier\u00a0 kommersiell direkt\u00f8r, Robert Ekrem til <a href=\"https:\/\/www.nettavisen.no\/okonomi\/full-priskrig-hos-kiwi-og-extra-vi-justerer-vare-priser-umiddelbart\/s\/5-95-2726503\" rel=\"nofollow noopener\" target=\"_blank\">avisa<\/a>.\u00a0<\/p>\n<p>        NYTT: Det er ikke mange som har f\u00e5tt med seg dette! Video: Embla Hjort-Larsen<\/p>\n<p>Sjokolade og julebrus\t<\/p>\n<p>Blant produktene som priskuttes n\u00e5 er sjokolade fra Freia og Nidar, julebrus og marsipan.\u00a0<\/p>\n<p>Kort tid etter, melder ogs\u00e5 Kiwi og Extra at de har fulgt etter.\u00a0<\/p>\n<p>&#8211; Vi justerer v\u00e5re priser umiddelbart, sier kjededirekt\u00f8r i Extra, H\u00e5vard Jensen til Nettavisen.<\/p>\n<p>Kiwi melder at de allerede skal ha justert prisene.\u00a0<\/p>\n<p class=\"font-weight-bold m-font-weight-bold\" data-lab-font_weight=\"font-weight-bold\">Litt etter bekrefter Rema 1000 at de f\u00f8lger etter, og kommenterer samtidig f\u00f8lgende:<\/p>\n<p>&#8211; Vi var kjapt ute og kuttet allerede i forrige uke prisene p\u00e5 en lang rekke varer kundene har i julekurven, fordi det er sluttsummen p\u00e5 kassalappen som teller, sier\u00a0 Line Aarnes, kategori og innkj\u00f8psdirekt\u00f8r i en e-post til DinSide.<\/p>\n<p>    <a itemprop=\"url\" href=\"https:\/\/dinside.dagbladet.no\/okonomi\/billig-uansett\/83824111\" rel=\"nofollow noopener\" target=\"_blank\"><\/p>\n<p>      <img loading=\"lazy\" decoding=\"async\" src=\"https:\/\/www.europesays.com\/no\/wp-content\/uploads\/2025\/11\/83824126.webp\" width=\"980\" height=\"441\" title=\"- Billig uansett\" alt=\"\" class=\"lazyload\" style=\"--aspect-ratio-image: 2.22; \"\/><\/p>\n<p>        &#8211; Billig uansett<\/p>\n<p>    <\/a><\/p>\n<p>Et spill\t<\/p>\n<p>Forbruker\u00f8konom i Sparebank1, Magne Gundersen kaller julepriskrigen et spill:<\/p>\n<p> Kj\u00f8pe n\u00e5, og risikere at det blir satt mer ned, eller vente til det blir ordentlig billig &#8211; men risikere at det blir utsolgt.<\/p>\n<p> &#8211; Det er den avveiningen man som forbruker m\u00e5 gj\u00f8re, sa han da vi snakket med <a href=\"https:\/\/dinside.dagbladet.no\/okonomi\/julepriskrigen-et-spill\/83826471\" rel=\"nofollow noopener\" target=\"_blank\">ham om det i helga<\/a>.\u00a0<\/p>\n<p class=\"font-weight-bold m-font-weight-bold\" data-lab-font_weight=\"font-weight-bold\">Han advarte samtidig mot hamstring:\u00a0<\/p>\n<p class=\"font-weight-bold m-font-weight-bold\" data-lab-font_weight=\"font-weight-bold\"> &#8211; En ting er \u00e5 ikke hamstre av hensyn til de andre. Men det er fort gjort \u00e5 kj\u00f8pe mer enn man klarer \u00e5 bruke, s\u00e5 m\u00e5 du hive det, og da har du jo ikke spart s\u00e5 mye, poengterte han.\u00a0<\/p>\n","protected":false},"excerpt":{"rendered":"\u00d8konomi Pepperkakene var f\u00f8rst ut, n\u00e5 er prisen p\u00e5 flere julevarer kappet. KUTT: Oda kuttet prisen p\u00e5 40&hellip;\n","protected":false},"author":2,"featured_media":86551,"comment_status":"","ping_status":"","sticky":false,"template":"","format":"standard","meta":{"footnotes":""},"categories":[5],"tags":[20,21,824,24,25,15,19,5593,22,23,17,18,3998,13,30,28,29,14,16,572,26,27],"class_list":{"0":"post-86550","1":"post","2":"type-post","3":"status-publish","4":"format-standard","5":"has-post-thumbnail","7":"category-overskrifter","8":"tag-breaking-news","9":"tag-breakingnews","10":"tag-dagligvare","11":"tag-featured-news","12":"tag-featurednews","13":"tag-headlines","14":"tag-hovedoppslag","15":"tag-jul","16":"tag-latest-news","17":"tag-latestnews","18":"tag-main-news","19":"tag-mainnews","20":"tag-metadz","21":"tag-news","22":"tag-no","23":"tag-norge","24":"tag-norway","25":"tag-nyheter","26":"tag-overskrifter","27":"tag-okonomi","28":"tag-top-stories","29":"tag-topstories"},"share_on_mastodon":{"url":"https:\/\/pubeurope.com\/@no\/115544386813248981","error":""},"_links":{"self":[{"href":"https:\/\/www.europesays.com\/no\/wp-json\/wp\/v2\/posts\/86550","targetHints":{"allow":["GET"]}}],"collection":[{"href":"https:\/\/www.europesays.com\/no\/wp-json\/wp\/v2\/posts"}],"about":[{"href":"https:\/\/www.europesays.com\/no\/wp-json\/wp\/v2\/types\/post"}],"author":[{"embeddable":true,"href":"https:\/\/www.europesays.com\/no\/wp-json\/wp\/v2\/users\/2"}],"replies":[{"embeddable":true,"href":"https:\/\/www.europesays.com\/no\/wp-json\/wp\/v2\/comments?post=86550"}],"version-history":[{"count":0,"href":"https:\/\/www.europesays.com\/no\/wp-json\/wp\/v2\/posts\/86550\/revisions"}],"wp:featuredmedia":[{"embeddable":true,"href":"https:\/\/www.europesays.com\/no\/wp-json\/wp\/v2\/media\/86551"}],"wp:attachment":[{"href":"https:\/\/www.europesays.com\/no\/wp-json\/wp\/v2\/media?parent=86550"}],"wp:term":[{"taxonomy":"category","embeddable":true,"href":"https:\/\/www.europesays.com\/no\/wp-json\/wp\/v2\/categories?post=86550"},{"taxonomy":"post_tag","embeddable":true,"href":"https:\/\/www.europesays.com\/no\/wp-json\/wp\/v2\/tags?post=86550"}],"curies":[{"name":"wp","href":"https:\/\/api.w.org\/{rel}","templated":true}]}}