{"id":86561,"date":"2025-11-13T21:04:29","date_gmt":"2025-11-13T21:04:29","guid":{"rendered":"https:\/\/www.europesays.com\/no\/86561\/"},"modified":"2025-11-13T21:04:29","modified_gmt":"2025-11-13T21:04:29","slug":"delingsforslag-kun-ment-som-spissformulering-ht-no","status":"publish","type":"post","link":"https:\/\/www.europesays.com\/no\/86561\/","title":{"rendered":"(+) Delingsforslag kun ment som spissformulering &#8211; ht.no"},"content":{"rendered":"<ol>\n<li><a href=\"https:\/\/news.google.com\/rss\/articles\/CBMigwFBVV95cUxQSlFiQWRUN01ZYnJNOFRRVnJYY3Q5alRFWDV1WjFaUndRVjJpc3ZaMVdvTnZyWWJmREE0c1FXcjIzb29udkRSMDllY3h4OTk1b2RwVnREWmxRbXVsNV9iWWVPZWRmcVdSVWZYclRnaDVtNVhhcHRCS3RTc0NTWTgtNUdWNA?oc=5\" target=\"_blank\" rel=\"nofollow noopener\">(+) Delingsforslag kun ment som spissformulering<\/a>&nbsp;&nbsp;ht.no<\/li>\n<li><a href=\"https:\/\/news.google.com\/rss\/articles\/CBMi8gFBVV95cUxQbzVPVEc5Q1h6ZlduRy01SURTcjAyU29ubFlscVg5RTdpZy1yN0pCR1NPVDNEV3NRUW5XVjF0TXRSdk9JZ0lzZTR1cVgxMFZIT0wyeF9vN0ttSGMyN2YxZm0zYWRSVlp5T0dMUGI1WU05ejVXZERmUmpXQmZYS0Z3TU1kMG11Q3NacGtRZVd4S1FZNjdCUlVoWTZyNF9HLXhjSHkxQ3JGVnVGSVFQWVpYaFAyYlRtbVloeHQyVEY0dGxZUkh4WHBRWlRhYV8xUGNvTlVzY1JtZkZlZHRwaFlIUGhFYmRGbXpRSFNuckVWM0hKQQ?oc=5\" target=\"_blank\" rel=\"nofollow noopener\">Hadde det v\u00e6rt mulig \u00e5 sende inn et leserbrev som en halvtime med gapskratt hadde det kommet istedenfor denne epistelen om Skeid<\/a>&nbsp;&nbsp;Avisa Nordland<\/li>\n<li><a href=\"https:\/\/news.google.com\/rss\/articles\/CBMiogFBVV95cUxNZGt1YUNYM1VPMkdjRG5jS2F5WEp0WTJFSEk5RUhudzVUaFRkZjRxcERWcEJmQ2NHa1dvVTdSNmp4UWphRk9XakhHUnBfdFRGd3pTUG5tazhGdG5pU2ZsVnhtelJPTTNSRU1TYlNxVWNkd0RIM2ZHYkxLZXNPX3BReEJVSmdpM1JnVTg0SnUwRVBPQW02MGswRzlLREF1a0pGcFE?oc=5\" target=\"_blank\" rel=\"nofollow noopener\">Oslo-laget Skeid \u00f8nsker ikke \u00e5 m\u00f8te lag fra Nord-Norge<\/a>&nbsp;&nbsp;NRK<\/li>\n<li><a href=\"https:\/\/news.google.com\/rss\/articles\/CBMimgFBVV95cUxNYVkwUWs2YUZ5TGFqOWpuUkFiSHFHcGtTbW5fZlJvZkt6V05KZDBQYkM5ZjVaVVFQZWNiN21zcVd1U0dkcGZ5eFV0VFdNRXpTV2c0WVA2Q1hKblU5MXcwUm8zTjNUb1FJSVUxRXZnZkQ1YmVtOHVjSzVRMTVSMHFtWHhmZHplbUJUT2Z0NjA2SnJENzBCcTE1SDBR?oc=5\" target=\"_blank\" rel=\"nofollow noopener\">(+) Forslag om \u00e5 skru tiden 53 \u00e5r tilbake: \u2013 Tar det ikke seri\u00f8st<\/a>&nbsp;&nbsp;ht.no<\/li>\n<li><a href=\"https:\/\/news.google.com\/rss\/articles\/CBMingFBVV95cUxNdmRicE9EbGpiQlNNZ2hxVW5rUTdaTWhEYXMxQ2RfZFk4WnNCa3Q3WTBEVE9Xa3pSRS12R1lSYkYteWh0ekxTeUdrZ1FXVWVQTFpzME1QTEczb3FoUDhjQ3RiVnFyRnlYbjlMeU9MWnBkT2Q0a3VjTDJfRjVZTnBtVnVXcnVmUFRXX3BDQkQ1RTNGeE1ZdENrTFVJT0hHZw?oc=5\" target=\"_blank\" rel=\"nofollow noopener\">Sport, Fotball | Vil skille nord og s\u00f8r i norsk fotball: \u2013 Kan ikke v\u00e6re seri\u00f8st ment<\/a>&nbsp;&nbsp;Avisa Nordland<\/li>\n<\/ol>\n","protected":false},"excerpt":{"rendered":"(+) Delingsforslag kun ment som spissformulering&nbsp;&nbsp;ht.no Hadde det v\u00e6rt mulig \u00e5 sende inn et leserbrev som en halvtime&hellip;\n","protected":false},"author":2,"featured_media":86562,"comment_status":"","ping_status":"","sticky":false,"template":"","format":"standard","meta":{"footnotes":""},"categories":[59],"tags":[92,30,28,4049,29,9491,83,82],"class_list":{"0":"post-86561","1":"post","2":"type-post","3":"status-publish","4":"format-standard","5":"has-post-thumbnail","7":"category-sport","8":"tag-fotball","9":"tag-no","10":"tag-norge","11":"tag-norges-fotballforbund","12":"tag-norway","13":"tag-skeid","14":"tag-sport","15":"tag-sports"},"share_on_mastodon":{"url":"https:\/\/pubeurope.com\/@no\/115544422026254143","error":""},"_links":{"self":[{"href":"https:\/\/www.europesays.com\/no\/wp-json\/wp\/v2\/posts\/86561","targetHints":{"allow":["GET"]}}],"collection":[{"href":"https:\/\/www.europesays.com\/no\/wp-json\/wp\/v2\/posts"}],"about":[{"href":"https:\/\/www.europesays.com\/no\/wp-json\/wp\/v2\/types\/post"}],"author":[{"embeddable":true,"href":"https:\/\/www.europesays.com\/no\/wp-json\/wp\/v2\/users\/2"}],"replies":[{"embeddable":true,"href":"https:\/\/www.europesays.com\/no\/wp-json\/wp\/v2\/comments?post=86561"}],"version-history":[{"count":0,"href":"https:\/\/www.europesays.com\/no\/wp-json\/wp\/v2\/posts\/86561\/revisions"}],"wp:featuredmedia":[{"embeddable":true,"href":"https:\/\/www.europesays.com\/no\/wp-json\/wp\/v2\/media\/86562"}],"wp:attachment":[{"href":"https:\/\/www.europesays.com\/no\/wp-json\/wp\/v2\/media?parent=86561"}],"wp:term":[{"taxonomy":"category","embeddable":true,"href":"https:\/\/www.europesays.com\/no\/wp-json\/wp\/v2\/categories?post=86561"},{"taxonomy":"post_tag","embeddable":true,"href":"https:\/\/www.europesays.com\/no\/wp-json\/wp\/v2\/tags?post=86561"}],"curies":[{"name":"wp","href":"https:\/\/api.w.org\/{rel}","templated":true}]}}