{"id":86584,"date":"2025-11-13T21:35:12","date_gmt":"2025-11-13T21:35:12","guid":{"rendered":"https:\/\/www.europesays.com\/no\/86584\/"},"modified":"2025-11-13T21:35:12","modified_gmt":"2025-11-13T21:35:12","slug":"sparta-sarpsborg-arctic-eagles-ny-sparta-nedtur-i-nord","status":"publish","type":"post","link":"https:\/\/www.europesays.com\/no\/86584\/","title":{"rendered":"Sparta Sarpsborg, Arctic Eagles | Ny Sparta-nedtur i nord"},"content":{"rendered":"\n<p>Onsdag tapte Sparta 2-6 mot Narvik. H\u00e5pet var \u00e5 revansjere dette da lagene m\u00f8ttes igjen i Nordkraft Arena torsdag, men heller ikke da maktet Sparta \u00e5 f\u00e5 med seg noe. Narvik vant 4-1 og sikret alle tre poengene ogs\u00e5 denne aftenen &#8211; og n\u00e5 st\u00e5r laget fra Nord-Norge med 22 poeng, mens Sparta har 25 poeng.<\/p>\n<p>Sparta scoret f\u00f8rst i torsdagens oppgj\u00f8r i Nordkraft Arena. Jesper Martinsen Lilleberg sendte i vei pucken mot m\u00e5l fra bl\u00e5linja, og Vegard Faret styrte den inn bak Narvik-keeper Joona Partanen p\u00e5 tiden 9.33.<\/p>\n<p>Imidlertid kom vertene ajour. Det s\u00f8rget Tobias \u00c5hstr\u00f6m for da det var spilt 15.26.<\/p>\n<p>Dermed stod det 1-1 etter det som var en god 1. periode av Sparta.<\/p>\n<p>Midtperioden ble etter hvert preget av en del utvisninger, og Narvik klarte \u00e5 utnytte et overtall og g\u00e5 til 2-1. Tobias \u00c5hstr\u00f6m ble tom\u00e5lsscorer for Narvik med et godt skudd p\u00e5 tiden 32.50.<\/p>\n<p>Sparta hadde mulighet til \u00e5 utligne p\u00e5 et straffeslag noen minutter senere, men Sebastian Johansen klarte ikke \u00e5 omsette dette i scoring.<\/p>\n<p>Det innebar 2-1-ledelse for vertene f\u00f8r 3. periode. Potensielt kunne det bli spennende dersom Sparta maktet \u00e5 f\u00e5 en kjapp utligning, men i stedet bidro nye utvisninger til at vertene i stedet kunne \u00f8ke sin ledelse. Den gamle Sparta-kjenningen Jeppe Meyer skj\u00f8t Narvik i 3-1-ledelse i et overtall fem mot tre for hjemmelaget p\u00e5 tiden 53.30.<\/p>\n<p>Da virket det helt kj\u00f8rt for Sparta, som likevel fors\u00f8kte p\u00e5 tampen ved \u00e5 ta ut keeper Pietila og sende innp\u00e5 en sjette utespiller, men i stedet var det Johan Ceder som kunne sette Narviks fjerde i tom Sparta-kasse da det var spilt 58.59.<\/p>\n<p>To tap og null poeng. Det ble fasiten for Sparta p\u00e5 bes\u00f8ket nordp\u00e5 denne uken.<\/p>\n<p>Neste utfordring for Sparta er hjemmekamp mot Storhamar l\u00f8rdag 15. november.<\/p>\n<p>            Kampfakta<\/p>\n<p>Ishockey, eliteserien<\/p>\n<p><b>Narvik &#8211; Sparta 4-1<\/b><br \/>(1-1, 1-0, 2-0)<br \/>Nordkraft Arena<\/p>\n<p><b>M\u00e5l:<\/b><br \/>0-1 (9.33) Vegard Faret (Jesper Martinsen Lilleberg, Sander Thoresen)<br \/>1-1 (15.26) Tobias \u00c5hstr\u00f6m (Linus Pettersson, Jeppe Meyer)<br \/>2-1 (32.50) Tobias \u00c5hstr\u00f6m (Linus Pettersson, Tobias Tveter)<br \/>3-1 (53.30) Jeppe Meyer (Tobias \u00c5hstr\u00f6m, Theo Nordlund)<br \/>4-1 (58.59) Johan Ceder (Benjamin Byrkjeland)<\/p>\n<p><b>Skuddstatistikk: <\/b>29-21 (6-10, 11-6, 12-5)<\/p>\n<p><b>Utvisninger:<\/b> Narvik 7 x 2 min., Sparta 6 x 2 min.<\/p>\n<p><b>Hoveddommere:<\/b> Christian Persson og Alexander Waldejer.<\/p>\n<p><b>Solgte billetter:<\/b> 561<\/p>\n<p><b>Spartas lag:<br \/>M\u00e5lvakt:<\/b> Blake Pietila.<br \/><b>F\u00f8rstefemmer:<\/b> Maksims Ponomarenko, Daniil Kovalenko, Kristian Jakobsson, Victor \u00d6hman og Nicolai Eliesen.<br \/><b>Andrefemmer:<\/b> Marcus Fagerudd, Jesper Martinsen Lilleberg, Sebastian Johansen, Filip Lalande og Jonathan Hermansson.<br \/><b>Tredjefemmer:<\/b> Noah Jacobsen, Hampus Rydqvist, Adam Mill\u00e9n, Vegard Faret og Sander Thoresen.<br \/><b>Fjerde l\u00f8perrekke:<\/b> Simen Ahlsen, Oliver Calik og Alexander Thomas.<br \/><b>Ekstra l\u00f8per:<\/b> Magnus Eisenmenger.<\/p>\n<p>  <a href=\"https:\/\/www.sa.no\/5-46-1912469\" class=\"related-teaser has-image default-story-teaser article--c-eRUmMG article--c-eRUmMG-jKCPdD-design-default\" rel=\"nofollow noopener\" target=\"_blank\"><\/p>\n<p>    <img decoding=\"async\" loading=\"lazy\"  src=\"https:\/\/www.europesays.com\/no\/wp-content\/uploads\/2025\/11\/1763069712_55_0027JMA_311025Stjernen-Sparta_www.impulsmedia.no_lr.jpg\" alt=\"\" class=\"brick-c-cFOWSL\" style=\"\"\/><\/p>\n<p>\n            Les ogs\u00e5<\/p>\n<p>              Blytung kveld for Sparta\n        <\/p>\n<p>  <\/a><\/p>\n<p>  <a href=\"https:\/\/www.sa.no\/5-46-1912020\" class=\"related-teaser has-image default-story-teaser article--c-eRUmMG article--c-eRUmMG-jKCPdD-design-default\" rel=\"nofollow noopener\" target=\"_blank\"><\/p>\n<p>    <img decoding=\"async\" loading=\"lazy\"  src=\"https:\/\/www.europesays.com\/no\/wp-content\/uploads\/2025\/11\/0111JMA_040825Sparta-Frisk_lr.jpg\" alt=\"\" class=\"brick-c-cFOWSL\" style=\"\"\/><\/p>\n<p>\n            Les ogs\u00e5<\/p>\n<p>              Karrieren har virkelig skutt fart: \u2013 Det har nesten g\u00e5tt litt for fort\n        <\/p>\n<p>  <\/a><\/p>\n","protected":false},"excerpt":{"rendered":"Onsdag tapte Sparta 2-6 mot Narvik. H\u00e5pet var \u00e5 revansjere dette da lagene m\u00f8ttes igjen i Nordkraft Arena&hellip;\n","protected":false},"author":2,"featured_media":86585,"comment_status":"","ping_status":"","sticky":false,"template":"","format":"standard","meta":{"footnotes":""},"categories":[59],"tags":[5291,36,6201,977,30,11404,28,29,3038,83,82,1510],"class_list":{"0":"post-86584","1":"post","2":"type-post","3":"status-publish","4":"format-standard","5":"has-post-thumbnail","7":"category-sport","8":"tag-arctic-eagles","9":"tag-art","10":"tag-eliteserien-ishockey","11":"tag-ishockey","12":"tag-no","13":"tag-nordkraft-arena","14":"tag-norge","15":"tag-norway","16":"tag-sparta-sarpsborg","17":"tag-sport","18":"tag-sports","19":"tag-story"},"share_on_mastodon":{"url":"https:\/\/pubeurope.com\/@no\/115544543947422033","error":""},"_links":{"self":[{"href":"https:\/\/www.europesays.com\/no\/wp-json\/wp\/v2\/posts\/86584","targetHints":{"allow":["GET"]}}],"collection":[{"href":"https:\/\/www.europesays.com\/no\/wp-json\/wp\/v2\/posts"}],"about":[{"href":"https:\/\/www.europesays.com\/no\/wp-json\/wp\/v2\/types\/post"}],"author":[{"embeddable":true,"href":"https:\/\/www.europesays.com\/no\/wp-json\/wp\/v2\/users\/2"}],"replies":[{"embeddable":true,"href":"https:\/\/www.europesays.com\/no\/wp-json\/wp\/v2\/comments?post=86584"}],"version-history":[{"count":0,"href":"https:\/\/www.europesays.com\/no\/wp-json\/wp\/v2\/posts\/86584\/revisions"}],"wp:featuredmedia":[{"embeddable":true,"href":"https:\/\/www.europesays.com\/no\/wp-json\/wp\/v2\/media\/86585"}],"wp:attachment":[{"href":"https:\/\/www.europesays.com\/no\/wp-json\/wp\/v2\/media?parent=86584"}],"wp:term":[{"taxonomy":"category","embeddable":true,"href":"https:\/\/www.europesays.com\/no\/wp-json\/wp\/v2\/categories?post=86584"},{"taxonomy":"post_tag","embeddable":true,"href":"https:\/\/www.europesays.com\/no\/wp-json\/wp\/v2\/tags?post=86584"}],"curies":[{"name":"wp","href":"https:\/\/api.w.org\/{rel}","templated":true}]}}