{"id":86588,"date":"2025-11-13T21:47:12","date_gmt":"2025-11-13T21:47:12","guid":{"rendered":"https:\/\/www.europesays.com\/no\/86588\/"},"modified":"2025-11-13T21:47:12","modified_gmt":"2025-11-13T21:47:12","slug":"slik-gikk-det-med-arets-jakten-bonder","status":"publish","type":"post","link":"https:\/\/www.europesays.com\/no\/86588\/","title":{"rendered":"Slik gikk det med \u00e5rets jakten-b\u00f8nder"},"content":{"rendered":"<p class=\"kicker \" style=\"\">Jakten p\u00e5 kj\u00e6rligheten<\/p>\n<p>  Cornelia forteller hvordan tiden etter Jakten p\u00e5 kj\u00e6rligheten har v\u00e6rt.<\/p>\n<p>\n    SISTE FRIER: \u00d8ystein var den som ble igjen hos Cornelia. Men tiden etter har ikke v\u00e6rt lett. Foto: TV 2\n  <\/p>\n<p>I dag, torsdag 13. november, f\u00e5r vi vite hvordan det har<br \/>\ng\u00e5tt med de fire \u00abJakten p\u00e5 kj\u00e6rligheten\u00bb-b\u00f8ndene. Det har blitt mye fl\u00f8rting,<br \/>\nt\u00e5rer og romantikk i \u00e5rets sesong, men hvem er fortsatt et par i dag?<\/p>\n<p>NB: Spoiler.<\/p>\n<p>I dagens reunion-episode m\u00f8tes de fire b\u00f8ndene, for \u00e5 snakke<br \/>\nom tiden etter. Det hadde da g\u00e5tt to m\u00e5neder siden innspilling. Og det viser<br \/>\nseg at kj\u00e6rligheten har blomstret for noen.<\/p>\n<p>Kristian og Monica, og Daniel og Jorune, kunne fortelle at<br \/>\nde hadde blitt kj\u00e6rester. Det var uavklart mellom Magnus og Sandra, mens<br \/>\nCornelia kunne fortelle at hun og \u00d8ystein hadde avsluttet relasjonen.<\/p>\n<p>    <a itemprop=\"url\" href=\"https:\/\/www.kk.no\/samliv\/mann-37-dette-gjorde-at-jeg-ville-treffe-henne-igjen-og-igjen\/81360599\" rel=\"nofollow noopener\" target=\"_blank\"><\/p>\n<p>      <img loading=\"lazy\" decoding=\"async\" src=\"https:\/\/www.europesays.com\/no\/wp-content\/uploads\/2025\/11\/82732522.webp\" width=\"980\" height=\"441\" title=\"Fire menn forteller: Derfor falt jeg for akkurat henne\" alt=\"\" class=\"lazyload\" style=\"--aspect-ratio-image: 2.22; \"\/><\/p>\n<p>        Fire menn forteller: Derfor falt jeg for akkurat henne<\/p>\n<p>    <\/a><\/p>\n<p>Jakten-opplevelsen\t<\/p>\n<p>KK m\u00f8ter Cornelia Sofie Undheim (33) samme dag som siste<br \/>\nepisode slippes. Hun forteller at selve Jakten-opplevelsen var helt fantastisk,<br \/>\nmen at det naturligvis var vanskelig \u00e5 sende hjem frierne, da hun raskt ble<br \/>\nglad i alle sammen.<\/p>\n<p>&#8211; Det var vanskelig \u00e5 avvise og si ha det til personer jeg<br \/>\nhar blitt glad i. Og s\u00e5 er jeg en person som vanligvis bestemmer meg ganske<br \/>\nfort for om det er noe der eller ikke, s\u00e5 der m\u00e5tte jeg jobbe litt med meg<br \/>\nselv.<\/p>\n<p>Vi m\u00e5 litt tilbake i tid \u2013 f\u00f8r det avgj\u00f8rende valget.<br \/>\nCornelia valgte til slutt \u00d8ystein, og Eivind m\u00e5tte sette kursen hjem til Bod\u00f8.<\/p>\n<p>&#8211; Var det et vanskelig valg?<\/p>\n<p>&#8211; Det h\u00f8res f\u00e6lt ut, men det var ikke noe vanskelig \u00e5 velge<br \/>\nmellom de to. For meg var Eivind en jeg ganske lenge s\u00e5 p\u00e5 som en venn, som jeg<br \/>\nble veldig, veldig glad i. Med \u00d8ystein f\u00f8lte jeg det var en liten mulighet for<br \/>\nat det kunne utvikle seg til noe mer, sier hun, og tar en liten tenkepause.<\/p>\n<p>&#8211; Men det betyr ikke at det var lett \u2013 jeg syntes det var<br \/>\nveldig vondt. For jeg opplevde at Eivind likte meg, og at han var der for riktig<br \/>\ngrunn.<\/p>\n<p>    <a itemprop=\"url\" href=\"https:\/\/www.kk.no\/underholdning\/krangler-om-det-samme-hele-livet\/83830909\" rel=\"nofollow noopener\" target=\"_blank\"><\/p>\n<p>      <img loading=\"lazy\" decoding=\"async\" src=\"https:\/\/www.europesays.com\/no\/wp-content\/uploads\/2025\/11\/83831437.webp\" width=\"147\" height=\"98\" title=\"- Krangler om det samme hele livet\" alt=\"\" class=\"lazyload\" style=\"--aspect-ratio-image: 1.50; \"\/><\/p>\n<p>        &#8211; Krangler om det samme hele livet<\/p>\n<p>    <\/a><\/p>\n<p>Var veldig usikker<\/p>\n<p>Cornelia forteller at hun var usikker p\u00e5 om hun skulle<br \/>\nfortsette relasjonen med \u00d8ystein ogs\u00e5.<\/p>\n<p class=\"font-weight-bold m-font-weight-bold\" data-lab-font_weight=\"font-weight-bold\">&#8211; Jeg m\u00e5 innr\u00f8mme at jeg var innom den tanken ogs\u00e5. Men jeg<br \/>\nhadde en samtale med \u00d8ystein om det, hvor jeg var brutalt \u00e6rlig og fortalte at<br \/>\njeg var usikker. Jeg vet ikke hvordan jeg hadde taklet en slik beskjed selv,<br \/>\nmen m\u00e5ten \u00d8ystein h\u00e5ndterte det p\u00e5, gjorde at jeg \u00f8nsket \u00e5 gi det en sjanse.<\/p>\n<p>Det er tydelig at Cornelia setter stor pris p\u00e5 alle frierne,<br \/>\nog hun skulle \u00f8nske hun kunne tatt kvaliteter fra alle tre.<\/p>\n<p>&#8211; Jeg tror ikke jeg var s\u00e5 flink til \u00e5 tenke over hva jeg<br \/>\nmanglet i de ulike relasjonene. Dette er noe jeg har reflektert over i<br \/>\nettertid. \u00d8ystein og jeg hadde veldig fine, dype samtaler. Relasjonen til<br \/>\nEivind var veldig leken og lett \u2013 der manglet jeg litt det dype. Hos \u00d8ystein<br \/>\nvar det motsatt. Og det ble enda tydeligere for meg da Eivind ble sendt hjem,<br \/>\nfor han fl\u00f8y rundt og lettet p\u00e5 stemningen hele tiden.<\/p>\n<p>          <img loading=\"lazy\" decoding=\"async\" src=\"https:\/\/www.europesays.com\/no\/wp-content\/uploads\/2025\/11\/83848133.webp\" width=\"980\" height=\"559\" title=\"JAKTEN: Cornelia Undheim. Foto: Ida Bergersen\" alt=\"\" class=\"\" style=\"--aspect-ratio-image: 1.75; \"\/><\/p>\n<p>\n          JAKTEN: Cornelia Undheim. Foto: Ida Bergersen\n      <\/p>\n<p>    <a itemprop=\"url\" href=\"https:\/\/www.kk.no\/underholdning\/jeg-hadde-mer-ro-i-kroppen-der-som-en-ekte-psykopat\/83813239\" rel=\"nofollow noopener\" target=\"_blank\"><\/p>\n<p>      <img loading=\"lazy\" decoding=\"async\" src=\"https:\/\/www.europesays.com\/no\/wp-content\/uploads\/2025\/11\/83813259.webp\" width=\"980\" height=\"441\" title=\"\u2013 Jeg hadde mer ro i kroppen der \u2013 som en ekte psykopat\" alt=\"\" class=\"lazyload\" style=\"--aspect-ratio-image: 2.22; \"\/><\/p>\n<p>        \u2013 Jeg hadde mer ro i kroppen der \u2013 som en ekte psykopat<\/p>\n<p>    <\/a><\/p>\n<p>Gikk ikke veien<\/p>\n<p>Selv om Cornelia valgte \u00e5 gi relasjonen til \u00d8ystein en<br \/>\nsjanse, gikk det ikke veien.<\/p>\n<p class=\"font-weight-bold m-font-weight-bold\" data-lab-font_weight=\"font-weight-bold\">&#8211; Han visste at jeg var veldig usikker, og da var det<br \/>\nvanskelig for han \u00e5 ta initiativ. Det hjalp jo heller ikke at vi bor s\u00e5 langt<br \/>\nunna hverandre. Det f\u00f8rte til at jeg var helt avhengig av at han var mye mer<br \/>\n\u00abp\u00e5\u00bb, og det var han ikke. Han visste ikke helt hvordan han skulle h\u00e5ndtere meg<br \/>\nda jeg var s\u00e5 usikker. Da d\u00f8de det ut fort.<\/p>\n<p>Cornelia forteller at de har hatt flere samtaler om dette,<br \/>\nog at det bare er god stemning mellom dem i dag.<\/p>\n<p>&#8211; \u00d8ystein er en helt fantastisk fin fyr. S\u00e5 st\u00f8dig og trygg.<br \/>\nAlt man f\u00e5r h\u00f8re at man b\u00f8r g\u00e5 etter i en partner. Men f\u00f8lelsene sine f\u00e5r man<br \/>\njo ikke styrt.<\/p>\n<p>Til tross for at Cornelia har datet p\u00e5 riksdekkende tv,<br \/>\nforteller hun at hun ikke er desperat etter \u00e5 finne seg en kj\u00e6reste.<\/p>\n<p>&#8211; Det kan jo fremst\u00e5 s\u00e5nn, men jeg har det veldig fint uten<br \/>\nen kj\u00e6reste, og trives godt alene. Jeg er selvstendig, trenger ikke hjelp fra<br \/>\nnoen. Skal jeg g\u00e5 inn i en relasjon, m\u00e5 det gi meg mer. Det m\u00e5 tilf\u00f8re livet<br \/>\nnoe ekstra. Og det h\u00e5per jeg at jeg klarer \u00e5 finne, smiler hun.<\/p>\n<p>    <a itemprop=\"url\" href=\"https:\/\/www.kk.no\/underholdning\/hadde-ikke-gratt-pa-16-ar-1\/83787525\" rel=\"nofollow noopener\" target=\"_blank\"><\/p>\n<p>      <img loading=\"lazy\" decoding=\"async\" src=\"https:\/\/www.europesays.com\/no\/wp-content\/uploads\/2025\/11\/1763070431_278_83787600.webp\" width=\"980\" height=\"441\" title=\"- Hadde ikke gr\u00e5tt p\u00e5 16 \u00e5r\" alt=\"\" class=\"lazyload\" style=\"--aspect-ratio-image: 2.22; \"\/><\/p>\n<p>        &#8211; Hadde ikke gr\u00e5tt p\u00e5 16 \u00e5r<\/p>\n<p>    <\/a><\/p>\n<p>            <img loading=\"lazy\" decoding=\"async\" src=\"https:\/\/www.europesays.com\/no\/wp-content\/uploads\/2025\/11\/1763070432_89_81859885.webp\" width=\"196\" height=\"155\" title=\"Har du et tips?\" alt=\"\" class=\"\" style=\"--aspect-ratio-image: 1.26; \"\/><\/p>\n<p>        Har du et tips?<\/p>\n<p class=\"subtitle\">Hei, jeg heter Ida Bergersen, og er journalist i KK. Har du et tips, en historie du vil fortelle eller et felt du mener vi b\u00f8r skrive om?<\/p>\n","protected":false},"excerpt":{"rendered":"Jakten p\u00e5 kj\u00e6rligheten Cornelia forteller hvordan tiden etter Jakten p\u00e5 kj\u00e6rligheten har v\u00e6rt. SISTE FRIER: \u00d8ystein var den&hellip;\n","protected":false},"author":2,"featured_media":86589,"comment_status":"","ping_status":"","sticky":false,"template":"","format":"standard","meta":{"footnotes":""},"categories":[5],"tags":[20,21,11385,24,25,15,19,231,22,23,17,18,13,30,28,29,14,16,26,27,72],"class_list":{"0":"post-86588","1":"post","2":"type-post","3":"status-publish","4":"format-standard","5":"has-post-thumbnail","7":"category-overskrifter","8":"tag-breaking-news","9":"tag-breakingnews","10":"tag-cornelia-sofia-undheim","11":"tag-featured-news","12":"tag-featurednews","13":"tag-headlines","14":"tag-hovedoppslag","15":"tag-jakten-pa-kjaerligheten","16":"tag-latest-news","17":"tag-latestnews","18":"tag-main-news","19":"tag-mainnews","20":"tag-news","21":"tag-no","22":"tag-norge","23":"tag-norway","24":"tag-nyheter","25":"tag-overskrifter","26":"tag-top-stories","27":"tag-topstories","28":"tag-underholdning"},"share_on_mastodon":{"url":"https:\/\/pubeurope.com\/@no\/115544591374568167","error":""},"_links":{"self":[{"href":"https:\/\/www.europesays.com\/no\/wp-json\/wp\/v2\/posts\/86588","targetHints":{"allow":["GET"]}}],"collection":[{"href":"https:\/\/www.europesays.com\/no\/wp-json\/wp\/v2\/posts"}],"about":[{"href":"https:\/\/www.europesays.com\/no\/wp-json\/wp\/v2\/types\/post"}],"author":[{"embeddable":true,"href":"https:\/\/www.europesays.com\/no\/wp-json\/wp\/v2\/users\/2"}],"replies":[{"embeddable":true,"href":"https:\/\/www.europesays.com\/no\/wp-json\/wp\/v2\/comments?post=86588"}],"version-history":[{"count":0,"href":"https:\/\/www.europesays.com\/no\/wp-json\/wp\/v2\/posts\/86588\/revisions"}],"wp:featuredmedia":[{"embeddable":true,"href":"https:\/\/www.europesays.com\/no\/wp-json\/wp\/v2\/media\/86589"}],"wp:attachment":[{"href":"https:\/\/www.europesays.com\/no\/wp-json\/wp\/v2\/media?parent=86588"}],"wp:term":[{"taxonomy":"category","embeddable":true,"href":"https:\/\/www.europesays.com\/no\/wp-json\/wp\/v2\/categories?post=86588"},{"taxonomy":"post_tag","embeddable":true,"href":"https:\/\/www.europesays.com\/no\/wp-json\/wp\/v2\/tags?post=86588"}],"curies":[{"name":"wp","href":"https:\/\/api.w.org\/{rel}","templated":true}]}}