{"id":86592,"date":"2025-11-13T21:55:19","date_gmt":"2025-11-13T21:55:19","guid":{"rendered":"https:\/\/www.europesays.com\/no\/86592\/"},"modified":"2025-11-13T21:55:19","modified_gmt":"2025-11-13T21:55:19","slug":"selger-minner-for-a-finansiere-kreftbehandling-2","status":"publish","type":"post","link":"https:\/\/www.europesays.com\/no\/86592\/","title":{"rendered":"Selger minner for \u00e5 finansiere kreftbehandling"},"content":{"rendered":"<p class=\"kicker \" style=\"\">James Van Der Beek:\u00a0<\/p>\n<p>  \u00abDawsons Creek\u00bb-stjerna har sett seg n\u00f8dt til \u00e5 selge flere av sine personlige eiendeler for \u00e5 f\u00e5 r\u00e5d til kreftbehandling, for andre gang.\u00a0\u00a0<\/p>\n<p>\n    DAWSON: James Van Der Beek spilte den titul\u00e6re hovedrollen som Dawson i \u00abDawson&#8217;s Creek\u00bb N\u00e5 har han sett seg n\u00f8dt til \u00e5 selge flere kostymer fra den ikoniske serien. Foto: Warner Bros Tv\/Kobal\/REX\/NTB\n  <\/p>\n<p>    Kort fortalt<\/p>\n<ul lang=\"nb-NO\">\n<li>James Van Der Beek, kjent fra \u00abDawson&#8217;s Creek\u00bb, fikk diagnosen tarmkreft p\u00e5 slutten av fjor\u00e5ret.<\/li>\n<li>N\u00e5 selger han flere rekvisitter og kostymer for \u00e5 finansiere behandlingen.\u00a0<\/li>\n<li>Han har solgt rekvisitter fra \u00abVarsity Blues\u00bb tidligere. N\u00e5 selger han rekvisitter fra \u00abDawson&#8217;s Creek\u00bb.\u00a0<\/li>\n<li>Van Der Beek f\u00f8lte seg tvunget til \u00e5 offentliggj\u00f8re diagnosen tidligere enn planlagt.<\/li>\n<\/ul>\n<p class=\"italic ai-disclaimer\" data-lab-italic=\"italic\">Sammendraget er laget av ChatGPT og godkjent av Dagbladet.<\/p>\n<p>      Vis mer<br \/>\n      Vis mindre<\/p>\n<p>James Van Der Beek (48) ble et kjent fjes for mange da han spilte hovedrollen i ten\u00e5ringsserien \u00abDawson&#8217;s Creek\u00bb.\u00a0<\/p>\n<p class=\"font-weight-bold m-font-weight-bold\" data-lab-font_weight=\"font-weight-bold\">I fjor kom den knusende beskjeden om at han hadde <a href=\"https:\/\/www.dagbladet.no\/kjendis\/har-fatt-tarmkreft\/82178017\" rel=\"nofollow noopener\" target=\"_blank\">f\u00e5tt tarmkreft<\/a>.<\/p>\n<p>&#8211; Jeg har forholdt meg til diagnosen privat og tatt de n\u00f8dvendige stegene for \u00e5 f\u00e5 behandling, med st\u00f8tte fra den fantastiske familien min, sa 48-\u00e5ringen den gang, og la til at det var god grunn til optimisme.\u00a0<\/p>\n<p>          <img loading=\"lazy\" decoding=\"async\" src=\"https:\/\/www.europesays.com\/no\/wp-content\/uploads\/2025\/11\/1763070910_858_83632806.webp\" width=\"686\" height=\"378\" title=\"KREFTSYK: Da skuespillerne i \u00abDawson's Creek\u00bb skulle gjenforenes tidligere i \u00e5r, dukket van Der Beek opp digitalt. Han var for syk til \u00e5 stille opp fysisk, fortalte han. Foto: X\" alt=\"\" class=\"\" style=\"--aspect-ratio-image: 1.81; \"\/><\/p>\n<p>\n          KREFTSYK: Da skuespillerne i \u00abDawson&#8217;s Creek\u00bb skulle gjenforenes tidligere i \u00e5r, dukket van Der Beek opp digitalt. Han var for syk til \u00e5 stille opp fysisk, fortalte han. Foto: X\n      <\/p>\n<p>Han avsl\u00f8rte ogs\u00e5 at han da solgte rekvisitter fra filmen \u00abVarsity Blues\u00bb for \u00e5 ha r\u00e5d til behandlingen, if\u00f8lge\u00a0<a href=\"https:\/\/pagesix.com\/2024\/11\/30\/celebrity-news\/james-van-der-beek-selling-varsity-blues-merch-to-help-pay-for-cancer-treatment\/\" rel=\"nofollow noopener\" target=\"_blank\">Page Six<\/a>.\u00a0\u00a0<\/p>\n<p>    <a itemprop=\"url\" href=\"https:\/\/www.dagbladet.no\/kjendis\/dukket-opp-etter-sykdommen\/83633442\" rel=\"nofollow noopener\" target=\"_blank\"><\/p>\n<p>      <img loading=\"lazy\" decoding=\"async\" src=\"https:\/\/www.europesays.com\/no\/wp-content\/uploads\/2025\/11\/1763070911_602_83633682.webp\" width=\"980\" height=\"441\" title=\"Dukket opp etter sykdommen\" alt=\"\" class=\"lazyload\" style=\"--aspect-ratio-image: 2.22; \"\/><\/p>\n<p>        Dukket opp etter sykdommen<\/p>\n<p>    <\/a><\/p>\n<p> Det skulle imidlertid vise seg at \u00abVarsity Blues\u00bb-salget ikke holdt. N\u00e5 ser han seg n\u00f8dt til \u00e5 selge enda mer.\u00a0<\/p>\n<p>    Stadium tre tarmkreft<\/p>\n<ul>\n<li class=\"lab-bodytext-line\"> Betyr at kreften sitter i tykktarmen eller endetarmen og har spredt seg til \u00e9n eller flere lymfeknuter i n\u00e6rheten av svulsten, men ikke til andre organer.\u00a0<\/li>\n<li class=\"lab-bodytext-line\">I Norge ligger 5-\u00e5rs overlevelsen for stadium tre p\u00e5 rundt 81 til 85 prosent.\u00a0<\/li>\n<li class=\"lab-bodytext-line\">Behandlingen inneb\u00e6rer som regel kirurgi der svulsten og de ber\u00f8rte lymfeknutene fjernes, fulgt av cellegift n\u00e5r lymfeknuter er involvert.\u00a0<\/li>\n<li class=\"lab-bodytext-line\">F\u00f8r behandlingen starter kartlegges sykdommen n\u00f8ye med vevspr\u00f8ver, CT eller MR og blodpr\u00f8ver.<\/li>\n<\/ul>\n<p>Kilde: <a href=\"https:\/\/kreftlex.no\/Tykk-og-endetarmskreft\/BAKGRUNN\/Stadier\" rel=\"nofollow noopener\" target=\"_blank\">Kreftlex<\/a><\/p>\n<p>      Vis mer<br \/>\n      Vis mindre<\/p>\n<p>Selger bort skatter p\u00e5 auksjon\t<\/p>\n<p>48-\u00e5ringen \u00e5pner n\u00e5, nok en gang, d\u00f8rene til sitt private kostymearkiv og lar fans sikre seg helt unike suvenirer.<\/p>\n<p>    <a itemprop=\"url\" href=\"https:\/\/www.dagbladet.no\/kjendis\/matte-se-doden-i-oynene\/82834553\" rel=\"nofollow noopener\" target=\"_blank\"><\/p>\n<p>      <img loading=\"lazy\" decoding=\"async\" src=\"https:\/\/www.europesays.com\/no\/wp-content\/uploads\/2025\/11\/82834571.webp\" width=\"980\" height=\"441\" title=\"- M\u00e5tte se d\u00f8den i \u00f8ynene\" alt=\"\" class=\"lazyload\" style=\"--aspect-ratio-image: 2.22; \"\/><\/p>\n<p>        &#8211; M\u00e5tte se d\u00f8den i \u00f8ynene<\/p>\n<p>    <\/a><\/p>\n<p> &#8211;\u00a0Jeg har lagret disse skattene i \u00e5revis og ventet p\u00e5 det rette \u00f8yeblikket. Med alle de uventede vendingene livet har tatt i det siste, er det tydelig at tida er inne, sier Van Der Beek om salget til\u00a0<a href=\"https:\/\/people.com\/james-van-der-beek-auctions-dawsons-creek-varsity-blues-memorabilia-exclusive-11847179\" rel=\"nofollow noopener\" target=\"_blank\">People<\/a>.<\/p>\n<p>Skuespilleren selger b\u00e5de kostymer, rekvisitter og ikoniske settdetaljer fra rollene som formet karrieren hans. Hele inntekten g\u00e5r direkte til skuespilleren selv for \u00e5 dekke de omfattende kostnadene knyttet til kreftbehandlingen.<\/p>\n<p>          <img loading=\"lazy\" decoding=\"async\" src=\"https:\/\/www.europesays.com\/no\/wp-content\/uploads\/2025\/11\/1763070914_289_83844819.webp\" width=\"686\" height=\"536\" title=\"ROMANSE: Blant de dyreste gjenstandene som selges er halskjedet som Dawson ga til Joey, spilt av Katie Holmes, p\u00e5 skoleballet. Foto: Fred Norris\/Warner Bros Tv\/Kobal\/REX\/NTB\" alt=\"\" class=\"\" style=\"--aspect-ratio-image: 1.28; \"\/><\/p>\n<p>\n          ROMANSE: Blant de dyreste gjenstandene som selges er halskjedet som Dawson ga til Joey, spilt av Katie Holmes, p\u00e5 skoleballet. Foto: Fred Norris\/Warner Bros Tv\/Kobal\/REX\/NTB\n      <\/p>\n<p> Det finnes flere h\u00f8ydepunkt blant gjenstandene for \u00abDawson\u2019s Creek\u00bb-fansen. Serien gikk fra 1998 til 2003. <\/p>\n<p>    <a itemprop=\"url\" href=\"https:\/\/www.dagbladet.no\/kjendis\/20-ar-er-gatt-siden-forste-mote-med-dawsons-creek-slik-har-det-gatt\/69372965\" rel=\"nofollow noopener\" target=\"_blank\"><\/p>\n<p>      <img loading=\"lazy\" decoding=\"async\" src=\"https:\/\/www.europesays.com\/no\/wp-content\/uploads\/2025\/11\/69372992.webp\" width=\"980\" height=\"441\" title=\"20 \u00e5r er g\u00e5tt siden f\u00f8rste m\u00f8te med \u00abDawson's Creek\u00bb. Slik har det g\u00e5tt\" alt=\"\" class=\"lazyload\" style=\"--aspect-ratio-image: 2.22; \"\/><\/p>\n<p>        20 \u00e5r er g\u00e5tt siden f\u00f8rste m\u00f8te med \u00abDawson&#8217;s Creek\u00bb. Slik har det g\u00e5tt<\/p>\n<p>    <\/a><\/p>\n<p> Halskjedet Dawson ga til Joey, spilt av Katie Holmes (46), til skoleballet er ventet \u00e5 g\u00e5 for mellom 260 000 og 530 000 norske kroner.\u00a0<\/p>\n<p>Ogs\u00e5 den brune flanellskjorta han brukte i pilotepisoden ligger ute til salgs, med en takst p\u00e5 opp mot 40 000 norske kroner.\u00a0<\/p>\n<p>          <img loading=\"lazy\" decoding=\"async\" src=\"https:\/\/www.europesays.com\/no\/wp-content\/uploads\/2025\/11\/1763070916_496_83844801.webp\" width=\"686\" height=\"851\" title=\"TIL SALGS: James Van Der Beek sin karakter, Dawson, hadde p\u00e5 seg dette ikoniske antrekket i seriens pilotepisode. N\u00e5 kan skjorta bli din. Foto: Warner Bros Tv\/Kobal\/REX\/NTB\" alt=\"\" class=\"\" style=\"--aspect-ratio-image: 0.81; \"\/><\/p>\n<p>\n          TIL SALGS: James Van Der Beek sin karakter, Dawson, hadde p\u00e5 seg dette ikoniske antrekket i seriens pilotepisode. N\u00e5 kan skjorta bli din. Foto: Warner Bros Tv\/Kobal\/REX\/NTB\n      <\/p>\n<p> Utsalget av de ikoniske rekvisittene vil finne sted p\u00e5 Winter Entertainment Memorabilia Live Auction, som g\u00e5r av stabelen 5. til 7. desember. <\/p>\n<p>        \u00abSPILLET\u00bb: Simen Bondevik forteller at gjengen p\u00e5 \u00abdet skjulte rommet\u00bb gjorde oppr\u00f8r mot produksjonen. Video: \u00abSpillet\u00bb\/TV 2, Nora Skavhaug<\/p>\n<p>Tvunget til \u00e5 offentliggj\u00f8re diagnosen\t<\/p>\n<p>Van Der Beek \u00e5pnet seg opp om kreftdiagnosen for f\u00f8rste gang i november 2024, i et eksklusivt intervju med <a href=\"https:\/\/people.com\/james-van-der-beek-colorectal-cancer-exclusive-8741642\" rel=\"nofollow noopener\" target=\"_blank\">People<\/a>.\u00a0<\/p>\n<p class=\"font-weight-bold m-font-weight-bold\" data-lab-font_weight=\"font-weight-bold\"> Dagen etter at intervjuet ble publisert, avsl\u00f8rte James at\u00a0f\u00f8lte seg <a href=\"https:\/\/www.dagbladet.no\/kjendis\/folte-seg-tvunget\/82182870\" rel=\"nofollow noopener\" target=\"_blank\">tvunget til \u00e5 offentliggj\u00f8re kreftdiagnosen<\/a> tidligere enn planlagt.\u00a0\u00a0<\/p>\n<p>    <a itemprop=\"url\" href=\"https:\/\/www.dagbladet.no\/kjendis\/hollywood-parene-alle-har-glemt\/77000457\" rel=\"nofollow noopener\" target=\"_blank\"><\/p>\n<p>      <img loading=\"lazy\" decoding=\"async\" src=\"https:\/\/www.europesays.com\/no\/wp-content\/uploads\/2025\/11\/76797222.webp\" width=\"980\" height=\"441\" title=\"Hollywood-parene \u00aballe\u00bb har glemt\" alt=\"\" class=\"lazyload\" style=\"--aspect-ratio-image: 2.22; \"\/><\/p>\n<p>        Hollywood-parene \u00aballe\u00bb har glemt<\/p>\n<p>    <\/a><\/p>\n<p>\u00c5rsaken var at et annet tabloidmagasin skal ha truet ham med \u00e5 publisere nyheten. <\/p>\n<p>          <img loading=\"lazy\" decoding=\"async\" src=\"https:\/\/www.europesays.com\/no\/wp-content\/uploads\/2025\/11\/1763070919_800_83844824.webp\" width=\"686\" height=\"837\" title=\"GIFT: James van Der Beek og kona Kimberly Van Der Beek har seks barn sammen. N\u00e5 navigerer familien seg gjennom den omfattende diagnosen. Foto: Berliner Alex J\/Action Press\/REX\/NTB\" alt=\"\" class=\"\" style=\"--aspect-ratio-image: 0.82; \"\/><\/p>\n<p>\n          GIFT: James van Der Beek og kona Kimberly Van Der Beek har seks barn sammen. N\u00e5 navigerer familien seg gjennom den omfattende diagnosen. Foto: Berliner Alex J\/Action Press\/REX\/NTB\n      <\/p>\n<p>\u00abJeg hadde planlagt \u00e5 snakke med People Magazine om dette p\u00e5 et tidspunkt snart.\u00a0Men den planen m\u00e5tte endres denne morgenen da jeg ble informert om at et tabloidblad kom til \u00e5 kj\u00f8re ut nyheten. Jeg har g\u00e5tt gjennom dette privat til n\u00e5, f\u00e5tt behandling og fokusert mer p\u00e5 egen helse enn noen gang f\u00f8r\u00bb, skrev skuespilleren p\u00e5\u00a0<a href=\"https:\/\/www.instagram.com\/reel\/DB7ZtoJuQUb\/?utm_source=ig_web_copy_link&amp;igsh=MzRlODBiNWFlZA==\" rel=\"nofollow noopener\" target=\"_blank\">Instagram<\/a>.\u00a0<\/p>\n<p>        STORMER: En deltaker i den nye sesongen av \u00abMarried at First Sight UK\u00bb mottar massiv kritikk for sine handlinger under innspillingen. Video: Channel 4 \/ R\u00f8d L\u00f8per<\/p>\n<p> I samme innlegg beklaget han til familie og venner som m\u00e5tte f\u00e5 den tragiske nyheten gjennom magasinet og sosiale medier, i stedet for \u00e5 f\u00e5 den direkte fra ham selv. <\/p>\n<p>Van Der Beek er gift med Kimberly Van Der Beek (43) og sammen har de barna Olivia (15), Joshua (13), Annabel (11), Emilia (9), Gwendolyn (7) og Jeremiah (4).<\/p>\n<p><script async src=\"\/\/www.instagram.com\/embed.js\"><\/script><\/p>\n","protected":false},"excerpt":{"rendered":"James Van Der Beek:\u00a0 \u00abDawsons Creek\u00bb-stjerna har sett seg n\u00f8dt til \u00e5 selge flere av sine personlige eiendeler&hellip;\n","protected":false},"author":2,"featured_media":86593,"comment_status":"","ping_status":"","sticky":false,"template":"","format":"standard","meta":{"footnotes":""},"categories":[5],"tags":[6999,20,21,24,25,15,19,6764,479,22,23,17,18,13,30,28,29,14,16,6763,26,27],"class_list":{"0":"post-86592","1":"post","2":"type-post","3":"status-publish","4":"format-standard","5":"has-post-thumbnail","7":"category-overskrifter","8":"tag-auksjon","9":"tag-breaking-news","10":"tag-breakingnews","11":"tag-featured-news","12":"tag-featurednews","13":"tag-headlines","14":"tag-hovedoppslag","15":"tag-james-van-der-beek","16":"tag-kjendis","17":"tag-latest-news","18":"tag-latestnews","19":"tag-main-news","20":"tag-mainnews","21":"tag-news","22":"tag-no","23":"tag-norge","24":"tag-norway","25":"tag-nyheter","26":"tag-overskrifter","27":"tag-tarmkreft","28":"tag-top-stories","29":"tag-topstories"},"share_on_mastodon":{"url":"https:\/\/pubeurope.com\/@no\/115544622924631114","error":""},"_links":{"self":[{"href":"https:\/\/www.europesays.com\/no\/wp-json\/wp\/v2\/posts\/86592","targetHints":{"allow":["GET"]}}],"collection":[{"href":"https:\/\/www.europesays.com\/no\/wp-json\/wp\/v2\/posts"}],"about":[{"href":"https:\/\/www.europesays.com\/no\/wp-json\/wp\/v2\/types\/post"}],"author":[{"embeddable":true,"href":"https:\/\/www.europesays.com\/no\/wp-json\/wp\/v2\/users\/2"}],"replies":[{"embeddable":true,"href":"https:\/\/www.europesays.com\/no\/wp-json\/wp\/v2\/comments?post=86592"}],"version-history":[{"count":0,"href":"https:\/\/www.europesays.com\/no\/wp-json\/wp\/v2\/posts\/86592\/revisions"}],"wp:featuredmedia":[{"embeddable":true,"href":"https:\/\/www.europesays.com\/no\/wp-json\/wp\/v2\/media\/86593"}],"wp:attachment":[{"href":"https:\/\/www.europesays.com\/no\/wp-json\/wp\/v2\/media?parent=86592"}],"wp:term":[{"taxonomy":"category","embeddable":true,"href":"https:\/\/www.europesays.com\/no\/wp-json\/wp\/v2\/categories?post=86592"},{"taxonomy":"post_tag","embeddable":true,"href":"https:\/\/www.europesays.com\/no\/wp-json\/wp\/v2\/tags?post=86592"}],"curies":[{"name":"wp","href":"https:\/\/api.w.org\/{rel}","templated":true}]}}