{"id":86598,"date":"2025-11-13T22:02:59","date_gmt":"2025-11-13T22:02:59","guid":{"rendered":"https:\/\/www.europesays.com\/no\/86598\/"},"modified":"2025-11-13T22:02:59","modified_gmt":"2025-11-13T22:02:59","slug":"naeringsliv-mosjoen-disse-bedriftene-mottok-tilskudd-fra-naeringsfondet-helgelendingen","status":"publish","type":"post","link":"https:\/\/www.europesays.com\/no\/86598\/","title":{"rendered":"N\u00e6ringsliv, Mosj\u00f8en | Disse bedriftene mottok tilskudd fra n\u00e6ringsfondet &#8211; Helgelendingen"},"content":{"rendered":"<ol>\n<li><a href=\"https:\/\/news.google.com\/rss\/articles\/CBMijgFBVV95cUxPalpkaWFkUjN4a20xU2tIaGJUS3V0X3ZaMFg3UllfLUQwZVllbGx0UF9sbmhVTWp2amRVSGktNzBtR2F4WV82aC0wZG5HYXZiN3Nsdy1MYWp0cGJUMTU1U0VHc2VaeGZUbW81NzNtUWJNWWh6MUZ4R0lNT1VSWnBWZkdPbnZQeWJwbEh2ek5R?oc=5\" target=\"_blank\" rel=\"nofollow noopener\">N\u00e6ringsliv, Mosj\u00f8en | Disse bedriftene mottok tilskudd fra n\u00e6ringsfondet<\/a>&nbsp;&nbsp;Helgelendingen<\/li>\n<li><a href=\"https:\/\/news.google.com\/rss\/articles\/CBMijgFBVV95cUxQcllvbGRBck5PRlZtbWVIS3JfY2M2YXZkTGpxdk85QThVRC03RnNsRm5mR2tJNklrZ0pVY19mNmVKZXd3c2l4M1JtSERtbmJHbTdqRnhaRWRHUjFtLU5mRFJmRy1WNGhmXzVYWjVpYlVuUVMtT0JLcmtjQlNOSzJ3dGpfV2JDcnBxQmlfa2VB?oc=5\" target=\"_blank\" rel=\"nofollow noopener\">N\u00e6ringsliv, N\u00e6ringsfond | Gjeninnf\u00f8rer viktig tiltak for n\u00e6ringslivet<\/a>&nbsp;&nbsp;Stangeavisa<\/li>\n<li><a href=\"https:\/\/news.google.com\/rss\/articles\/CBMidEFVX3lxTE1xZDdFMTVJdU9KOTJwUjJ4SDRMRlFZYkJFSDFmMUtERnIzckt6a1JzcFZiNnZLUE9UNzZyb2JXNFdidTNpXzc3SEp3ZXBqTVRoYXMxbWphRDVkNGNiY2txMkJVOUVTa1psWDV6VUkzVGZuTXNL?oc=5\" target=\"_blank\" rel=\"nofollow noopener\">Fikk 100 000 fra kommunen<\/a>&nbsp;&nbsp;avisa-st.no<\/li>\n<li><a href=\"https:\/\/news.google.com\/rss\/articles\/CBMivAFBVV95cUxNRzI5MjFOdmVIUkJpT0Z3ZHJWZnlSa0h2S3NwQ3VtREJEeW5idE5PTFdBSFVLclN4WWJjQ2s2ZlAzYy11YjJGYXBhLVZfN1VpSFhVUFB5ZG1ibnRDeFAxUzZHR3I5VXNpaTMzb1BDRU16U1pnQTBHdkc1NGRfTldrQ19DZXB5WnkyOTdVeE1EVGxZN1A2dDcxclFYaEtqam1VbHY5QVprbllNbnNFNTljdzRyN3lJZkwzajB0Wg?oc=5\" target=\"_blank\" rel=\"nofollow noopener\">Nyhende, N\u00e6ringsfondet | Yoga, droneteknologi og ombygging av lokale \u2013 sj\u00e5 kva prosjekt som kan f\u00e5 st\u00f8tte<\/a>&nbsp;&nbsp;Kvinnheringen<\/li>\n<li><a href=\"https:\/\/news.google.com\/rss\/articles\/CBMidEFVX3lxTFBiT0NFVVU0RGJSUENLSzRheWRJYkQzYnEyU0tIbk1SbzdoLUtFeUp5OTFVakFEUjdLMEFDRkJRRnJvRTUyb2M3dU1mbV9Wa0xReDJFRHdfNUYxMlRyVTctbDk5OFlOaG9BdVc1WnN3elhvMzQ4?oc=5\" target=\"_blank\" rel=\"nofollow noopener\">Vil gi gr\u00fcndere mer drahjelp<\/a>&nbsp;&nbsp;Ytringen<\/li>\n<\/ol>\n","protected":false},"excerpt":{"rendered":"N\u00e6ringsliv, Mosj\u00f8en | Disse bedriftene mottok tilskudd fra n\u00e6ringsfondet&nbsp;&nbsp;Helgelendingen N\u00e6ringsliv, N\u00e6ringsfond | Gjeninnf\u00f8rer viktig tiltak for n\u00e6ringslivet&nbsp;&nbsp;Stangeavisa Fikk&hellip;\n","protected":false},"author":2,"featured_media":86599,"comment_status":"","ping_status":"","sticky":false,"template":"","format":"standard","meta":{"footnotes":""},"categories":[5],"tags":[20,21,24,25,15,19,22,23,17,18,13,30,28,29,14,16,26,27],"class_list":{"0":"post-86598","1":"post","2":"type-post","3":"status-publish","4":"format-standard","5":"has-post-thumbnail","7":"category-overskrifter","8":"tag-breaking-news","9":"tag-breakingnews","10":"tag-featured-news","11":"tag-featurednews","12":"tag-headlines","13":"tag-hovedoppslag","14":"tag-latest-news","15":"tag-latestnews","16":"tag-main-news","17":"tag-mainnews","18":"tag-news","19":"tag-no","20":"tag-norge","21":"tag-norway","22":"tag-nyheter","23":"tag-overskrifter","24":"tag-top-stories","25":"tag-topstories"},"share_on_mastodon":{"url":"https:\/\/pubeurope.com\/@no\/115544654150699880","error":""},"_links":{"self":[{"href":"https:\/\/www.europesays.com\/no\/wp-json\/wp\/v2\/posts\/86598","targetHints":{"allow":["GET"]}}],"collection":[{"href":"https:\/\/www.europesays.com\/no\/wp-json\/wp\/v2\/posts"}],"about":[{"href":"https:\/\/www.europesays.com\/no\/wp-json\/wp\/v2\/types\/post"}],"author":[{"embeddable":true,"href":"https:\/\/www.europesays.com\/no\/wp-json\/wp\/v2\/users\/2"}],"replies":[{"embeddable":true,"href":"https:\/\/www.europesays.com\/no\/wp-json\/wp\/v2\/comments?post=86598"}],"version-history":[{"count":0,"href":"https:\/\/www.europesays.com\/no\/wp-json\/wp\/v2\/posts\/86598\/revisions"}],"wp:featuredmedia":[{"embeddable":true,"href":"https:\/\/www.europesays.com\/no\/wp-json\/wp\/v2\/media\/86599"}],"wp:attachment":[{"href":"https:\/\/www.europesays.com\/no\/wp-json\/wp\/v2\/media?parent=86598"}],"wp:term":[{"taxonomy":"category","embeddable":true,"href":"https:\/\/www.europesays.com\/no\/wp-json\/wp\/v2\/categories?post=86598"},{"taxonomy":"post_tag","embeddable":true,"href":"https:\/\/www.europesays.com\/no\/wp-json\/wp\/v2\/tags?post=86598"}],"curies":[{"name":"wp","href":"https:\/\/api.w.org\/{rel}","templated":true}]}}