{"id":86621,"date":"2025-11-13T22:41:08","date_gmt":"2025-11-13T22:41:08","guid":{"rendered":"https:\/\/www.europesays.com\/no\/86621\/"},"modified":"2025-11-13T22:41:08","modified_gmt":"2025-11-13T22:41:08","slug":"russisk-su-30-jagerfly-styrtet-i-karelen","status":"publish","type":"post","link":"https:\/\/www.europesays.com\/no\/86621\/","title":{"rendered":"Russisk Su-30 jagerfly styrtet i Karelen"},"content":{"rendered":"<p>    Besetningen om bord ble drept.<\/p>\n<p>\n        Det var et Sukhoi Su-30 jagerfly som styrtet i Karelen 13. november.<br \/>\n        Anupam Nath \/ AP \/ NTB\n    <\/p>\n<p>If\u00f8lge kilder i det russiske forsvarsdepartementetet skal flyet ha styrtet i et \u00f8de, ubebodd omr\u00e5de, skriver det russiske nyhetsbyr\u00e5et Interfax.<\/p>\n<p>Kampflyet styrtet ved 19-tiden torsdag 13. november, skriver <a href=\"https:\/\/www.pravda.com.ua\/eng\/news\/2025\/11\/13\/8007195\/\" rel=\"nofollow noopener\" target=\"_blank\">Ukrainska Pravda.<\/a><\/p>\n<p>If\u00f8lge guvern\u00f8ren i republikken Karelen, Artur Parfenchikov, skal milit\u00e6rflyet ha styrtet i Prionezhsky-distriktet.<\/p>\n<p>En uke tidligere styrtet et lett transportfly, An-2, i Russlands Krasnoyarsk-region, skriver <a href=\"https:\/\/www.ukrinform.net\/amp\/rubric-ato\/4058494-su30-fighter-jet-crashes-in-russia.html\" rel=\"nofollow noopener\" target=\"_blank\">Ukrinform.<\/a><\/p>\n<p>Flyet av typen Su-30 skal ha v\u00e6rt p\u00e5 \u00f8velsesoppdrag da pilotene mistet kontrollen.<\/p>\n<p>I og med at det ikke var et skarpt oppdrag var flyet ikke utstyrt med ammunisjon.<\/p>\n<p>Karelen er et omr\u00e5de i Finland og Russland mellom Kvitsj\u00f8en og Finskebukta. Om lag 23 500 kvadratkilometer h\u00f8rer til Finland, mens st\u00f8rstedelen ligger p\u00e5 russisk side i delrepublikken Karelia, if\u00f8lge <a href=\"https:\/\/snl.no\/Karelen\" rel=\"nofollow noopener\" target=\"_blank\">SNL.<\/a><\/p>\n<p>Under Vinterkrigen mellom Finland og Russland fikk det tidligere Sovjetunionen kontrollen over Det karelske neset, Ladoga-Karelen og de ytre \u00f8yene i Finskebukta.<\/p>\n<p> Su-30-flyet ble utviklet mot slutten av sovjettiden og hadde sin f\u00f8rste testflyging i 1989. Russland har brukt flytypen intensivt i krigen mot Ukraina, der den har v\u00e6rt benyttet b\u00e5de til luftromsoverv\u00e5king og angrep mot bakkem\u00e5l.<\/p>\n<p>If\u00f8lge medieoppslag er rundt et dusin av disse flyene skutt ned siden krigen startet for vel tre og et halvt \u00e5r siden. <\/p>\n","protected":false},"excerpt":{"rendered":"Besetningen om bord ble drept. Det var et Sukhoi Su-30 jagerfly som styrtet i Karelen 13. november. Anupam&hellip;\n","protected":false},"author":2,"featured_media":86622,"comment_status":"","ping_status":"","sticky":false,"template":"","format":"standard","meta":{"footnotes":""},"categories":[12],"tags":[20,21,24,25,15,22,23,13,30,28,29,14,16,26,27,42,43,44,45],"class_list":{"0":"post-86621","1":"post","2":"type-post","3":"status-publish","4":"format-standard","5":"has-post-thumbnail","7":"category-verden","8":"tag-breaking-news","9":"tag-breakingnews","10":"tag-featured-news","11":"tag-featurednews","12":"tag-headlines","13":"tag-latest-news","14":"tag-latestnews","15":"tag-news","16":"tag-no","17":"tag-norge","18":"tag-norway","19":"tag-nyheter","20":"tag-overskrifter","21":"tag-top-stories","22":"tag-topstories","23":"tag-verden","24":"tag-world","25":"tag-world-news","26":"tag-worldnews"},"share_on_mastodon":{"url":"https:\/\/pubeurope.com\/@no\/115544803524831866","error":""},"_links":{"self":[{"href":"https:\/\/www.europesays.com\/no\/wp-json\/wp\/v2\/posts\/86621","targetHints":{"allow":["GET"]}}],"collection":[{"href":"https:\/\/www.europesays.com\/no\/wp-json\/wp\/v2\/posts"}],"about":[{"href":"https:\/\/www.europesays.com\/no\/wp-json\/wp\/v2\/types\/post"}],"author":[{"embeddable":true,"href":"https:\/\/www.europesays.com\/no\/wp-json\/wp\/v2\/users\/2"}],"replies":[{"embeddable":true,"href":"https:\/\/www.europesays.com\/no\/wp-json\/wp\/v2\/comments?post=86621"}],"version-history":[{"count":0,"href":"https:\/\/www.europesays.com\/no\/wp-json\/wp\/v2\/posts\/86621\/revisions"}],"wp:featuredmedia":[{"embeddable":true,"href":"https:\/\/www.europesays.com\/no\/wp-json\/wp\/v2\/media\/86622"}],"wp:attachment":[{"href":"https:\/\/www.europesays.com\/no\/wp-json\/wp\/v2\/media?parent=86621"}],"wp:term":[{"taxonomy":"category","embeddable":true,"href":"https:\/\/www.europesays.com\/no\/wp-json\/wp\/v2\/categories?post=86621"},{"taxonomy":"post_tag","embeddable":true,"href":"https:\/\/www.europesays.com\/no\/wp-json\/wp\/v2\/tags?post=86621"}],"curies":[{"name":"wp","href":"https:\/\/api.w.org\/{rel}","templated":true}]}}