{"id":86658,"date":"2025-11-14T01:04:26","date_gmt":"2025-11-14T01:04:26","guid":{"rendered":"https:\/\/www.europesays.com\/no\/86658\/"},"modified":"2025-11-14T01:04:26","modified_gmt":"2025-11-14T01:04:26","slug":"pci-striden-frp-sloseri-og-sludder-fra-frp-pa-tromsbenken","status":"publish","type":"post","link":"https:\/\/www.europesays.com\/no\/86658\/","title":{"rendered":"PCI-striden, Frp | Sl\u00f8seri og sludder fra Frp p\u00e5 Tromsbenken"},"content":{"rendered":"\n<p>Per-Willy Amundsen og Kristian Eilertsen motarbeider med det ikke bare interessene i sin egen valgkrets. Men de motarbeider b\u00e6rekraften til det nordnorske helsevesenet.<\/p>\n<p>Det er ikke alltid at adressen m\u00e5 bety noe n\u00e5r folkevalgte setter seg Troms-benken p\u00e5 Stortinget. Det er ikke alltid at ens eget fylkes behov og interesser burde trumfe regionale og nasjonale hensyn. Det er ikke alltid at politikere b\u00f8r hilse hjem.<\/p>\n<p>Av og til m\u00e5 politikere prioritere hardt mellom gode saker.<\/p>\n<p><b>Men det skjer aldri at politikere som representerer et fylke p\u00e5 Stortinget g\u00e5r s\u00e5 hardt ut mot interessene til sitt eget n\u00e6rsykehus, som Kristian Eilertsen og Per-Willy Amundsen gj\u00f8r. <\/b><\/p>\n<p>  <a href=\"https:\/\/www.nordnorskdebatt.no\/5-124-397408\" class=\"related-teaser has-image default-opinion-teaser article--c-eRUmMG article--c-eRUmMG-jKCPdD-design-default\" rel=\"nofollow noopener\" target=\"_blank\"><\/p>\n<p>    <img decoding=\"async\" loading=\"lazy\"  src=\"https:\/\/www.europesays.com\/no\/wp-content\/uploads\/2025\/11\/Per+Willy+og+Kristian.jpeg\" alt=\"\" class=\"brick-c-cFOWSL\" style=\"\"\/><\/p>\n<p>\n            Les ogs\u00e5<\/p>\n<p>              \u00c5 berge liv er ikke useri\u00f8st!\n        <\/p>\n<p>  <\/a><\/p>\n<p>Aldri om en politiker p\u00e5 Nordlandsbenken hadde gjort det samme! Da hadde de v\u00e6rt avskiltet ved neste korsvei.<\/p>\n<p>Men Eilertsen og Amundsen g\u00e5r med brask og bram inn for d\u00f8gnkontinuerlig PCI-tilbud i Bod\u00f8. De gj\u00f8r det ved \u00e5 fremme myter om d\u00e5rlige resultater for hjertepasienter i Nordland, fordi d\u00f8gnkontinuerlig PCI kun gis ved UNN i Troms\u00f8.<\/p>\n<p>Dette er myter som ikke engang sykehusdirekt\u00f8ren i Nordland st\u00f8tter.<\/p>\n<p><b>Hun skriver tvert imot i Nordnorsk debatt om samarbeidet med UNN: \u00abLa det likevel v\u00e6re hevet over enhver tvil, samarbeidet om pasientene som f\u00e5r PCI og tjenestene som n\u00e5 tilbys, er godt.\u00bb<\/b><\/p>\n<p>  <a href=\"https:\/\/www.nordnorskdebatt.no\/5-124-396935\" class=\"related-teaser has-image default-opinion-teaser article--c-eRUmMG article--c-eRUmMG-jKCPdD-design-default\" rel=\"nofollow noopener\" target=\"_blank\"><\/p>\n<p>    <img decoding=\"async\" loading=\"lazy\"  src=\"https:\/\/www.europesays.com\/no\/wp-content\/uploads\/2025\/11\/Siri+Tau+Ursin016.jpeg\" alt=\"\" class=\"brick-c-cFOWSL\" style=\"\"\/><\/p>\n<p>\n            Les ogs\u00e5<\/p>\n<p>              En felles helsetjeneste i nord\n        <\/p>\n<p>  <\/a><\/p>\n<p>I stedet trekker Frp-duoen frem \u00e9n sak om d\u00f8dsfall som f\u00f8lge av hjerteinfarkt, som Helsetilsynet selv ikke har konkludert p\u00e5.<\/p>\n<p>Eilertsen og Amundsen trenger ikke tilsynet. De har langt p\u00e5 vei konkludert med at d\u00f8dsfallet skyldes at pasienten m\u00e5tte fraktes til Troms\u00f8 for PCI-behandling.<\/p>\n<p><b>Frp-duoen ignorerer evalueringer om PCI som tilsier at ytterligere fragmentering av dette milj\u00f8et slettes ikke vil gi st\u00f8rre pasientsikkerhet. Det vil gj\u00f8re det vanskelig \u00e5 holde kompetansen ved like, b\u00e5de i Bod\u00f8 og Troms\u00f8. <\/b><\/p>\n<p>En slik investering vil ogs\u00e5 flytte fagfolk, operasjonskapasitet og penger vekk fra andre viktige behandlinger. Behandlinger som gis til folk i valgkretsen til Frp-erne i Troms! Samt til folk i hele Nord-Norge.<\/p>\n<p>UNN er riktignok et regionsykehus og et universitetssykehus. Men det er ogs\u00e5 et lokalsykehus for folk b\u00e5de i Troms\u00f8, og i Harstad som Eilertsen og Amundsen kommer fra.<\/p>\n<p><b>Det sykehuset g\u00e5r Frp p\u00e5 Troms-benken aktivt inn for \u00e5 svekke. Det er heldigvis ikke nok infarkter i nord for \u00e5 rettferdiggj\u00f8re denne typen sl\u00f8seri med fagressurser og penger.<\/b><\/p>\n<p>Det vet Kristian Eilertsen. Som fylkespolitiker signerte han selv et enstemmig vedtak i Troms fylkeskommune i 2024, som advarte mot konsekvensene ved ytterligere oppsplitting av PCI- ressursene ved UNN.<\/p>\n<p>N\u00e5 har han alts\u00e5 snudd.<\/p>\n<p>Snuoperasjonen kan Eilertsen og Amundsen ikke begrunne med fornuftig \u00f8konomisk styring. De kan ikke begrunne det med dokumenterte behov. De kan ikke begrunne det med faglige evalueringer.<\/p>\n<p>Dermed begrunner de det med skremselspropaganda, sl\u00f8seri og sludder.<\/p>\n<p>  <a href=\"https:\/\/www.nordnorskdebatt.no\/5-124-397315\" class=\"related-teaser has-image default-opinion-teaser article--c-eRUmMG article--c-eRUmMG-jKCPdD-design-default\" rel=\"nofollow noopener\" target=\"_blank\"><\/p>\n<p>    <img decoding=\"async\" loading=\"lazy\"  src=\"https:\/\/www.europesays.com\/no\/wp-content\/uploads\/2025\/11\/David+Johansen.jpg\" alt=\"\" class=\"brick-c-cFOWSL\" style=\"\"\/><\/p>\n<p>\n            Les ogs\u00e5<\/p>\n<p>              Det er resultatet for pasienten som teller\n        <\/p>\n<p>  <\/a><\/p>\n<p>  <a href=\"https:\/\/www.nordnorskdebatt.no\/5-124-397277\" class=\"related-teaser has-image default-opinion-teaser article--c-eRUmMG article--c-eRUmMG-jKCPdD-design-default\" rel=\"nofollow noopener\" target=\"_blank\"><\/p>\n<p>    <img decoding=\"async\" loading=\"lazy\"  src=\"https:\/\/www.europesays.com\/no\/wp-content\/uploads\/2025\/11\/20251104_Formannskapet_OLE02172.jpg\" alt=\"\" class=\"brick-c-cFOWSL\" style=\"\"\/><\/p>\n<p>\n            Les ogs\u00e5<\/p>\n<p>              PCI: Helsegevinst eller symbolpolitikk?\n        <\/p>\n<p>  <\/a><\/p>\n<p>  <a href=\"https:\/\/www.nordnorskdebatt.no\/5-124-397042\" class=\"related-teaser has-image default-opinion-teaser article--c-eRUmMG article--c-eRUmMG-jKCPdD-design-default\" rel=\"nofollow noopener\" target=\"_blank\"><\/p>\n<p>    <img decoding=\"async\" loading=\"lazy\"  src=\"https:\/\/www.europesays.com\/no\/wp-content\/uploads\/2025\/11\/Nils+Foshaug.jpg\" alt=\"\" class=\"brick-c-cFOWSL\" style=\"\"\/><\/p>\n<p>\n            Les ogs\u00e5<\/p>\n<p>              Et likeverdig helsetilbud i Nord-Norge fordrer et sterkt UNN Troms\u00f8\n        <\/p>\n<p>  <\/a><\/p>\n<p>  <a href=\"https:\/\/www.nordnorskdebatt.no\/5-124-397018\" class=\"related-teaser has-image default-opinion-teaser article--c-eRUmMG article--c-eRUmMG-jKCPdD-design-default\" rel=\"nofollow noopener\" target=\"_blank\"><\/p>\n<p>    <img decoding=\"async\" loading=\"lazy\"  src=\"https:\/\/www.europesays.com\/no\/wp-content\/uploads\/2025\/11\/1763082264_341_Marta+Hofs%C3%B8y.jpg\" alt=\"\" class=\"brick-c-cFOWSL\" style=\"\"\/><\/p>\n<p>\n            Les ogs\u00e5<\/p>\n<p>              Hjerte for trygt kardiologisk pasienttilbud i nord\u00a0\n        <\/p>\n<p>  <\/a><\/p>\n<p>  <a href=\"https:\/\/www.nordnorskdebatt.no\/5-124-396772\" class=\"related-teaser has-image default-opinion-teaser article--c-eRUmMG article--c-eRUmMG-jKCPdD-design-default\" rel=\"nofollow noopener\" target=\"_blank\"><\/p>\n<p>    <img decoding=\"async\" loading=\"lazy\"  src=\"https:\/\/www.europesays.com\/no\/wp-content\/uploads\/2025\/11\/1763082265_904_UNN+og+UiT+%C3%85sheim.jpg\" alt=\"\" class=\"brick-c-cFOWSL\" style=\"\"\/><\/p>\n<p>\n            Les ogs\u00e5<\/p>\n<p>              Innleder Stortinget n\u00e5 slaktetiden for det nordnorske regionsykehuset?\n        <\/p>\n<p>  <\/a><\/p>\n<p>  <a href=\"https:\/\/www.nordnorskdebatt.no\/5-124-396690\" class=\"related-teaser has-image default-opinion-teaser article--c-eRUmMG article--c-eRUmMG-jKCPdD-design-default\" rel=\"nofollow noopener\" target=\"_blank\"><\/p>\n<p>    <img decoding=\"async\" loading=\"lazy\"  src=\"https:\/\/www.europesays.com\/no\/wp-content\/uploads\/2025\/11\/Sylvi+Listhaug+ntb.jpg\" alt=\"\" class=\"brick-c-cFOWSL\" style=\"\"\/><\/p>\n<p>\n            Les ogs\u00e5<\/p>\n<p>              UiT og UNN er i dyp koma. De b\u00f8r snarest v\u00e5kne\n        <\/p>\n<p>  <\/a><\/p>\n<p>  <a href=\"https:\/\/www.nordnorskdebatt.no\/5-124-396367\" class=\"related-teaser has-image default-opinion-teaser article--c-eRUmMG article--c-eRUmMG-jKCPdD-design-default\" rel=\"nofollow noopener\" target=\"_blank\"><\/p>\n<p>    <img decoding=\"async\" loading=\"lazy\"  src=\"https:\/\/www.europesays.com\/no\/wp-content\/uploads\/2025\/11\/641c0e39-e329-47ae-9545-a1312c2821f9.bin\" alt=\"\" class=\"brick-c-cFOWSL\" style=\"\"\/><\/p>\n<p>\n            Les ogs\u00e5<\/p>\n<p>              Ingen bykamp, bare ansvar for hele landsdelen\n        <\/p>\n<p>  <\/a><\/p>\n","protected":false},"excerpt":{"rendered":"Per-Willy Amundsen og Kristian Eilertsen motarbeider med det ikke bare interessene i sin egen valgkrets. Men de motarbeider&hellip;\n","protected":false},"author":2,"featured_media":86659,"comment_status":"","ping_status":"","sticky":false,"template":"","format":"standard","meta":{"footnotes":""},"categories":[5],"tags":[36,20,21,24,25,680,15,19,8280,22,23,17,18,13,30,10748,28,29,14,1533,16,10860,244,5252,26,27,11517,5250],"class_list":{"0":"post-86658","1":"post","2":"type-post","3":"status-publish","4":"format-standard","5":"has-post-thumbnail","7":"category-overskrifter","8":"tag-art","9":"tag-breaking-news","10":"tag-breakingnews","11":"tag-featured-news","12":"tag-featurednews","13":"tag-frp","14":"tag-headlines","15":"tag-hovedoppslag","16":"tag-kristian-eilertsen","17":"tag-latest-news","18":"tag-latestnews","19":"tag-main-news","20":"tag-mainnews","21":"tag-news","22":"tag-no","23":"tag-nordlandssykehuset","24":"tag-norge","25":"tag-norway","26":"tag-nyheter","27":"tag-opinion","28":"tag-overskrifter","29":"tag-pci-striden","30":"tag-per-willy-amundsen","31":"tag-spesialisthelsetjenesten","32":"tag-top-stories","33":"tag-topstories","34":"tag-tromsbenken","35":"tag-unn"},"share_on_mastodon":{"url":"https:\/\/pubeurope.com\/@no\/115545365971390460","error":""},"_links":{"self":[{"href":"https:\/\/www.europesays.com\/no\/wp-json\/wp\/v2\/posts\/86658","targetHints":{"allow":["GET"]}}],"collection":[{"href":"https:\/\/www.europesays.com\/no\/wp-json\/wp\/v2\/posts"}],"about":[{"href":"https:\/\/www.europesays.com\/no\/wp-json\/wp\/v2\/types\/post"}],"author":[{"embeddable":true,"href":"https:\/\/www.europesays.com\/no\/wp-json\/wp\/v2\/users\/2"}],"replies":[{"embeddable":true,"href":"https:\/\/www.europesays.com\/no\/wp-json\/wp\/v2\/comments?post=86658"}],"version-history":[{"count":0,"href":"https:\/\/www.europesays.com\/no\/wp-json\/wp\/v2\/posts\/86658\/revisions"}],"wp:featuredmedia":[{"embeddable":true,"href":"https:\/\/www.europesays.com\/no\/wp-json\/wp\/v2\/media\/86659"}],"wp:attachment":[{"href":"https:\/\/www.europesays.com\/no\/wp-json\/wp\/v2\/media?parent=86658"}],"wp:term":[{"taxonomy":"category","embeddable":true,"href":"https:\/\/www.europesays.com\/no\/wp-json\/wp\/v2\/categories?post=86658"},{"taxonomy":"post_tag","embeddable":true,"href":"https:\/\/www.europesays.com\/no\/wp-json\/wp\/v2\/tags?post=86658"}],"curies":[{"name":"wp","href":"https:\/\/api.w.org\/{rel}","templated":true}]}}