{"id":86668,"date":"2025-11-14T01:18:10","date_gmt":"2025-11-14T01:18:10","guid":{"rendered":"https:\/\/www.europesays.com\/no\/86668\/"},"modified":"2025-11-14T01:18:10","modified_gmt":"2025-11-14T01:18:10","slug":"dodsdomt-mann-ble-benadet-minutter-for-henrettelsen","status":"publish","type":"post","link":"https:\/\/www.europesays.com\/no\/86668\/","title":{"rendered":"D\u00f8dsd\u00f8mt mann ble ben\u00e5det minutter f\u00f8r henrettelsen"},"content":{"rendered":"\n<p class=\"_lead_o9xde_2 _lead_xtcu6_50 layout-component text-serif-m layout-normal text-serif-l layout-component layout-wide layout-padded _wide_17hqh_1 layout-padded\">N\u00e5 f\u00e5r 46-\u00e5ringen sone livstid i fengsel. <\/p>\n<p><img alt=\"Han hadde f\u00e5tt sitt siste m\u00e5ltid, da guvern\u00f8ren ben\u00e5det ham.  Foto: Oklahoma Department of Corrections \/ AP \/Sue Ogrocki\" class=\"_image_qp4xg_65 layout-component layout-wide\" data-fullscreen- data-track-element-type=\"Article image fullscreen\" data-track-name=\"ImageFullscreen\" fetchpriority=\"high\" decoding=\"sync\" loading=\"eager\" height=\"1668\" itemprop=\"image\"  src=\"https:\/\/www.europesays.com\/no\/wp-content\/uploads\/2025\/11\/2bc263f6-1986-4d40-bbbf-8a7f085f21a3\"  style=\"object-position:0% 0%\" width=\"2500\"\/>Han hadde f\u00e5tt sitt siste m\u00e5ltid, da guvern\u00f8ren ben\u00e5det ham.  Foto: Oklahoma Department of Corrections \/ AP \/Sue Ogrocki<\/p>\n<ul aria-hidden=\"true\" class=\"_images_18f0k_111\">\n<li><a class=\"_link_18f0k_116\" href=\"https:\/\/www.vg.no\/forfatter\/hedda-kurseth\" style=\"z-index:1\" title=\"Hedda Kurseth\" rel=\"nofollow noopener\" target=\"_blank\"><img alt=\"Bilde av Hedda Kurseth\" class=\"_image_18f0k_93\" fetchpriority=\"low\" loading=\"lazy\" decoding=\"async\" itemprop=\"image\"  src=\"https:\/\/www.europesays.com\/no\/wp-content\/uploads\/2025\/11\/1763083089_147_b6ad06ce-2f4e-4492-9dd9-7cfbdae81f6d\"  width=\"480\"\/><\/a><\/li>\n<\/ul>\n<p> Oppdatert fredag 14. november kl. 01:45     <\/p>\n<p class=\"_paragraph_o9xde_4 _paragraph_xtcu6_10 layout-component text-serif-m layout-normal text-serif-m layout-padded\">Torsdag klokken 17.00 norsk tid skulle Tremane Wood (46) bli henrettet i delstaten Oklahoma i USA. <\/p>\n<p class=\"_paragraph_o9xde_4 _paragraph_xtcu6_10 layout-component text-serif-m layout-normal text-serif-m layout-padded\">Han hadde f\u00e5tt sitt siste m\u00e5ltid og blitt flyttet til en celle rett ved der han skulle f\u00e5 den d\u00f8delige injeksjonen. <\/p>\n<p class=\"_paragraph_o9xde_4 _paragraph_xtcu6_10 layout-component text-serif-m layout-normal text-serif-m layout-padded\"><strong class=\"_strong_o9xde_25\">Bare minutter f\u00f8r grep den republikanske guvern\u00f8ren inn Kevin Stitt inn.<\/strong><\/p>\n<p><img alt=\"Her satt Wood i mange \u00e5r f\u00f8r han skulle bli henrettet.   Foto: Sue Ogrocki \/ AP \/ NTB\" class=\"_image_qp4xg_65 layout-component layout-normal\" data-fullscreen- data-track-element-type=\"Article image fullscreen\" data-track-name=\"ImageFullscreen\" decoding=\"async\" loading=\"lazy\" height=\"3036\" itemprop=\"image\"  src=\"https:\/\/www.europesays.com\/no\/wp-content\/uploads\/2025\/11\/194ed026-66eb-4219-97c5-1adadc91161a\"  style=\"object-position:0% 0%\" width=\"4686\"\/>Her satt Wood i mange \u00e5r f\u00f8r han skulle bli henrettet.   Foto: Sue Ogrocki \/ AP \/ NTB<\/p>\n<p class=\"_paragraph_o9xde_4 _paragraph_xtcu6_10 layout-component text-serif-m layout-normal text-serif-m layout-padded\">N\u00e5 har Wood f\u00e5tt dommen omgjort til livstid i fengsel. <\/p>\n<p class=\"_paragraph_o9xde_4 _paragraph_xtcu6_10 layout-component text-serif-m layout-normal text-serif-m layout-padded\">\u2013 Etter en grundig gjennomgang av fakta og overveielser, har jeg valgt \u00e5 akseptere ben\u00e5dningsr\u00e5dets anbefaling om \u00e5 omgj\u00f8re Tremane Woods d\u00f8dsdom til livstid uten mulighet for pr\u00f8vel\u00f8slatelse, kunngjorde den republikanske guvern\u00f8ren if\u00f8lge<a href=\"https:\/\/apnews.com\/article\/oklahoma-execution-tremane-wood-96eea36ff43eb7e28f3e69bec3579a63\" class=\"_link_o9xde_39\" rel=\"nofollow noopener\" target=\"_blank\"> AP News<\/a>.<\/p>\n<p>Offerets familie st\u00f8tter ben\u00e5dingen<\/p>\n<p class=\"_paragraph_o9xde_4 _paragraph_xtcu6_10 layout-component text-serif-m layout-normal text-serif-m layout-padded\">Tremane Wood var d\u00f8mt for drapet p\u00e5 19 \u00e5r gamle Ronnie Wipf etter et mislykket ran p\u00e5 et hotell i Oklahoma nytt\u00e5rsaften 2022.<\/p>\n<p class=\"_paragraph_o9xde_4 _paragraph_xtcu6_10 layout-component text-serif-m layout-normal text-serif-m layout-padded\">Woods advokater har ikke benektet at han deltok i ranet, men hevder at det var hans bror Zjaiton Wood som faktisk stakk Wipf med kniv. Broren ble d\u00f8mt til livstid uten mulighet for pr\u00f8vel\u00f8slatelse og begikk selvmord i fengsel i 2019.<\/p>\n<p class=\"_paragraph_o9xde_4 _paragraph_xtcu6_10 layout-component text-serif-m layout-normal text-serif-m layout-padded\">F\u00f8r han d\u00f8de, innr\u00f8mmet Zjaiton Wood overfor flere personer at han drepte Wipf, sa Tremane Woods advokat if\u00f8lge<a href=\"https:\/\/apnews.com\/article\/oklahoma-execution-tremane-wood-96eea36ff43eb7e28f3e69bec3579a63\" class=\"_link_o9xde_39\" rel=\"nofollow noopener\" target=\"_blank\"> AP News<\/a>.<\/p>\n<p class=\"_paragraph_o9xde_4 _paragraph_xtcu6_10 layout-component text-serif-m layout-normal text-serif-m layout-padded\">\u2013 Jeg er ikke et monster. Jeg er ikke en drapsmann. Det har jeg aldri v\u00e6rt og kommer aldri til \u00e5 v\u00e6re, sa Wood under en h\u00f8ring fra fengselet, if\u00f8lge<a href=\"https:\/\/edition.cnn.com\/2025\/11\/13\/us\/oklahoma-execution-wood\" class=\"_link_o9xde_39\" rel=\"nofollow noopener\" target=\"_blank\"> CNN<\/a>.<\/p>\n<p class=\"_paragraph_o9xde_4 _paragraph_xtcu6_10 layout-component text-serif-m layout-normal text-serif-m layout-padded\"><strong class=\"_strong_o9xde_25\">Wipfs familie har st\u00f8ttet ben\u00e5dingen av Wood, skriver AP News. <\/strong><\/p>\n<p class=\"_paragraph_o9xde_4 _paragraph_xtcu6_10 layout-component text-serif-m layout-normal text-serif-m layout-padded\">I juni ble fire personer henrettet p\u00e5 en uke i USA: <a href=\"https:\/\/www.vg.no\/nyheter\/i\/MnePJE\/fjerde-henrettelse-paa-en-uke-i-usa-drepte-kjaeresten-og-en-venn\" data-track-element-type=\"Link\" data-track-id=\"link:MnePJE\" class=\"_link_o9xde_39\" rel=\"nofollow noopener\" target=\"_blank\">Les om det her. <\/a><\/p>\n<p>Flest henrettelser siden 2012<\/p>\n<p class=\"_paragraph_o9xde_4 _paragraph_xtcu6_10 layout-component text-serif-m layout-normal text-serif-m layout-padded\">Dette er andre gangen Kevin Stitt ben\u00e5der en d\u00f8dsd\u00f8mt i hans periode som guvern\u00f8r. <\/p>\n<p class=\"_paragraph_o9xde_4 _paragraph_xtcu6_10 layout-component text-serif-m layout-normal text-serif-m layout-padded\">\u2013 Denne handlingen gjenspeiler den samme straffen broren hans fikk p\u00e5 og sikrer en streng straff som holder en voldelig lovbryter unna gatene for alltid. <\/p>\n<p class=\"_paragraph_o9xde_4 _paragraph_xtcu6_10 layout-component text-serif-m layout-normal text-serif-m layout-padded\"><a href=\"https:\/\/www.theguardian.com\/us-news\/2025\/nov\/13\/tremane-wood-clemency-oklahoma\" class=\"_link_o9xde_39\" rel=\"nofollow noopener\" target=\"_blank\">If\u00f8lge Death Penalty Information Cente<\/a>r har 41 personer blitt henrettet etter en d\u00f8dsdom i USA s\u00e5 langt i \u00e5r. 17 andre skal etter planen henrettet i l\u00f8pet av 2025. <\/p>\n<p class=\"_paragraph_o9xde_4 _paragraph_xtcu6_10 layout-component text-serif-m layout-normal text-serif-m layout-padded\">Dette er det h\u00f8yeste antallet siden 2012, da 43 henrettelser ble gjennomf\u00f8rt. De to neste dagene er det ventet to henrettelser: En i Florida og en i South Carolina.<\/p>\n","protected":false},"excerpt":{"rendered":"N\u00e5 f\u00e5r 46-\u00e5ringen sone livstid i fengsel. Han hadde f\u00e5tt sitt siste m\u00e5ltid, da guvern\u00f8ren ben\u00e5det ham. Foto:&hellip;\n","protected":false},"author":2,"featured_media":86669,"comment_status":"","ping_status":"","sticky":false,"template":"","format":"standard","meta":{"footnotes":""},"categories":[12],"tags":[20,21,55,377,24,25,2507,15,22,23,13,30,28,29,14,16,26,27,42,43,44,45],"class_list":{"0":"post-86668","1":"post","2":"type-post","3":"status-publish","4":"format-standard","5":"has-post-thumbnail","7":"category-verden","8":"tag-breaking-news","9":"tag-breakingnews","10":"tag-donald-trump","11":"tag-drap","12":"tag-featured-news","13":"tag-featurednews","14":"tag-fengsel","15":"tag-headlines","16":"tag-latest-news","17":"tag-latestnews","18":"tag-news","19":"tag-no","20":"tag-norge","21":"tag-norway","22":"tag-nyheter","23":"tag-overskrifter","24":"tag-top-stories","25":"tag-topstories","26":"tag-verden","27":"tag-world","28":"tag-world-news","29":"tag-worldnews"},"share_on_mastodon":{"url":"https:\/\/pubeurope.com\/@no\/115545420991202501","error":""},"_links":{"self":[{"href":"https:\/\/www.europesays.com\/no\/wp-json\/wp\/v2\/posts\/86668","targetHints":{"allow":["GET"]}}],"collection":[{"href":"https:\/\/www.europesays.com\/no\/wp-json\/wp\/v2\/posts"}],"about":[{"href":"https:\/\/www.europesays.com\/no\/wp-json\/wp\/v2\/types\/post"}],"author":[{"embeddable":true,"href":"https:\/\/www.europesays.com\/no\/wp-json\/wp\/v2\/users\/2"}],"replies":[{"embeddable":true,"href":"https:\/\/www.europesays.com\/no\/wp-json\/wp\/v2\/comments?post=86668"}],"version-history":[{"count":0,"href":"https:\/\/www.europesays.com\/no\/wp-json\/wp\/v2\/posts\/86668\/revisions"}],"wp:featuredmedia":[{"embeddable":true,"href":"https:\/\/www.europesays.com\/no\/wp-json\/wp\/v2\/media\/86669"}],"wp:attachment":[{"href":"https:\/\/www.europesays.com\/no\/wp-json\/wp\/v2\/media?parent=86668"}],"wp:term":[{"taxonomy":"category","embeddable":true,"href":"https:\/\/www.europesays.com\/no\/wp-json\/wp\/v2\/categories?post=86668"},{"taxonomy":"post_tag","embeddable":true,"href":"https:\/\/www.europesays.com\/no\/wp-json\/wp\/v2\/tags?post=86668"}],"curies":[{"name":"wp","href":"https:\/\/api.w.org\/{rel}","templated":true}]}}