{"id":86681,"date":"2025-11-14T02:57:08","date_gmt":"2025-11-14T02:57:08","guid":{"rendered":"https:\/\/www.europesays.com\/no\/86681\/"},"modified":"2025-11-14T02:57:08","modified_gmt":"2025-11-14T02:57:08","slug":"musikk-fans-velger-konsert-fremfor-sex","status":"publish","type":"post","link":"https:\/\/www.europesays.com\/no\/86681\/","title":{"rendered":"Musikk-fans velger konsert fremfor sex"},"content":{"rendered":"\n<p class=\"_lead_o9xde_2 _lead_xtcu6_50 layout-component text-serif-m layout-normal text-serif-l layout-component layout-wide layout-padded _wide_17hqh_1 layout-padded\">70 prosent foretrekker \u00e5 se favorittartisten sin opptre.<\/p>\n<p><img alt=\"Sex Pistols p\u00e5 Cruilla Festivalem i Barcelona july 2025 Foto: Marta Perez \/ EPA \/ NTB\" class=\"_image_qp4xg_65 layout-component layout-wide\" data-fullscreen- data-track-element-type=\"Article image fullscreen\" data-track-name=\"ImageFullscreen\" fetchpriority=\"high\" decoding=\"sync\" loading=\"eager\" height=\"4980\" itemprop=\"image\"  src=\"https:\/\/www.europesays.com\/no\/wp-content\/uploads\/2025\/11\/e5993655-8b2c-4542-864a-f5bcb6290bf0\"  style=\"object-position:0% 0%\" width=\"7470\"\/>Sex Pistols p\u00e5 Cruilla Festivalem i Barcelona july 2025 Foto: Marta Perez \/ EPA \/ NTB<\/p>\n<ul aria-hidden=\"true\" class=\"_images_18f0k_111\">\n<li><a class=\"_link_18f0k_116\" href=\"https:\/\/www.vg.no\/forfatter\/kari-aarstad-aase\" style=\"z-index:1\" title=\"Kari Aarstad Aase\" rel=\"nofollow noopener\" target=\"_blank\"><img alt=\"Bilde av Kari Aarstad Aase\" class=\"_image_18f0k_93\" fetchpriority=\"low\" loading=\"lazy\" decoding=\"async\" itemprop=\"image\"  src=\"https:\/\/www.europesays.com\/no\/wp-content\/uploads\/2025\/11\/1763089028_232_0dbde33e-6d8e-4680-8e4f-e2a64281e2b8\"  width=\"480\"\/><\/a><\/li>\n<\/ul>\n<p> Oppdatert fredag 14. november kl. 02:33     <\/p>\n<p class=\"_paragraph_o9xde_4 _paragraph_xtcu6_10 layout-component text-serif-m layout-normal text-serif-m layout-padded\">Musikk-fans prioriterer konserter h\u00f8yere enn det meste \u2013 inkludert sex. Det viser en ny global unders\u00f8kelse fra konsertgiganten <a href=\"https:\/\/www.vg.no\/tag\/live-nation?utm_source=vg-article&amp;utm_medium=auto-tagger&amp;utm_campaign=qPK4x0\" class=\"_link_o9xde_39\" rel=\"nofollow noopener\" target=\"_blank\">Live Nation<\/a>.<\/p>\n<p class=\"_paragraph_o9xde_4 _paragraph_xtcu6_10 layout-component text-serif-m layout-normal text-serif-m layout-padded\">Studien spurte over 42.000 fans i 15 land om hva de foretrekker. Resultatet var tydelig: 70 prosent ville valgt en konsert med favorittartisten sin fremfor \u00e5 ha sex.<\/p>\n<p class=\"_paragraph_o9xde_4 _paragraph_xtcu6_10 layout-component text-serif-m layout-normal text-serif-m layout-padded\">Konsertene ble ogs\u00e5 rangert som verdens beste underholdning, foran kino, sport og andre aktiviteter.<\/p>\n<p class=\"_paragraph_o9xde_4 _paragraph_xtcu6_10 layout-component text-serif-m layout-normal text-serif-m layout-padded\">\u2013 Denne rapporten bekrefter det vi ser overalt. Livemusikk vokser ikke bare, den former \u00f8konomier og definerer kultur i sanntid, sier Russell Wallach i Live Nation, if\u00f8lge <a href=\"https:\/\/www.billboard.com\/pro\/live-nation-fans-prefer-concerts-favorite-artists-sex\/\" class=\"_link_o9xde_39\" rel=\"nofollow noopener\" target=\"_blank\">Billboard<\/a>.<\/p>\n<p class=\"_paragraph_o9xde_4 _paragraph_xtcu6_10 layout-component text-serif-m layout-normal text-serif-m layout-padded\">Unders\u00f8kelsen viser ogs\u00e5 at 35 prosent av fansene planlegger \u00e5 g\u00e5 p\u00e5 minst fire konserter i \u00e5ret. Blant festivaldeltakere planlegger 29 prosent \u00e5 bes\u00f8ke minst fire festivaler \u00e5rlig.<\/p>\n<p><img alt=\"Foto: Fredrik Sandberg\/TT \/ TT Nyhetsbyr\u00e5n \/ NTB\" class=\"_image_qp4xg_65 layout-component layout-normal\" data-fullscreen- data-track-element-type=\"Article image fullscreen\" data-track-name=\"ImageFullscreen\" decoding=\"async\" loading=\"lazy\" height=\"5504\" itemprop=\"image\"  src=\"https:\/\/www.europesays.com\/no\/wp-content\/uploads\/2025\/11\/19ad427f-c05b-4264-823c-5b1e2f6d4100\"  style=\"object-position:0% 0%\" width=\"8256\"\/>Foto: Fredrik Sandberg\/TT \/ TT Nyhetsbyr\u00e5n \/ NTB<\/p>\n<p class=\"_paragraph_o9xde_4 _paragraph_xtcu6_10 layout-component text-serif-m layout-normal text-serif-m layout-padded\">Hele 85 prosent av de spurte sa at musikk var en viktig del av identiteten deres. 77 prosent f\u00f8lte seg som en del av noe st\u00f8rre p\u00e5 konserter.<\/p>\n<p class=\"_paragraph_o9xde_4 _paragraph_xtcu6_10 layout-component text-serif-m layout-normal text-serif-m layout-padded\">Studien avdekket ogs\u00e5 at ettersp\u00f8rselen etter kvinnelige artister fortsetter \u00e5 vokse. 76 prosent \u00f8nsker flere kvinnedominerte lineup, mens 60 prosent vil se flere festivaler som fremhever kvinnelige talenter.<\/p>\n<p class=\"_paragraph_o9xde_4 _paragraph_xtcu6_10 layout-component text-serif-m layout-normal text-serif-m layout-padded\">Rapporten dekker fans mellom 18 og 54 \u00e5r fra Nord-Amerika, Vest-Europa, Australia, Japan, Thailand og Brasil.<\/p>\n","protected":false},"excerpt":{"rendered":"70 prosent foretrekker \u00e5 se favorittartisten sin opptre. Sex Pistols p\u00e5 Cruilla Festivalem i Barcelona july 2025 Foto:&hellip;\n","protected":false},"author":2,"featured_media":86682,"comment_status":"","ping_status":"","sticky":false,"template":"","format":"standard","meta":{"footnotes":""},"categories":[58],"tags":[2607,71,6387,30,28,29,72,46],"class_list":{"0":"post-86681","1":"post","2":"type-post","3":"status-publish","4":"format-standard","5":"has-post-thumbnail","7":"category-underholdning","8":"tag-billboard","9":"tag-entertainment","10":"tag-live-nation","11":"tag-no","12":"tag-norge","13":"tag-norway","14":"tag-underholdning","15":"tag-vgai"},"share_on_mastodon":{"url":"https:\/\/pubeurope.com\/@no\/115545810231610594","error":""},"_links":{"self":[{"href":"https:\/\/www.europesays.com\/no\/wp-json\/wp\/v2\/posts\/86681","targetHints":{"allow":["GET"]}}],"collection":[{"href":"https:\/\/www.europesays.com\/no\/wp-json\/wp\/v2\/posts"}],"about":[{"href":"https:\/\/www.europesays.com\/no\/wp-json\/wp\/v2\/types\/post"}],"author":[{"embeddable":true,"href":"https:\/\/www.europesays.com\/no\/wp-json\/wp\/v2\/users\/2"}],"replies":[{"embeddable":true,"href":"https:\/\/www.europesays.com\/no\/wp-json\/wp\/v2\/comments?post=86681"}],"version-history":[{"count":0,"href":"https:\/\/www.europesays.com\/no\/wp-json\/wp\/v2\/posts\/86681\/revisions"}],"wp:featuredmedia":[{"embeddable":true,"href":"https:\/\/www.europesays.com\/no\/wp-json\/wp\/v2\/media\/86682"}],"wp:attachment":[{"href":"https:\/\/www.europesays.com\/no\/wp-json\/wp\/v2\/media?parent=86681"}],"wp:term":[{"taxonomy":"category","embeddable":true,"href":"https:\/\/www.europesays.com\/no\/wp-json\/wp\/v2\/categories?post=86681"},{"taxonomy":"post_tag","embeddable":true,"href":"https:\/\/www.europesays.com\/no\/wp-json\/wp\/v2\/tags?post=86681"}],"curies":[{"name":"wp","href":"https:\/\/api.w.org\/{rel}","templated":true}]}}