{"id":86700,"date":"2025-11-14T04:09:11","date_gmt":"2025-11-14T04:09:11","guid":{"rendered":"https:\/\/www.europesays.com\/no\/86700\/"},"modified":"2025-11-14T04:09:11","modified_gmt":"2025-11-14T04:09:11","slug":"cardi-b-har-fatt-sitt-fjerde-barn","status":"publish","type":"post","link":"https:\/\/www.europesays.com\/no\/86700\/","title":{"rendered":"Cardi B har f\u00e5tt sitt fjerde barn"},"content":{"rendered":"\n<p class=\"_lead_o9xde_2 _lead_xtcu6_50 layout-component text-serif-m layout-normal text-serif-l layout-component layout-wide layout-padded _wide_17hqh_1 layout-padded\">Rapperen har f\u00e5tt en s\u00f8nn med NFL-kj\u00e6resten Stefon Diggs.<\/p>\n<p><img alt=\" Foto: Charles Sykes \/ AP \/ NTB\" class=\"_image_qp4xg_65 layout-component layout-wide\" data-fullscreen- data-track-element-type=\"Article image fullscreen\" data-track-name=\"ImageFullscreen\" fetchpriority=\"high\" decoding=\"sync\" loading=\"eager\" height=\"2448\" itemprop=\"image\"  src=\"https:\/\/www.europesays.com\/no\/wp-content\/uploads\/2025\/11\/f0f3a206-f538-49a0-b327-2f8152b4605b\"  style=\"object-position:0% 0%\" width=\"3672\"\/> Foto: Charles Sykes \/ AP \/ NTB<\/p>\n<ul aria-hidden=\"true\" class=\"_images_18f0k_111\">\n<li><a class=\"_link_18f0k_116\" href=\"https:\/\/www.vg.no\/forfatter\/kari-aarstad-aase\" style=\"z-index:1\" title=\"Kari Aarstad Aase\" rel=\"nofollow noopener\" target=\"_blank\"><img alt=\"Bilde av Kari Aarstad Aase\" class=\"_image_18f0k_93\" fetchpriority=\"low\" loading=\"lazy\" decoding=\"async\" itemprop=\"image\"  src=\"https:\/\/www.europesays.com\/no\/wp-content\/uploads\/2025\/11\/1763093350_847_0dbde33e-6d8e-4680-8e4f-e2a64281e2b8\"  width=\"480\"\/><\/a><\/li>\n<\/ul>\n<p> Oppdatert fredag 14. november kl. 03:21     <\/p>\n<p class=\"_paragraph_o9xde_4 _paragraph_xtcu6_10 layout-component text-serif-m layout-normal text-serif-m layout-padded\"><a href=\"https:\/\/www.vg.no\/tag\/cardi-b?utm_source=vg-article&amp;utm_medium=auto-tagger&amp;utm_campaign=wgyzQM\" class=\"_link_o9xde_39\" rel=\"nofollow noopener\" target=\"_blank\">Cardi B<\/a> er blitt mor for fjerde gang. Den 33 \u00e5r gamle rapperen har f\u00e5tt en s\u00f8nn med kj\u00e6resten Stefon Diggs, bekrefter hennes representant til <a href=\"https:\/\/people.com\/cardi-b-welcomes-baby-no-4-her-first-with-boyfriend-stefon-diggs-11837001\" class=\"_link_o9xde_39\" rel=\"nofollow noopener\" target=\"_blank\">People<\/a>.<\/p>\n<p class=\"_paragraph_o9xde_4 _paragraph_xtcu6_10 layout-component text-serif-m layout-normal text-serif-m layout-padded\">\u2013 Cardi har det bra og er lykkelig, sier representanten.<\/p>\n<p class=\"_paragraph_o9xde_4 _paragraph_xtcu6_10 layout-component text-serif-m layout-normal text-serif-m layout-padded\">Dette er det f\u00f8rste barnet sammen for Cardi B og NFL-spilleren Stefon Diggs. Rapperen har tre barn fra f\u00f8r med sin tidligere ektemann Offset: d\u00f8trene Kulture og Blossom, samt s\u00f8nnen Wave.<\/p>\n<p><img alt=\"Foto: Frank Franklin II \/ AP \/ NTB\" class=\"_image_qp4xg_65 layout-component layout-normal\" data-fullscreen- data-track-element-type=\"Article image fullscreen\" data-track-name=\"ImageFullscreen\" decoding=\"async\" loading=\"lazy\" height=\"1909\" itemprop=\"image\"  src=\"https:\/\/www.europesays.com\/no\/wp-content\/uploads\/2025\/11\/868712b8-db18-4baf-a58e-aa76f97311b5\"  style=\"object-position:0% 0%\" width=\"2863\"\/>Foto: Frank Franklin II \/ AP \/ NTB<\/p>\n<p class=\"_paragraph_o9xde_4 _paragraph_xtcu6_10 layout-component text-serif-m layout-normal text-serif-m layout-padded\">Cardi B delte ogs\u00e5 nyheten p\u00e5 Instagram, hvor hun skrev om sitt nye kapittel i livet.<\/p>\n<p class=\"_paragraph_o9xde_4 _paragraph_xtcu6_10 layout-component text-serif-m layout-normal text-serif-m layout-padded\">\u2013 Mitt liv har alltid v\u00e6rt en kombinasjon av forskjellige kapitler og \u00e5rstider. Mitt siste kapittel var begynnelsen p\u00e5 en ny sesong, skrev hun.<\/p>\n<p class=\"_paragraph_o9xde_4 _paragraph_xtcu6_10 layout-component text-serif-m layout-normal text-serif-m layout-padded\">Hun fortalte at hun har jobbet med \u00e5 komme seg i form og forberede seg mentalt til turn\u00e9.<\/p>\n<p class=\"_paragraph_o9xde_4 _paragraph_xtcu6_10 layout-component text-serif-m layout-normal text-serif-m layout-padded\">\u2013 Det er ingenting som kommer til \u00e5 stoppe meg fra \u00e5 gi dere forestillingen i deres liv, skrev rapperen.<\/p>\n<p><img alt=\"Cardi B og Diggs   Foto: ELSA \/ AFP \/ NTB\" class=\"_image_qp4xg_65 layout-component layout-normal\" data-fullscreen- data-track-element-type=\"Article image fullscreen\" data-track-name=\"ImageFullscreen\" decoding=\"async\" loading=\"lazy\" height=\"2558\" itemprop=\"image\"  src=\"https:\/\/www.europesays.com\/no\/wp-content\/uploads\/2025\/11\/fa9088b6-9bc4-47e7-82fa-ae7d720bb3a3\"  style=\"object-position:0% 0%\" width=\"3838\"\/>Cardi B og Diggs   Foto: ELSA \/ AFP \/ NTB<\/p>\n<p class=\"_paragraph_o9xde_4 _paragraph_xtcu6_10 layout-component text-serif-m layout-normal text-serif-m layout-padded\">Cardi B og Diggs har v\u00e6rt sammen siden oktober 2024. I september avsl\u00f8rte hun graviditeten i et intervju med CBS Mornings.<\/p>\n<p class=\"_paragraph_o9xde_4 _paragraph_xtcu6_10 layout-component text-serif-m layout-normal text-serif-m layout-padded\">\u2013 Jeg er gravid med kj\u00e6resten min, Stefon Diggs. Jeg er spent. Jeg er lykkelig, sa hun da.<\/p>\n<p class=\"_paragraph_o9xde_4 _paragraph_xtcu6_10 layout-component text-serif-m layout-normal text-serif-m layout-padded\">Rapperen fortalte at hun ventet med \u00e5 avsl\u00f8re graviditeten fordi hun ville gj\u00f8re det p\u00e5 egne premisser.<\/p>\n<p class=\"_paragraph_o9xde_4 _paragraph_xtcu6_10 layout-component text-serif-m layout-normal text-serif-m layout-padded\">\u2013 La meg avslutte noen avtaler f\u00f8rst, sa hun til CBS.<\/p>\n","protected":false},"excerpt":{"rendered":"Rapperen har f\u00e5tt en s\u00f8nn med NFL-kj\u00e6resten Stefon Diggs. Foto: Charles Sykes \/ AP \/ NTB Oppdatert fredag&hellip;\n","protected":false},"author":2,"featured_media":86701,"comment_status":"","ping_status":"","sticky":false,"template":"","format":"standard","meta":{"footnotes":""},"categories":[58],"tags":[4039,71,30,28,29,72,46],"class_list":{"0":"post-86700","1":"post","2":"type-post","3":"status-publish","4":"format-standard","5":"has-post-thumbnail","7":"category-underholdning","8":"tag-cardi-b","9":"tag-entertainment","10":"tag-no","11":"tag-norge","12":"tag-norway","13":"tag-underholdning","14":"tag-vgai"},"share_on_mastodon":{"url":"https:\/\/pubeurope.com\/@no\/115546093437683566","error":""},"_links":{"self":[{"href":"https:\/\/www.europesays.com\/no\/wp-json\/wp\/v2\/posts\/86700","targetHints":{"allow":["GET"]}}],"collection":[{"href":"https:\/\/www.europesays.com\/no\/wp-json\/wp\/v2\/posts"}],"about":[{"href":"https:\/\/www.europesays.com\/no\/wp-json\/wp\/v2\/types\/post"}],"author":[{"embeddable":true,"href":"https:\/\/www.europesays.com\/no\/wp-json\/wp\/v2\/users\/2"}],"replies":[{"embeddable":true,"href":"https:\/\/www.europesays.com\/no\/wp-json\/wp\/v2\/comments?post=86700"}],"version-history":[{"count":0,"href":"https:\/\/www.europesays.com\/no\/wp-json\/wp\/v2\/posts\/86700\/revisions"}],"wp:featuredmedia":[{"embeddable":true,"href":"https:\/\/www.europesays.com\/no\/wp-json\/wp\/v2\/media\/86701"}],"wp:attachment":[{"href":"https:\/\/www.europesays.com\/no\/wp-json\/wp\/v2\/media?parent=86700"}],"wp:term":[{"taxonomy":"category","embeddable":true,"href":"https:\/\/www.europesays.com\/no\/wp-json\/wp\/v2\/categories?post=86700"},{"taxonomy":"post_tag","embeddable":true,"href":"https:\/\/www.europesays.com\/no\/wp-json\/wp\/v2\/tags?post=86700"}],"curies":[{"name":"wp","href":"https:\/\/api.w.org\/{rel}","templated":true}]}}