{"id":86721,"date":"2025-11-14T04:56:46","date_gmt":"2025-11-14T04:56:46","guid":{"rendered":"https:\/\/www.europesays.com\/no\/86721\/"},"modified":"2025-11-14T04:56:46","modified_gmt":"2025-11-14T04:56:46","slug":"her-kan-du-fylgje-kommunedirektoren-sin-presentasjon-av-budsjettframlegget","status":"publish","type":"post","link":"https:\/\/www.europesays.com\/no\/86721\/","title":{"rendered":"Her kan du fylgje kommunedirekt\u00f8ren sin presentasjon av budsjettframlegget"},"content":{"rendered":"<p>\n        Kommunedirekt\u00f8r Beate V\u00e5ge Lia.<br \/>\n        \u00d8ystein \u00d8ygarden\n    <\/p>\n<p>    Fr\u00e5 klokka 12 i dag presenterer kommunedirekt\u00f8r Beate V\u00e5ge Lia budsjettframlegget for 2026 og \u00f8konomiplanen for dei fire neste \u00e5ra.\u00a0<\/p>\n<p>M\u00f8tet kan du fylgje her.\u00a0<\/p>\n<p>I tillegg til budsjettframlegget er dette saklista til kommunestyrem\u00f8tet som startar klokka 16:\u00a0<\/p>\n<p>        Sakliste<\/p>\n<p>67\/25 Godkjenning av protokoll fr\u00e5 forrige m\u00f8te\u00a0<\/p>\n<p>68\/25 Dr\u00f8fting av sikringsstrategiar for Konsesjonskraftstyret i Telemark\u00a0<\/p>\n<p>69\/25 Flatdal skule &#8211; Sluttrapport p\u00e5 investeringsprosjekt\u00a0<\/p>\n<p>70\/25 Demensvenleg samfunn i Seljord\u00a0<\/p>\n<p>71\/25 S\u00f8knad om endring av festeavgift for gravplassane i Seljord kommune fr\u00e5 01.01.2026\u00a0<\/p>\n<p>72\/25 \u00d8konomisk tilskot til drift i perioden 2026-2029 &#8211; Avtale mellom Senter for incest og seksuelle overgrep i Telemark(SMISO) og Seljord kommune<\/p>\n","protected":false},"excerpt":{"rendered":"Kommunedirekt\u00f8r Beate V\u00e5ge Lia. \u00d8ystein \u00d8ygarden Fr\u00e5 klokka 12 i dag presenterer kommunedirekt\u00f8r Beate V\u00e5ge Lia budsjettframlegget for&hellip;\n","protected":false},"author":2,"featured_media":86722,"comment_status":"","ping_status":"","sticky":false,"template":"","format":"standard","meta":{"footnotes":""},"categories":[10],"tags":[20,21,24,25,15,22,23,13,30,28,29,14,16,26,27],"class_list":{"0":"post-86721","1":"post","2":"type-post","3":"status-publish","4":"format-standard","5":"has-post-thumbnail","7":"category-norge","8":"tag-breaking-news","9":"tag-breakingnews","10":"tag-featured-news","11":"tag-featurednews","12":"tag-headlines","13":"tag-latest-news","14":"tag-latestnews","15":"tag-news","16":"tag-no","17":"tag-norge","18":"tag-norway","19":"tag-nyheter","20":"tag-overskrifter","21":"tag-top-stories","22":"tag-topstories"},"share_on_mastodon":{"url":"https:\/\/pubeurope.com\/@no\/115546278017571516","error":""},"_links":{"self":[{"href":"https:\/\/www.europesays.com\/no\/wp-json\/wp\/v2\/posts\/86721","targetHints":{"allow":["GET"]}}],"collection":[{"href":"https:\/\/www.europesays.com\/no\/wp-json\/wp\/v2\/posts"}],"about":[{"href":"https:\/\/www.europesays.com\/no\/wp-json\/wp\/v2\/types\/post"}],"author":[{"embeddable":true,"href":"https:\/\/www.europesays.com\/no\/wp-json\/wp\/v2\/users\/2"}],"replies":[{"embeddable":true,"href":"https:\/\/www.europesays.com\/no\/wp-json\/wp\/v2\/comments?post=86721"}],"version-history":[{"count":0,"href":"https:\/\/www.europesays.com\/no\/wp-json\/wp\/v2\/posts\/86721\/revisions"}],"wp:featuredmedia":[{"embeddable":true,"href":"https:\/\/www.europesays.com\/no\/wp-json\/wp\/v2\/media\/86722"}],"wp:attachment":[{"href":"https:\/\/www.europesays.com\/no\/wp-json\/wp\/v2\/media?parent=86721"}],"wp:term":[{"taxonomy":"category","embeddable":true,"href":"https:\/\/www.europesays.com\/no\/wp-json\/wp\/v2\/categories?post=86721"},{"taxonomy":"post_tag","embeddable":true,"href":"https:\/\/www.europesays.com\/no\/wp-json\/wp\/v2\/tags?post=86721"}],"curies":[{"name":"wp","href":"https:\/\/api.w.org\/{rel}","templated":true}]}}