{"id":86796,"date":"2025-11-14T07:52:26","date_gmt":"2025-11-14T07:52:26","guid":{"rendered":"https:\/\/www.europesays.com\/no\/86796\/"},"modified":"2025-11-14T07:52:26","modified_gmt":"2025-11-14T07:52:26","slug":"ny-stromkabel-pa-vestlandet-sendte-stromprisene-i-midt-norge-oppover-2","status":"publish","type":"post","link":"https:\/\/www.europesays.com\/no\/86796\/","title":{"rendered":"Ny str\u00f8mkabel p\u00e5 Vestlandet sendte str\u00f8mprisene i Midt-Norge oppover"},"content":{"rendered":"<p>Den f\u00f8rste m\u00e5neden med norgespris viser at husholdninger i S\u00f8r-Norge i snitt sparte over 200 kroner p\u00e5 str\u00f8mregningen ved \u00e5 velge norgespris.<\/p>\n<p> I Nord-Norge og Midt-Norge var det et d\u00e5rlig valg, viser <a href=\"https:\/\/www.fornybarnorge.no\/strommarked\/stromprisindeksen\/\" rel=\"noopener nofollow\" target=\"_blank\">Fornybar Norges str\u00f8mprisindeks.<\/a><\/p>\n<p>For husholdninger i Nord-Norge (NO4) med norgespris og gjennomsnittlig str\u00f8mforbruk ville oktober-regningen nemlig blitt 529 kroner h\u00f8yere enn n\u00f8dvendig. I Midt-Norge (NO3) ville merkostnaden v\u00e6rt 154 kroner ettersom den steg fra 18 \u00f8re\/kWh i september til 29 \u00f8re\/kWh i oktober.<\/p>\n<p>I Vest-Norge (NO5) sparte man 237 kroner, og p\u00e5 S\u00f8rlandet (NO2) sparte man hele 338 kroner. P\u00e5 \u00d8stlandet (NO1) var besparelsen 260 kroner.<\/p>\n<p>Ny str\u00f8mkabel<\/p>\n<p>\u2013 En mulig forklaring p\u00e5 hvorfor str\u00f8mprisene steg i Midt-Norge i oktober er at en ny str\u00f8mkabel som g\u00e5r over Sognefjorden, ble \u00e5pnet i starten av m\u00e5neden, sier administrerende direkt\u00f8r B\u00e5rd Vegar Solhjell i Fornybar Norge.<\/p>\n<p>Str\u00f8mkabelen har \u00f8kt overf\u00f8ringskapasiteten mellom Midt-Norge og Vest-Norge betraktelig, og dermed f\u00f8rt til at str\u00f8mprisene i Midt-Norge blir mer p\u00e5virket av prisniv\u00e5et i S\u00f8r-Norge.<\/p>\n<p> Norgespris ble innf\u00f8rt 1. oktober og gir en fast str\u00f8mpris p\u00e5 40 \u00f8re\/kWh pluss moms ut 2026. Hittil har 36,2 prosent av norske husholdninger bestilt ordningen, if\u00f8lge <a href=\"https:\/\/elhub.no\/data-og-innsikt\/statistikk-for-norgespris\" rel=\"noopener nofollow\" target=\"_blank\">Elhub.<\/a><\/p>\n<p>Norgespris best for S\u00f8r-Norge<\/p>\n<p>\u2013 Ordningen er trolig et sv\u00e6rt lurt valg for husholdninger over hele S\u00f8r-Norge. I l\u00f8pet av h\u00f8sten og vinteren vil norgespris sannsynligvis f\u00f8re til at disse sparer noen tusenlapper p\u00e5 \u00e5 f\u00e5 lavere str\u00f8mregninger enn de ellers ville f\u00e5tt, sier Solhjell i en pressemelding.<\/p>\n<p>I oktober var snittprisen p\u00e5 str\u00f8m 59 \u00f8re\/kWh i S\u00f8r\u00f8st-Norge, 69 \u00f8re\/kWh i S\u00f8rvest-Norge og 56 \u00f8re\/kWh i Vest-Norge. Det er kun en marginal forskjell fra september.<\/p>\n<p> I alle de fem norske prisomr\u00e5dene var husholdningenes gjennomsnittlige str\u00f8mforbruk mellom 30\u201350 prosent h\u00f8yere i oktober enn i september, viser tall fra <a href=\"https:\/\/elhub.no\/data-og-innsikt\/stromforbruk\" rel=\"noopener nofollow\" target=\"_blank\">Elhub.<\/a><\/p>\n<p>Rekordlav pris i Nord-Norge<\/p>\n<p>\u2013 Norgespris ser derimot ut til \u00e5 v\u00e6re et veldig d\u00e5rlig valg for husholdninger i Nord-Norge. Der er str\u00f8mprisene for tiden betydelig lavere enn norgespris, sier Solhjell.<\/p>\n<p> I Nord-Norge var prisen bare 5 \u00f8re\/kWh \u2013 den laveste oktober-prisen noensinne. Det skyldes at det har kommet veldig mye nedb\u00f8r som igjen har f\u00f8rt til en fyllingsgrad p\u00e5 hele 95 prosent. Det er det h\u00f8yeste niv\u00e5et p\u00e5 denne tiden av \u00e5ret p\u00e5 30 \u00e5r, if\u00f8lge <a href=\"https:\/\/www.nve.no\/energi\/analyser-og-statistikk\/magasinstatistikk\/\" rel=\"noopener nofollow\" target=\"_blank\">NVE.<\/a><\/p>\n<p>Str\u00f8mregningene steg i oktober som f\u00f8lge av kaldere v\u00e6r og h\u00f8yere str\u00f8mforbruk. Til tross for at temperaturene falt i oktober etter hvert som vi kom n\u00e6rmere vinteren, var de likevel h\u00f8yere enn det som er normalt for \u00e5rstiden.<\/p>\n","protected":false},"excerpt":{"rendered":"Den f\u00f8rste m\u00e5neden med norgespris viser at husholdninger i S\u00f8r-Norge i snitt sparte over 200 kroner p\u00e5 str\u00f8mregningen&hellip;\n","protected":false},"author":2,"featured_media":86797,"comment_status":"","ping_status":"","sticky":false,"template":"","format":"standard","meta":{"footnotes":""},"categories":[5],"tags":[20,21,24,25,15,19,22,23,17,18,1647,13,30,28,3333,29,14,16,26,27],"class_list":{"0":"post-86796","1":"post","2":"type-post","3":"status-publish","4":"format-standard","5":"has-post-thumbnail","7":"category-overskrifter","8":"tag-breaking-news","9":"tag-breakingnews","10":"tag-featured-news","11":"tag-featurednews","12":"tag-headlines","13":"tag-hovedoppslag","14":"tag-latest-news","15":"tag-latestnews","16":"tag-main-news","17":"tag-mainnews","18":"tag-midt-norge","19":"tag-news","20":"tag-no","21":"tag-norge","22":"tag-norgespris","23":"tag-norway","24":"tag-nyheter","25":"tag-overskrifter","26":"tag-top-stories","27":"tag-topstories"},"share_on_mastodon":{"url":"https:\/\/pubeurope.com\/@no\/115546970126230209","error":""},"_links":{"self":[{"href":"https:\/\/www.europesays.com\/no\/wp-json\/wp\/v2\/posts\/86796","targetHints":{"allow":["GET"]}}],"collection":[{"href":"https:\/\/www.europesays.com\/no\/wp-json\/wp\/v2\/posts"}],"about":[{"href":"https:\/\/www.europesays.com\/no\/wp-json\/wp\/v2\/types\/post"}],"author":[{"embeddable":true,"href":"https:\/\/www.europesays.com\/no\/wp-json\/wp\/v2\/users\/2"}],"replies":[{"embeddable":true,"href":"https:\/\/www.europesays.com\/no\/wp-json\/wp\/v2\/comments?post=86796"}],"version-history":[{"count":0,"href":"https:\/\/www.europesays.com\/no\/wp-json\/wp\/v2\/posts\/86796\/revisions"}],"wp:featuredmedia":[{"embeddable":true,"href":"https:\/\/www.europesays.com\/no\/wp-json\/wp\/v2\/media\/86797"}],"wp:attachment":[{"href":"https:\/\/www.europesays.com\/no\/wp-json\/wp\/v2\/media?parent=86796"}],"wp:term":[{"taxonomy":"category","embeddable":true,"href":"https:\/\/www.europesays.com\/no\/wp-json\/wp\/v2\/categories?post=86796"},{"taxonomy":"post_tag","embeddable":true,"href":"https:\/\/www.europesays.com\/no\/wp-json\/wp\/v2\/tags?post=86796"}],"curies":[{"name":"wp","href":"https:\/\/api.w.org\/{rel}","templated":true}]}}