{"id":86847,"date":"2025-11-14T08:55:08","date_gmt":"2025-11-14T08:55:08","guid":{"rendered":"https:\/\/www.europesays.com\/no\/86847\/"},"modified":"2025-11-14T08:55:08","modified_gmt":"2025-11-14T08:55:08","slug":"frykter-tap-av-arbeidsplasser-ubegripelig-fvn-no","status":"publish","type":"post","link":"https:\/\/www.europesays.com\/no\/86847\/","title":{"rendered":"Frykter tap av arbeids\u00adplasser: \u2013 Ubegri\u00adpelig &#8211; fvn.no"},"content":{"rendered":"<ol>\n<li><a href=\"https:\/\/news.google.com\/rss\/articles\/CBMijgFBVV95cUxQeThRRm8wcnhRNmhqaUlLWVFwdk9jYVVBd3B5Mkp2Y1VET2hOVExJMm5vUWc3b0F4MFBnRGdhWjNHVkxpSmhycTFINHJDZm5HRmc3UlZqU3E2WEFaeUlBclJKSUNveVk1QXBMMVdRTUhJN3ZNSFVWakZMZVpGOE95MGNVQjl0VFF5ZTA1aF93?oc=5\" target=\"_blank\" rel=\"nofollow noopener\">Frykter tap av arbeids\u00adplasser: \u2013 Ubegri\u00adpelig<\/a>&nbsp;&nbsp;fvn.no<\/li>\n<li><a href=\"https:\/\/news.google.com\/rss\/articles\/CBMingFBVV95cUxOMnpqZ2tiS2dtT2doeGlxakdVbENhX2p5N3pIQzFLd0xJLUdIcGRtZVBuWUk0N1RDZVhHSWh5YmpXV2R6SzZIak9kd1I0dXl0Zlo5c1lKSzc3Zll1SGdQWXJCX2Y4akFwcWN4ZVBoaXhTY0ZzdFZBVkp2UEpzQ1hDU2ctdWd2b3hJZlFjbjFtUk9ncFdoeW9SQ3M1dl9yUQ?oc=5\" target=\"_blank\" rel=\"nofollow noopener\">EU-toll: Frykter at Norge mister fotfeste i Europa<\/a>&nbsp;&nbsp;NRK<\/li>\n<li><a href=\"https:\/\/news.google.com\/rss\/articles\/CBMioAFBVV95cUxQMXBOZGc5Nlp6d2cyNHZsZl9lTFkzR1V6VnlpOEZodmJYSlBXMDJXa3p3dHIxMWVVQVN1SXZpOHZldjZqaDRrSHd0VHZPRDdlU0Njdk5Id3pwMElGMjRfemVwc0UyTDNVSk8zWGFuVUVRdU5qeUQ2dFBhRzEzVUhOd0MyR3FGTHIydVZENmRPZUVRTnhjelRtdFF6Vk0xN1A4?oc=5\" target=\"_blank\" rel=\"nofollow noopener\">Takken for St\u00f8re-st\u00f8tte til Europa: EU-toll p\u00e5 norske arbeidsplasser<\/a>&nbsp;&nbsp;Nettavisen<\/li>\n<li><a href=\"https:\/\/news.google.com\/rss\/articles\/CBMif0FVX3lxTE5lMXJfOHhyMHBoYzRDZGNPQ0xneUx6VGN4WE5GWmJSUkh1REpmQnN6SDR4dTVuaEtOTkxvLUdXRFdYQVBMd0NVLTRfX0ZMVW80QjJSbGlSemsxbnBMd2RMaE9aYzBpaG95dDRDSng4U05LTTM1Ymg2dEpJOFhVdHM?oc=5\" target=\"_blank\" rel=\"nofollow noopener\">Vedum er sint fordi EU f\u00f8rer Sp-politikk<\/a>&nbsp;&nbsp;Teknisk Ukeblad<\/li>\n<li><a href=\"https:\/\/news.google.com\/rss\/articles\/CBMidkFVX3lxTFBoRHZKN0dCaFhXM211T0N6eFQwRTNMdEdmNmZJdlRTakhkZDN3UW4wR0lrQ3dTTDl1eEFPbmg2Q3hpMnI5X0x3ZHB3VjVUdnd2Z1FpNTdGS0x5RjRoSFRseGZoOXhsLVdSUHNIUGN6ZUQxQS1ES0E?oc=5\" target=\"_blank\" rel=\"nofollow noopener\">&#8211; Har store konsekvenser<\/a>&nbsp;&nbsp;Dagbladet<\/li>\n<\/ol>\n","protected":false},"excerpt":{"rendered":"Frykter tap av arbeids\u00adplasser: \u2013 Ubegri\u00adpelig&nbsp;&nbsp;fvn.no EU-toll: Frykter at Norge mister fotfeste i Europa&nbsp;&nbsp;NRK Takken for St\u00f8re-st\u00f8tte til&hellip;\n","protected":false},"author":2,"featured_media":86848,"comment_status":"","ping_status":"","sticky":false,"template":"","format":"standard","meta":{"footnotes":""},"categories":[10],"tags":[20,21,279,24,25,15,2986,22,23,13,30,28,11531,29,14,16,365,26,27],"class_list":{"0":"post-86847","1":"post","2":"type-post","3":"status-publish","4":"format-standard","5":"has-post-thumbnail","7":"category-norge","8":"tag-breaking-news","9":"tag-breakingnews","10":"tag-eu","11":"tag-featured-news","12":"tag-featurednews","13":"tag-headlines","14":"tag-kvinesdal","15":"tag-latest-news","16":"tag-latestnews","17":"tag-news","18":"tag-no","19":"tag-norge","20":"tag-norsk-industri","21":"tag-norway","22":"tag-nyheter","23":"tag-overskrifter","24":"tag-toll","25":"tag-top-stories","26":"tag-topstories"},"share_on_mastodon":{"url":"https:\/\/pubeurope.com\/@no\/115547217794209616","error":""},"_links":{"self":[{"href":"https:\/\/www.europesays.com\/no\/wp-json\/wp\/v2\/posts\/86847","targetHints":{"allow":["GET"]}}],"collection":[{"href":"https:\/\/www.europesays.com\/no\/wp-json\/wp\/v2\/posts"}],"about":[{"href":"https:\/\/www.europesays.com\/no\/wp-json\/wp\/v2\/types\/post"}],"author":[{"embeddable":true,"href":"https:\/\/www.europesays.com\/no\/wp-json\/wp\/v2\/users\/2"}],"replies":[{"embeddable":true,"href":"https:\/\/www.europesays.com\/no\/wp-json\/wp\/v2\/comments?post=86847"}],"version-history":[{"count":0,"href":"https:\/\/www.europesays.com\/no\/wp-json\/wp\/v2\/posts\/86847\/revisions"}],"wp:featuredmedia":[{"embeddable":true,"href":"https:\/\/www.europesays.com\/no\/wp-json\/wp\/v2\/media\/86848"}],"wp:attachment":[{"href":"https:\/\/www.europesays.com\/no\/wp-json\/wp\/v2\/media?parent=86847"}],"wp:term":[{"taxonomy":"category","embeddable":true,"href":"https:\/\/www.europesays.com\/no\/wp-json\/wp\/v2\/categories?post=86847"},{"taxonomy":"post_tag","embeddable":true,"href":"https:\/\/www.europesays.com\/no\/wp-json\/wp\/v2\/tags?post=86847"}],"curies":[{"name":"wp","href":"https:\/\/api.w.org\/{rel}","templated":true}]}}