{"id":86888,"date":"2025-11-14T09:50:11","date_gmt":"2025-11-14T09:50:11","guid":{"rendered":"https:\/\/www.europesays.com\/no\/86888\/"},"modified":"2025-11-14T09:50:11","modified_gmt":"2025-11-14T09:50:11","slug":"lewis-burton-bryter-tausheten-om-pastander-i-ny-dokumentar-om-den-tidligere-kjaeresten-caroline-flack","status":"publish","type":"post","link":"https:\/\/www.europesays.com\/no\/86888\/","title":{"rendered":"Lewis Burton bryter tausheten om p\u00e5stander i ny dokumentar om den tidligere kj\u00e6resten Caroline Flack."},"content":{"rendered":"<p class=\"kicker \" style=\"\">Caroline Flack og Lewis Burton:<\/p>\n<p>  Den avd\u00f8de programlederens ekskj\u00e6reste bryter tausheten om dokumentaren. &#8211; Har g\u00e5tt for langt, raser han.<\/p>\n<p>\n    BRYTER TAUSHETEN: I lys av den ferske dokumentaren om Caroline Flack bryter ekskj\u00e6resten Lewis Burton tausheten. Foto: Hewitt \/ SplashNews.com \/ NTB\n  <\/p>\n<p>Den nye Disney+-dokumentaren om den avd\u00f8de \u00abLove Island\u00bb-programlederen Caroline Flack (40)\u00a0 hadde premiere denne uken.\u00a0<\/p>\n<p>Den todelte serien fors\u00f8ker \u00e5 belyse hva som skjedde i tiden f\u00f8r tragedien, og tar et<a href=\"https:\/\/www.seher.no\/kjendis\/min-storste-sorg\/83824928\" rel=\"nofollow noopener\" target=\"_blank\">\u00a0oppgj\u00f8r med rykter og myter<\/a>\u00a0rundt TV-profilens tragiske bortgang i 2020. <\/p>\n<p>          <img loading=\"lazy\" decoding=\"async\" src=\"https:\/\/www.europesays.com\/no\/wp-content\/uploads\/2025\/11\/1763113809_912_83825179.webp\" width=\"686\" height=\"940\" title=\"PROGRAMLEDER: F\u00f8r voldssiktelsen var Caroline Flack programleder for \u00abLove Island UK\u00bb. Foto: James Gourley \/ ITV \/ REX\" alt=\"\" class=\"\" style=\"--aspect-ratio-image: 0.73; \"\/><\/p>\n<p>\n          PROGRAMLEDER: F\u00f8r voldssiktelsen var Caroline Flack programleder for \u00abLove Island UK\u00bb. Foto: James Gourley \/ ITV \/ REX\n      <\/p>\n<p class=\"font-weight-bold m-font-weight-bold\" data-lab-font_weight=\"font-weight-bold\">N\u00e5 hevder Carolines ekskj\u00e6reste Lewis Burton(33) at flere av opplysningene i dokumentaren ikke stemmer.<\/p>\n<p class=\"font-weight-light m-font-weight-light\" data-lab-font_weight=\"font-weight-light\">I en Instagram Story skriver Lewis at han lenge har valgt \u00e5 tie, men at hetsen mot ham og familien har g\u00e5tt for langt.\u00a0<\/p>\n<p>          <img loading=\"lazy\" decoding=\"async\" src=\"https:\/\/www.europesays.com\/no\/wp-content\/uploads\/2025\/11\/83851197.webp\" width=\"686\" height=\"625\" title=\"EKSER: Lewis og Caroline var et par i rundt seks m\u00e5neder i 2019. Foto: Skjermbilde: @carolineflack \/ Instagram\" alt=\"\" class=\"\" style=\"--aspect-ratio-image: 1.10; \"\/><\/p>\n<p>\n          EKSER: Lewis og Caroline var et par i rundt seks m\u00e5neder i 2019. Foto: Skjermbilde: @carolineflack \/ Instagram\n      <\/p>\n<p class=\"font-weight-light m-font-weight-light\" data-lab-font_weight=\"font-weight-light\">\u00abAv respekt har jeg valgt \u00e5 ikke si noe. Men de falske anklagene og netthatet rettet mot meg og familien min har g\u00e5tt for langt\u00bb, skriver han, if\u00f8lge britiske\u00a0<a href=\"https:\/\/www.mirror.co.uk\/3am\/celebrity-news\/breaking-caroline-flacks-ex-lewis-36233499\" target=\"_blank\" rel=\"nofollow noopener\">Mirror<\/a>. <\/p>\n<p class=\"font-weight-light m-font-weight-light\" data-lab-font_weight=\"font-weight-light\">\u00abJeg hadde virkelig h\u00e5poet at det aldri skulle komme hit, men n\u00e5 har jeg ikke noe annet valg enn \u00e5 rydde opp og fortelle sannheten\u00bb, fortsetter han.\u00a0<\/p>\n<p>        AVSL\u00d8RES: N\u00e5r Jan Thomas m\u00f8ter \u00abJakten\u00bb-b\u00f8dene og frierne deres skal alle kortene p\u00e5 bordet. Video: \u00abJakten p\u00e5 kj\u00e6rligheten\u00bb\/ TV 2\/ R\u00f8d L\u00f8per<\/p>\n<p class=\"font-weight-light m-font-weight-light\" data-lab-font_weight=\"font-weight-light\">Lewis medvirker ikke i dokumentaren, men if\u00f8lge<a href=\"https:\/\/www.mirror.co.uk\/3am\/celebrity-news\/breaking-caroline-flacks-ex-lewis-36233499\" style=\"font-size: 1.4rem;\" rel=\"nofollow noopener\" target=\"_blank\">\u00a0Mirror<\/a>\u00a0forteller regiss\u00f8ren at han ble kontaktet flere ganger for \u00e5 bidra.<\/p>\n<p> Caroline Flacks mor, Christine Flack, tar i filmen et kraftig oppgj\u00f8r med ryktene om at datteren skal ha \u00absl\u00e5tt kj\u00e6resten med en lampe\u00bb<a href=\"https:\/\/www.seher.no\/kjendis\/min-storste-sorg\/83824928\" rel=\"nofollow noopener\" target=\"_blank\">\u00a0under krangelen i 2019. Hun kaller det hele en \u00abmyte\u00bb.<\/a> <\/p>\n<p>          <img loading=\"lazy\" decoding=\"async\" src=\"https:\/\/www.europesays.com\/no\/wp-content\/uploads\/2025\/11\/1763113810_478_83824977.webp\" width=\"980\" height=\"559\" title=\"S\u00d8RGENDE MOR: P\u00e5 Tottenham Community Sports Centre nord i London er det satt selvmordsforebyggende benk til minne om Caroline Flack. Foto: Yui Mok \/ NTB\" alt=\"\" class=\"\" style=\"--aspect-ratio-image: 1.75; \"\/><\/p>\n<p>\n          S\u00d8RGENDE MOR: P\u00e5 Tottenham Community Sports Centre nord i London er det satt selvmordsforebyggende benk til minne om Caroline Flack. Foto: Yui Mok \/ NTB\n      <\/p>\n<p>Christine og advokaten hennes Paul Morris forteller i dokumentaren\u00a0at Caroline oppdaget meldinger fra en annen kvinne p\u00e5 Lewis&#8217; mobil etter en kveld p\u00e5 byen, og at hun i frustrasjon slo ham med mobilen.\u00a0<\/p>\n<p>Lewis skal ha ringt politiet og gitt ulike forklaringer om hva han ble truffet med &#8211; f\u00f8rst en lampe eller en vifte, s\u00e5 sa han at han ikke visste.<\/p>\n<p>          <img loading=\"lazy\" decoding=\"async\" src=\"https:\/\/www.europesays.com\/no\/wp-content\/uploads\/2025\/11\/83851280.webp\" width=\"686\" height=\"707\" title=\"MOR OG DATTER: Caroline Flack sammen med mamma Christine p\u00e5 kaffedate tilbake i 2015. Foto: Instagram \/ @carolineflack\" alt=\"\" class=\"\" style=\"--aspect-ratio-image: 0.97; \"\/><\/p>\n<p>\n          MOR OG DATTER: Caroline Flack sammen med mamma Christine p\u00e5 kaffedate tilbake i 2015. Foto: Instagram \/ @carolineflack\n      <\/p>\n<p>Lewis avviste p\u00e5talemyndighetenes versjon med lampen og Caroline nektet straffskyld. Likevel ble saken tatt til retten, og Caroline ble utsatt for et vanvittig mediepress som forverret de psykiske problemene hun allerede slet med, if\u00f8lge\u00a0<a href=\"https:\/\/www.eonline.com\/news\/1424895\/caroline-flacks-death-documentary-revelations\" target=\"_blank\" rel=\"nofollow noopener\">E! News<\/a>.<\/p>\n<p>Videre i dokumentaren hevder moren og advokaten at Caroline ble urettferdig behandlet fordi politiet \u00f8nsket \u00e5 vise handlekraft i saker om vold i n\u00e6re relasjoner:<\/p>\n<p>        SVIMER AV: Her besvimer den s\u00f8rkoreanske artisten Hyuna midt i en opptreden under en musikkfestival i Macao. Reporter: Anabelle Bruun\/Dagbladet TV<\/p>\n<p>&#8211; Det ble raskt tydelig for meg at Caroline Flack ikke ble tiltalt for det som faktisk skjedde, men fordi hun var Caroline Flack, sier advokat Morris.<\/p>\n<p>Carolines mor er enig og legger til:\u00a0<\/p>\n<p>          <img loading=\"lazy\" decoding=\"async\" src=\"https:\/\/www.europesays.com\/no\/wp-content\/uploads\/2025\/11\/72750875.webp\" width=\"686\" height=\"700\" title=\"SIKTET: Caroline avbildet da hun forlot Highbury Corner Magistrates' Court etter \u00e5 ha nektet straffskyld. Foto: Peter Manning \/ LNP \/ Shutterstock \/ NTB\" alt=\"\" class=\"\" style=\"--aspect-ratio-image: 0.98; \"\/><\/p>\n<p>\n          SIKTET: Caroline avbildet da hun forlot Highbury Corner Magistrates&#8217; Court etter \u00e5 ha nektet straffskyld. Foto: Peter Manning \/ LNP \/ Shutterstock \/ NTB\n      <\/p>\n<p>&#8211; Selve lovbruddet hun ble tiltalt for var det minst alvorlige man kan bli siktet for. Men det hun m\u00e5tte gjennomg\u00e5, var helt ute av proporsjoner.<\/p>\n<p>Tidligere advokat Nazir Afzal sier i dokumentaren at Caroline aldri burde blitt tiltalt i utgangspunktet:<\/p>\n<p>    <a itemprop=\"url\" href=\"https:\/\/www.seher.no\/kjendis\/forsoker-a-pusle-livet-mitt-tilbake\/83847831\" rel=\"nofollow noopener\" target=\"_blank\"><\/p>\n<p>      <img loading=\"lazy\" decoding=\"async\" src=\"https:\/\/www.europesays.com\/no\/wp-content\/uploads\/2025\/11\/83020320.webp\" width=\"147\" height=\"98\" title=\"- Fors\u00f8ker \u00e5 pusle livet mitt tilbake\" alt=\"\" class=\"lazyload\" style=\"--aspect-ratio-image: 1.50; \"\/><\/p>\n<p>        &#8211; Fors\u00f8ker \u00e5 pusle livet mitt tilbake<\/p>\n<p>    <\/a><\/p>\n<p>&#8211; Etter \u00e5 ha sett bevisene, forst\u00e5r jeg ikke hvorfor saken gikk videre. Dette burde aldri v\u00e6rt en rettssak, p\u00e5 det meste en advarsel.\u00a0<\/p>\n<p>    Trenger du noen \u00e5 snakke med?<\/p>\n<ul>\n<li>Ved akutt fare for selvmord, ring 113 umiddelbart. Ring heller en gang for mye enn en gang for lite.<\/li>\n<li>Mental Helse tilbyr d\u00f8gn\u00e5pen telefontjeneste og nettjeneste for alle som trenger noen \u00e5 snakke med. Ring 116 123 eller g\u00e5 inn p\u00e5\u00a0<a href=\"http:\/\/sidetmedord.no\/\" target=\"_blank\" rel=\"nofollow noopener\">Sidetmedord.no<\/a>.<\/li>\n<li><a href=\"https:\/\/mentalhelseungdom.no\/fa-hjelp\/\" target=\"_blank\" rel=\"nofollow noopener\">Mental Helse Ungdom tilbyr chat<\/a>\u00a0for unge voksne som trenger noen \u00e5 snakke med.<\/li>\n<li>Kirkens SOS Norge har d\u00f8gn\u00e5pen hjelpetelefon, chat og meldingstjenestene. Ring 22 4000 40 eller g\u00e5 inn p\u00e5\u00a0<a href=\"http:\/\/kirkens-sos.no\/\" target=\"_blank\" rel=\"nofollow noopener\">kirkens-sos.no<\/a>.<\/li>\n<li>Kors p\u00e5 halsen er R\u00f8de Kors sitt samtaletilbud for barn og unge under 18 \u00e5r. De kan kontaktes p\u00e5\u00a0<a href=\"https:\/\/www.korspahalsen.no\/korspahalsen\" target=\"_blank\" rel=\"nofollow noopener\">chat, mail<\/a>\u00a0eller telefonnummer 800 333 21.<\/li>\n<\/ul>\n<p>Kilde:\u00a0<\/p>\n<p><a href=\"http:\/\/helsenorge.no\/\" target=\"_blank\" rel=\"nofollow noopener\">Helsenorge.no<\/a><\/p>\n<p>      Vis mer<br \/>\n      Vis mindre<\/p>\n<p class=\"\">Caroline Flack var mest kjent som programleder i britiske \u00abLove Island\u00bb og \u00abX-factor\u00bb. I 2020 tok hun livet sitt, kort tid etter at hun ble siktet for vold mot kj\u00e6resten Lewis Burton. I m\u00e5nedene etter arrestasjonen i desember 2019 ble hun utsatt for et massivt mediepress og store mengder hets p\u00e5 nett.<\/p>\n<p><a href=\"https:\/\/www.seher.no\/kjendis\/hun-var-sa-trist\/72161227\" rel=\"nofollow noopener\" target=\"_blank\">Caroline Flack tok sitt eget liv i februar 2020<\/a>, 40 \u00e5r gammel, kort tid etter at hun fikk vite at hun likevel skulle tiltales for vold mot Lewis Burton.<\/p>\n","protected":false},"excerpt":{"rendered":"Caroline Flack og Lewis Burton: Den avd\u00f8de programlederens ekskj\u00e6reste bryter tausheten om dokumentaren. &#8211; Har g\u00e5tt for langt,&hellip;\n","protected":false},"author":2,"featured_media":86889,"comment_status":"","ping_status":"","sticky":false,"template":"","format":"standard","meta":{"footnotes":""},"categories":[58],"tags":[11075,71,479,2543,11534,30,28,29,72],"class_list":{"0":"post-86888","1":"post","2":"type-post","3":"status-publish","4":"format-standard","5":"has-post-thumbnail","7":"category-underholdning","8":"tag-caroline-flack","9":"tag-entertainment","10":"tag-kjendis","11":"tag-kjendisdesken","12":"tag-lewis-burton","13":"tag-no","14":"tag-norge","15":"tag-norway","16":"tag-underholdning"},"share_on_mastodon":{"url":"https:\/\/pubeurope.com\/@no\/115547434678182108","error":""},"_links":{"self":[{"href":"https:\/\/www.europesays.com\/no\/wp-json\/wp\/v2\/posts\/86888","targetHints":{"allow":["GET"]}}],"collection":[{"href":"https:\/\/www.europesays.com\/no\/wp-json\/wp\/v2\/posts"}],"about":[{"href":"https:\/\/www.europesays.com\/no\/wp-json\/wp\/v2\/types\/post"}],"author":[{"embeddable":true,"href":"https:\/\/www.europesays.com\/no\/wp-json\/wp\/v2\/users\/2"}],"replies":[{"embeddable":true,"href":"https:\/\/www.europesays.com\/no\/wp-json\/wp\/v2\/comments?post=86888"}],"version-history":[{"count":0,"href":"https:\/\/www.europesays.com\/no\/wp-json\/wp\/v2\/posts\/86888\/revisions"}],"wp:featuredmedia":[{"embeddable":true,"href":"https:\/\/www.europesays.com\/no\/wp-json\/wp\/v2\/media\/86889"}],"wp:attachment":[{"href":"https:\/\/www.europesays.com\/no\/wp-json\/wp\/v2\/media?parent=86888"}],"wp:term":[{"taxonomy":"category","embeddable":true,"href":"https:\/\/www.europesays.com\/no\/wp-json\/wp\/v2\/categories?post=86888"},{"taxonomy":"post_tag","embeddable":true,"href":"https:\/\/www.europesays.com\/no\/wp-json\/wp\/v2\/tags?post=86888"}],"curies":[{"name":"wp","href":"https:\/\/api.w.org\/{rel}","templated":true}]}}