{"id":86905,"date":"2025-11-14T10:12:10","date_gmt":"2025-11-14T10:12:10","guid":{"rendered":"https:\/\/www.europesays.com\/no\/86905\/"},"modified":"2025-11-14T10:12:10","modified_gmt":"2025-11-14T10:12:10","slug":"nyheter-vestland-fylke-robert-rastad-blir-ny-fylkesdirektor-i-vestland","status":"publish","type":"post","link":"https:\/\/www.europesays.com\/no\/86905\/","title":{"rendered":"Nyheter, Vestland fylke | Robert Rastad blir ny fylkesdirekt\u00f8r i Vestland"},"content":{"rendered":"\n<p>Rune Haugsdal har n\u00e6rmest legendestatus innen offentlig forvaltning, og er den best betalte byr\u00e5kraten p\u00e5 Vestlandet med 2,16 millioner kroner i l\u00f8nn.<\/p>\n<p>F\u00f8r han ble fylkesdirekt\u00f8r var han kommunaldirekt\u00f8r for finans i Bergen.<\/p>\n<p>Han er ogs\u00e5 kjent for \u00e5 ha spilt en sv\u00e6rt vesentlig rolle bak bybanekompromisset som det sittende byr\u00e5det n\u00e5 planlegger \u00e5 realisere. Bybanen er et prosjekt han har fulgt i ulike roller siden byggestarten i 2008.<\/p>\n<p>Gir seg<\/p>\n<p>Haugsdal var ogs\u00e5 sv\u00e6rt delaktig, naturligvis, i sammensl\u00e5ingen av Hordaland og Sogn og Fjordane fylker til Vestland fylke.<\/p>\n<p>N\u00e5 g\u00e5r han over i en r\u00e5dgivende rolle.<\/p>\n<p>\u2013 Etter min egen mening, mener jeg hodet fremdeles fungerer bra og at engasjementet og energien er p\u00e5 plass, sa Haugsdal da han kunngjorde sin avskjed.<\/p>\n<p>I etterkant har fylket naturligvis lett etter erstatteren.<\/p>\n<p>Det blir ingen hvem som helst. Robert Rastad har tidligere <a href=\"https:\/\/www.ba.no\/robert-rastad-gir-seg-som-kommunaldirektor-i-bergen\/s\/5-8-1401025\" rel=\"Follow nofollow noopener\" target=\"_blank\">v\u00e6rt kommunaldirekt\u00f8r i Bergen<\/a>, det vil si kommunens \u00f8verste administrative leder, og <a href=\"https:\/\/www.ba.no\/slutter-som-universitetsdirektor\/s\/5-8-2234049\" rel=\"Follow nofollow noopener\" target=\"_blank\">direkt\u00f8r ved Universitetet i Bergen.<\/a>\u00a0<\/p>\n<p>   <img decoding=\"async\" width=\"5568\" height=\"3712\" fetchpriority=\"low\"  loading=\"lazy\"  src=\"https:\/\/www.europesays.com\/no\/wp-content\/uploads\/2025\/11\/BA58487_1.jpg\" alt=\"\" class=\"brick-c-cFOWSL\" style=\"--brick-image-ratio: 5568 \/ 3712;\"\/><\/p>\n<p>      Robert Rastad har v\u00e6rt mye i mediene i forbindelse med sine tidligere jobber.<br \/>\n      Foto: RUNE JOHANSEN (arkiv)\n    <\/p>\n<p>  Dette blir l\u00f8nnen\u00a0<\/p>\n<p>I det siste har han jobbet som toppkonsulent i PWC, da med s\u00e6rlig fokus p\u00e5 \u00e5 r\u00e5dgi kommuner med \u00e5 spare penger. I fylket vil han f\u00e5 en \u00e5rsl\u00f8nn p\u00e5 1,98 millioner kroner, noe under det Haugsdal fikk.<\/p>\n<p>\u2013 Med til sammen over 25 \u00e5rs ledererfaring fra store og komplekse organisasjoner, har jeg st\u00e5tt midt i den enorme utviklingen vi har hatt i disse \u00e5rene. Jeg vet at Vestland fylkeskommune, som mange andre, vil m\u00f8te nye krav til endring og omstilling, sier Rastad.<\/p>\n<p>Han starter i stillingen 1. februar.<\/p>\n<p>\u2013 N\u00e5 er jeg klar til \u00e5 ta over stafettpinnen og l\u00f8se alle de spennende oppgavene i fylkeskommunen sammen med de ansatte, sier han.<\/p>\n<p>  <a href=\"https:\/\/www.ba.no\/5-8-2234049\" class=\"related-teaser has-image default-story-teaser article--c-eRUmMG article--c-eRUmMG-jKCPdD-design-default\" rel=\"nofollow noopener\" target=\"_blank\"><\/p>\n<p>    <img decoding=\"async\" loading=\"lazy\"  src=\"https:\/\/www.europesays.com\/no\/wp-content\/uploads\/2025\/11\/380ec9ce-9232-4f9a-94a6-7024c3137038.jpg\" alt=\"\" class=\"brick-c-cFOWSL\" style=\"\"\/><\/p>\n<p>\n            Les ogs\u00e5<\/p>\n<p>              Slutter som universitetsdirekt\u00f8r\n        <\/p>\n<p>  <\/a><\/p>\n","protected":false},"excerpt":{"rendered":"Rune Haugsdal har n\u00e6rmest legendestatus innen offentlig forvaltning, og er den best betalte byr\u00e5kraten p\u00e5 Vestlandet med 2,16&hellip;\n","protected":false},"author":2,"featured_media":86906,"comment_status":"","ping_status":"","sticky":false,"template":"","format":"standard","meta":{"footnotes":""},"categories":[10],"tags":[36,20,21,24,25,15,22,23,13,30,28,29,14,16,41,1510,26,27,11537],"class_list":{"0":"post-86905","1":"post","2":"type-post","3":"status-publish","4":"format-standard","5":"has-post-thumbnail","7":"category-norge","8":"tag-art","9":"tag-breaking-news","10":"tag-breakingnews","11":"tag-featured-news","12":"tag-featurednews","13":"tag-headlines","14":"tag-latest-news","15":"tag-latestnews","16":"tag-news","17":"tag-no","18":"tag-norge","19":"tag-norway","20":"tag-nyheter","21":"tag-overskrifter","22":"tag-politikk","23":"tag-story","24":"tag-top-stories","25":"tag-topstories","26":"tag-vestland-fylke"},"share_on_mastodon":{"url":"https:\/\/pubeurope.com\/@no\/115547520649049978","error":""},"_links":{"self":[{"href":"https:\/\/www.europesays.com\/no\/wp-json\/wp\/v2\/posts\/86905","targetHints":{"allow":["GET"]}}],"collection":[{"href":"https:\/\/www.europesays.com\/no\/wp-json\/wp\/v2\/posts"}],"about":[{"href":"https:\/\/www.europesays.com\/no\/wp-json\/wp\/v2\/types\/post"}],"author":[{"embeddable":true,"href":"https:\/\/www.europesays.com\/no\/wp-json\/wp\/v2\/users\/2"}],"replies":[{"embeddable":true,"href":"https:\/\/www.europesays.com\/no\/wp-json\/wp\/v2\/comments?post=86905"}],"version-history":[{"count":0,"href":"https:\/\/www.europesays.com\/no\/wp-json\/wp\/v2\/posts\/86905\/revisions"}],"wp:featuredmedia":[{"embeddable":true,"href":"https:\/\/www.europesays.com\/no\/wp-json\/wp\/v2\/media\/86906"}],"wp:attachment":[{"href":"https:\/\/www.europesays.com\/no\/wp-json\/wp\/v2\/media?parent=86905"}],"wp:term":[{"taxonomy":"category","embeddable":true,"href":"https:\/\/www.europesays.com\/no\/wp-json\/wp\/v2\/categories?post=86905"},{"taxonomy":"post_tag","embeddable":true,"href":"https:\/\/www.europesays.com\/no\/wp-json\/wp\/v2\/tags?post=86905"}],"curies":[{"name":"wp","href":"https:\/\/api.w.org\/{rel}","templated":true}]}}