{"id":86923,"date":"2025-11-14T10:25:50","date_gmt":"2025-11-14T10:25:50","guid":{"rendered":"https:\/\/www.europesays.com\/no\/86923\/"},"modified":"2025-11-14T10:25:50","modified_gmt":"2025-11-14T10:25:50","slug":"red-bull-etterforskes","status":"publish","type":"post","link":"https:\/\/www.europesays.com\/no\/86923\/","title":{"rendered":"Red Bull etterforskes"},"content":{"rendered":"<p>  EU kunngjorde torsdag at de etterforsker energidrikkprodusenten Red Bull. Selskapet mistenkes for \u00e5 ha misbrukt sin markedsposisjon og brutt konkurransereglene.<\/p>\n<p>\n    Red Bull er under etterforskning for \u00e5 ha fors\u00f8kt \u00e5 redusere synligheten til rivaliserende energidrikker. Foto: Heiko Junge \/ NTB\n  <\/p>\n<p>EU-kommisjonen mener at Red Bull kan ha gitt \u00f8konomiske og andre insentiver til kunder, blant annet dagligvarebutikker og bensinstasjoner, for \u00e5 hindre dem i \u00e5 selge konkurrerende energidrikker i st\u00f8rrelser som overstiger 250 milliliter.<\/p>\n<p>De etterforsker ogs\u00e5 om Red Bull har fors\u00f8kt \u00e5 redusere synligheten til rivaliserende energidrikker i slike butikker, \u00abi det minste i Nederland\u00bb. De nevner ikke andre EU-land.<\/p>\n<p>\u2013 Vi \u00f8nsker \u00e5 se om disse praksisene kan ha bidratt til \u00e5 holde prisene h\u00f8ye og begrense forbrukernes valgmuligheter n\u00e5r det gjelder energidrikker, sier EUs konkurransekommiss\u00e6r Teresa Ribera.<\/p>\n","protected":false},"excerpt":{"rendered":"EU kunngjorde torsdag at de etterforsker energidrikkprodusenten Red Bull. Selskapet mistenkes for \u00e5 ha misbrukt sin markedsposisjon og&hellip;\n","protected":false},"author":2,"featured_media":86924,"comment_status":"","ping_status":"","sticky":false,"template":"","format":"standard","meta":{"footnotes":""},"categories":[12],"tags":[20,21,279,24,25,15,22,23,13,30,28,29,14,16,7433,26,27,42,43,44,45],"class_list":{"0":"post-86923","1":"post","2":"type-post","3":"status-publish","4":"format-standard","5":"has-post-thumbnail","7":"category-verden","8":"tag-breaking-news","9":"tag-breakingnews","10":"tag-eu","11":"tag-featured-news","12":"tag-featurednews","13":"tag-headlines","14":"tag-latest-news","15":"tag-latestnews","16":"tag-news","17":"tag-no","18":"tag-norge","19":"tag-norway","20":"tag-nyheter","21":"tag-overskrifter","22":"tag-red-bull","23":"tag-top-stories","24":"tag-topstories","25":"tag-verden","26":"tag-world","27":"tag-world-news","28":"tag-worldnews"},"share_on_mastodon":{"url":"https:\/\/pubeurope.com\/@no\/115547575886205479","error":""},"_links":{"self":[{"href":"https:\/\/www.europesays.com\/no\/wp-json\/wp\/v2\/posts\/86923","targetHints":{"allow":["GET"]}}],"collection":[{"href":"https:\/\/www.europesays.com\/no\/wp-json\/wp\/v2\/posts"}],"about":[{"href":"https:\/\/www.europesays.com\/no\/wp-json\/wp\/v2\/types\/post"}],"author":[{"embeddable":true,"href":"https:\/\/www.europesays.com\/no\/wp-json\/wp\/v2\/users\/2"}],"replies":[{"embeddable":true,"href":"https:\/\/www.europesays.com\/no\/wp-json\/wp\/v2\/comments?post=86923"}],"version-history":[{"count":0,"href":"https:\/\/www.europesays.com\/no\/wp-json\/wp\/v2\/posts\/86923\/revisions"}],"wp:featuredmedia":[{"embeddable":true,"href":"https:\/\/www.europesays.com\/no\/wp-json\/wp\/v2\/media\/86924"}],"wp:attachment":[{"href":"https:\/\/www.europesays.com\/no\/wp-json\/wp\/v2\/media?parent=86923"}],"wp:term":[{"taxonomy":"category","embeddable":true,"href":"https:\/\/www.europesays.com\/no\/wp-json\/wp\/v2\/categories?post=86923"},{"taxonomy":"post_tag","embeddable":true,"href":"https:\/\/www.europesays.com\/no\/wp-json\/wp\/v2\/tags?post=86923"}],"curies":[{"name":"wp","href":"https:\/\/api.w.org\/{rel}","templated":true}]}}