{"id":86951,"date":"2025-11-14T10:46:17","date_gmt":"2025-11-14T10:46:17","guid":{"rendered":"https:\/\/www.europesays.com\/no\/86951\/"},"modified":"2025-11-14T10:46:17","modified_gmt":"2025-11-14T10:46:17","slug":"nesten-alle-bydelene-i-kyiv-rammet-i-russisk-angrep-fire-drept-og-25-saret","status":"publish","type":"post","link":"https:\/\/www.europesays.com\/no\/86951\/","title":{"rendered":"Nesten alle bydelene i Kyiv rammet i russisk angrep \u2013 fire drept og 25 s\u00e5ret"},"content":{"rendered":"<p class=\"extendedContent hyperion-css-eyn926\" data-test-tag=\"lead-text\">KYIV\/OSLO: Fire personer er drept og minst 25 er s\u00e5ret i et stort russisk angrep mot Kyiv natt til fredag. <\/p>\n<p><img decoding=\"async\" class=\"image-asset hyperion-css-u06ts1\" data-test-tag=\"image-asset\" src=\"https:\/\/www.europesays.com\/no\/wp-content\/uploads\/2025\/11\/873f6c7d-e701-4cd4-98d8-383177fd5244\"  alt=\"En drone eksploderer under et russisk missil- og droneangrep, midt i Russlands angrep p\u00e5 Ukraina, i Kyiv.\"  loading=\"eager\" fetchpriority=\"high\" style=\"aspect-ratio:2048 \/ 1422\"\/>En drone eksploderer under et russisk missil- og droneangrep, midt i Russlands angrep p\u00e5 Ukraina, i Kyiv. Foto: Gleb Garanich \/ Reuters \/ NTB<\/p>\n<p>Publisert: 14.11.2025 06:24 |\u00a0Oppdatert: 14.11.2025 10:39<\/p>\n<p class=\"paywall hyperion-css-1j42uic\">Nattens syv timer lange russiske drone- og missilangrep mot Kyiv er et av de st\u00f8rste siden Russland gikk til fullskalainvasjon. <\/p>\n<p class=\"paywall hyperion-css-1j42uic\">Russerne angrep i natt med 430 droner og 18 missiler. <\/p>\n<p class=\"paywall hyperion-css-1j42uic\">Dagen f\u00f8r gikk Putins fremste propagandist Vladimir Solovjov amok p\u00e5 Russlands st\u00f8rste TV-kanal. Han krevde at de russiske generalene angriper ukrainske byer som Kyiv, Kharkiv og Odesa mye mer. <\/p>\n<p><img decoding=\"async\" class=\"image-asset hyperion-css-u06ts1\" data-test-tag=\"image-asset\" src=\"https:\/\/www.europesays.com\/no\/wp-content\/uploads\/2025\/11\/32e55822-e307-4c9f-bf1c-b8cfcd610ea0\"  alt=\"Den russiske propagandisten Vladimir Solovjov. \"  loading=\"eager\" fetchpriority=\"high\" style=\"aspect-ratio:1886 \/ 1054\"\/>Den russiske propagandisten Vladimir Solovjov. Foto: Telegram<\/p>\n<p class=\"paywall hyperion-css-1j42uic\">\u2013 Byene m\u00e5 fjernes fra jordens overflate. Det er ikke noen annen m\u00e5te \u00e5 drive krig, sa Solovjov. <\/p>\n<p class=\"paywall hyperion-css-1j42uic\">Etter nattens angrep sto over 30 h\u00f8yblokker, hus og bygninger i brann. De fleste bydelene i Kyiv ble rammet i angrepet. Over 40 personer skal v\u00e6re reddet ut av bygninger etter angrepet, if\u00f8lge beredskapstjenesten.<\/p>\n<p class=\"paywall hyperion-css-1j42uic\"> S\u00e5 langt er fire drept og 25 skadet, Men \u00f8deleggelsene er s\u00e5 store i mange boligblokker at dette tallet kan \u00f8ke. <\/p>\n<p class=\"paywall hyperion-css-1j42uic\">\u2013 Missiler og droner var rettet mot kritisk infrastruktur i hovedstaden, sa Mykola Kalasjnik, leder for den regionale milit\u00e6radministrasjonen i Kyiv.<\/p>\n<p class=\"paywall hyperion-css-1j42uic\">\u2013 Et massivt angrep, skrive Kyivs ordf\u00f8rer Vitalij Klitsjko p\u00e5 <a aria-label=\"Telegram. \" class=\"default hyperion-css-1raymq9\" href=\"https:\/\/t.me\/vitaliy_klitschko\/5690\" target=\"_blank\" rel=\"noopener nofollow noreferrer\" data-test-tag=\"external-link\">Telegram. <\/a>Blant de skadede er en gravid kvinne og to barn p\u00e5 syv og ti \u00e5r.<\/p>\n<p>Bildet viser en av de 30 boligblokkene som ble rammet i nattens russiske angrep p\u00e5 Kyiv.<\/p>\n<p>1 av 3Foto: Telegram<\/p>\n<p>Nesten hele Kyiv rammet<\/p>\n<p class=\"paywall hyperion-css-1j42uic\">Nattens angrep var igjen rettet mot energisystemet i Kyiv. <\/p>\n<p class=\"paywall hyperion-css-1j42uic\">Deler av Kyivs fjernvarmenettet skal ha blitt skadet. For \u00e5 spare energi, har energimyndighetene valgt \u00e5 holde fjernvarmen stengt lengst mulig. Nattens russiske angrep kom bare noen dager etter at fjernevarmeanlegget var satt i gang. Fra flere steder i byen kommer det n\u00e5 meldinger om at de har mistet varmen.<\/p>\n<p class=\"paywall hyperion-css-1j42uic\">Str\u00f8mforsyningen i byen er Kyiv er allerede kraftig svekket f\u00f8r nattens angrep. P\u00e5 forh\u00e5nd var det varslet str\u00f8mbrudd mellom 6 og 10 timer i dag. Nattens angrep kan ogs\u00e5 ramme vannforsyningen. <\/p>\n<p><img decoding=\"async\" class=\"image-asset hyperion-css-u06ts1\" data-test-tag=\"image-asset\" src=\"https:\/\/www.europesays.com\/no\/wp-content\/uploads\/2025\/11\/331bfbe1-dcb8-4a02-b4b5-efd56266bc46\"  alt=\"Grafikken illustrerer hvordan Russland angrep Kyiv i natt i et massivt kombinert angrep med b\u00e5de missiler og droner.\"  loading=\"eager\" fetchpriority=\"high\" style=\"aspect-ratio:1030 \/ 794\"\/>Grafikken illustrerer hvordan Russland angrep Kyiv i natt i et massivt kombinert angrep med b\u00e5de missiler og droner. Foto: Telegram<\/p>\n<p class=\"paywall hyperion-css-1j42uic\">If\u00f8lge AFP var sporlysammunisjon som ble brukt mot droner synlig over byen, og flere anti-missilsystemer ble tatt i bruk.<\/p>\n<p class=\"paywall hyperion-css-1j42uic\">\u2013 Russerne treffer boligbygg. Det er skader p\u00e5 h\u00f8yblokker over hele Kyiv, nesten i hver bydel, skrev Tymur Tkatsjenko, leder for byens milit\u00e6radministrasjon, i sosiale medier.<\/p>\n<p class=\"paywall hyperion-css-1j42uic\">Ni av ti distrikter i hovedstaden skal v\u00e6re truffet \u2013 Klitsjko melder om branner i \u00e5tte av dem.<\/p>\n<p class=\"paywall hyperion-css-1j42uic\">En brann br\u00f8t ut p\u00e5 taket av en fem etasjer h\u00f8y boligblokk i Solomyansky-distriktet, et transportknutepunkt n\u00e6r Kyivs internasjonale flyplass.<\/p>\n<p><img decoding=\"async\" class=\"image-asset hyperion-css-cclety\" data-test-tag=\"image-asset\" src=\"https:\/\/www.europesays.com\/no\/wp-content\/uploads\/2025\/11\/590bf134-aa1b-4d00-b0aa-d81052477bb8\"  alt=\"Over 40 personer skal v\u00e6re reddet ut av bygninger etter angrepet.\"  loading=\"eager\" fetchpriority=\"high\" style=\"aspect-ratio:2048 \/ 1365\"\/>Over 40 personer skal v\u00e6re reddet ut av bygninger etter angrepet. Foto: Valentyn Ogirenko \/ Reuters \/ NTBEt uvanlig angrep<\/p>\n<p class=\"paywall hyperion-css-1j42uic\"> Det uvanlige med nattens angrep, var russerne angrep f\u00f8rst med missiler. Vanligvis angriper Russland f\u00f8rst i flere timer med droner, f\u00f8r missilene avfyres.<\/p>\n<p class=\"paywall hyperion-css-1j42uic\">Dessuten angriper Russland n\u00e5 stadig mindre energim\u00e5l, siden store deler av energisystemet allerede er bombet.<\/p>\n<p class=\"paywall hyperion-css-1j42uic\">Dagen f\u00f8r angrepet kunngjorde Canada nye sanksjoner rettet mot Russlands drone- og energiproduksjon, samt infrastruktur som brukes til \u00e5 utf\u00f8re cyberangrep. G7-landenes utenriksministre ba samme dag om umiddelbar v\u00e5penhvile i Ukraina, og ga uttrykk for \u00aburokkelig\u00bb st\u00f8tte til landets territorielle integritet.<\/p>\n<p class=\"paywall hyperion-css-1j42uic\">Russland, som innledet fullskalakrigen mot Ukraina i 2022, har trappet opp angrepene mot Kyiv de siste m\u00e5nedene. Angrepene er f\u00f8rst og fremst rettet m\u00e5 energi og infrastruktuer. I tillegg har terrorbombingen ogs\u00e5 rammet boligomr\u00e5der, butikker, fabrikker og jernbaneanlegg.  <\/p>\n<p class=\"paywall hyperion-css-1j42uic\">Samtidig fortsetter russiske styrker \u00e5 presse fremover i Donetsk- og Luhansk-regionene, der de nylig hevdet \u00e5 ha tatt ytterligere tre landsbyer.<\/p>\n","protected":false},"excerpt":{"rendered":"KYIV\/OSLO: Fire personer er drept og minst 25 er s\u00e5ret i et stort russisk angrep mot Kyiv natt&hellip;\n","protected":false},"author":2,"featured_media":86952,"comment_status":"","ping_status":"","sticky":false,"template":"","format":"standard","meta":{"footnotes":""},"categories":[5],"tags":[20,21,24,25,15,19,22,23,17,18,13,30,28,29,14,16,26,27],"class_list":{"0":"post-86951","1":"post","2":"type-post","3":"status-publish","4":"format-standard","5":"has-post-thumbnail","7":"category-overskrifter","8":"tag-breaking-news","9":"tag-breakingnews","10":"tag-featured-news","11":"tag-featurednews","12":"tag-headlines","13":"tag-hovedoppslag","14":"tag-latest-news","15":"tag-latestnews","16":"tag-main-news","17":"tag-mainnews","18":"tag-news","19":"tag-no","20":"tag-norge","21":"tag-norway","22":"tag-nyheter","23":"tag-overskrifter","24":"tag-top-stories","25":"tag-topstories"},"share_on_mastodon":{"url":"https:\/\/pubeurope.com\/@no\/115547654566959797","error":""},"_links":{"self":[{"href":"https:\/\/www.europesays.com\/no\/wp-json\/wp\/v2\/posts\/86951","targetHints":{"allow":["GET"]}}],"collection":[{"href":"https:\/\/www.europesays.com\/no\/wp-json\/wp\/v2\/posts"}],"about":[{"href":"https:\/\/www.europesays.com\/no\/wp-json\/wp\/v2\/types\/post"}],"author":[{"embeddable":true,"href":"https:\/\/www.europesays.com\/no\/wp-json\/wp\/v2\/users\/2"}],"replies":[{"embeddable":true,"href":"https:\/\/www.europesays.com\/no\/wp-json\/wp\/v2\/comments?post=86951"}],"version-history":[{"count":0,"href":"https:\/\/www.europesays.com\/no\/wp-json\/wp\/v2\/posts\/86951\/revisions"}],"wp:featuredmedia":[{"embeddable":true,"href":"https:\/\/www.europesays.com\/no\/wp-json\/wp\/v2\/media\/86952"}],"wp:attachment":[{"href":"https:\/\/www.europesays.com\/no\/wp-json\/wp\/v2\/media?parent=86951"}],"wp:term":[{"taxonomy":"category","embeddable":true,"href":"https:\/\/www.europesays.com\/no\/wp-json\/wp\/v2\/categories?post=86951"},{"taxonomy":"post_tag","embeddable":true,"href":"https:\/\/www.europesays.com\/no\/wp-json\/wp\/v2\/tags?post=86951"}],"curies":[{"name":"wp","href":"https:\/\/api.w.org\/{rel}","templated":true}]}}