{"id":87022,"date":"2025-11-14T12:13:17","date_gmt":"2025-11-14T12:13:17","guid":{"rendered":"https:\/\/www.europesays.com\/no\/87022\/"},"modified":"2025-11-14T12:13:17","modified_gmt":"2025-11-14T12:13:17","slug":"reitan-eiendom-og-aspelin-eiendom-skaper-ny-oslo-gigant","status":"publish","type":"post","link":"https:\/\/www.europesays.com\/no\/87022\/","title":{"rendered":"Reitan Eiendom og Aspelin Eiendom skaper ny Oslo-gigant"},"content":{"rendered":"<p>\n        STORSATSING: Odd Reitan og Knut Aspelin etablerer Aspelin Reitan Eiendom.<br \/>\nFoto \u00c5smund Holien Mo<\/p>\n<p>    Aspelin Eiendom og Reitan Eiendom sl\u00e5r sammen sine Oslo-portef\u00f8ljer og etablerer Aspelin Reitan Eiendom.\u00a0<\/p>\n<p>Selskapet blir ett av de st\u00f8rste private eiendomsselskapene i hovedstaden, med en samlet eiendomsverdi p\u00e5 rundt 19 milliarder kroner. Nye Aspelin Reitan Eiendom videref\u00f8rer dagens organisasjon i Aspelin Eiendom, og skal utvikle, forvalte og drifte den samlede portef\u00f8ljen til Aspelin Eiendom og Reitan Eiendom i Oslo.<\/p>\n<p>Det nye selskapet vil eies eies 50\/50 av Artel Kapital og Reitan Eiendom. Selskapet, som skal v\u00e6re en ansvarlig og langsiktig byutvikler med klare vekstambisjoner, f\u00e5r Ida Aall Gram som administrerende direkt\u00f8r. Peter Ruzicka tar rollen som styreleder. De to har fra f\u00f8r tilsvarende ansvar i Aspelin Eiendom.<\/p>\n<p>\u2013 Aspelin Reitan Eiendom skal bygge videre p\u00e5 det beste fra to kulturer, med sterk utviklingskompetanse og tydelige verdier kombinert med kraft og tempo i gjennomf\u00f8ring. Sammen skal vi utvikle eiendommer og byomr\u00e5der som skaper verdi for b\u00e5de mennesker, byen og eierne, sier Ruzicka.<\/p>\n<p>Aspelin Eiendom har gjennomf\u00f8rt store og kjente prosjekter som\u00a0Vulkan, Via, Sommerro og The Thief, mens Reitan Eiendom har hatt sin portef\u00f8lje i Christiania Areal og en eierandel i Major Eiendom.\u00a0Schweigaards gate 33 og nyrenoverte Trelastg\u00e5rden, hvor Riksantikvaren har hovedkontor, g\u00e5r inn fra Reitan i det nye selskapet.<\/p>\n<p>Samtidig g\u00e5r Aspelins eierandel i Asker N\u00e6ringseiendom inn i nye Aspelin Reitan Eiendom.<\/p>\n<p>\u2013 Som eiere er vi opptatt av langsiktig vekst og utvikling. Dette oppn\u00e5r vi best gjennom en sterk organisasjon med stor tillit, klare m\u00e5l og sunne verdier. I Reitan Eiendom f\u00e5r vi en partner som deler denne filosofien, sier Knut G. Aspelin, eier og styreleder i eierselskapet til Aspelin Eiendom, Artel Kapital AS.<\/p>\n<p>\u2013 Sammen med Aspelin blir vi en sterkere og mer robust eiendomsakt\u00f8r i Oslo, med kraft til \u00e5 gjennomf\u00f8re krevende eiendomsprosjekter og bidra til verdiskaping. Det er veldig flinke folk i Aspelin, med holdninger og verdier vi kjenner oss igjen i, s\u00e5 vi har stor tro p\u00e5 at det sv\u00e6rt gode arbeidet i Oslo fortsetter, sier Odd Reitan styreleder og eier i Reitan Eiendom AS.<\/p>\n<p>\u2013 Jeg \u00f8nsker at vi skal vokse fordi st\u00f8rrelse gir oss kraft til \u00e5 gj\u00f8re ting skikkelig. N\u00e5r vi bygger robuste selskaper med dyktige mennesker og kvalitet f\u00e5r vi tillit. Og tillit betyr alt for en virksomhet som driver med byutvikling, sier han.<\/p>\n<p>Det er partnerskapet om kontorprosjektet Over Spektrum ved Oslo S som har f\u00f8rt til nye samarbeidet mellom Aspelin Eiendom og Reitan Eiendom. Etableringen av Aspelin Reitan Eiendom er i tr\u00e5d med partenes strategi om \u00e5 investere i nyere eller utviklingsklare eiendommer i sentrale knutepunktslokasjoner.<\/p>\n<p>\u2013 Det nye eierskapet forsterker satsingen p\u00e5 dagens organisasjon i Aspelin Eiendom og gir i praksis ingen endringer for de ansatte. Vi skal fortsatt v\u00e6re en ledende og gjenkjennbar akt\u00f8r i utviklingen av Oslo, drevet av kvalitet og langsiktig verdiskaping. Med st\u00f8rre portef\u00f8lje og vekstambisjoner ser vi ogs\u00e5 for oss en styrking i organisasjonen, sier Ida Aall Gram, administrerende direkt\u00f8r i Aspelin Reitan Eiendom.<\/p>\n<p>Rundt 60 prosent av eiendomsverdiene i Aspelin Reitan Eiendom ligger innenfor Ring 2, og det nye selskapet vil forvalte rundt 565 000 kvadratmeter totalt. Reitan Eiendom er i tillegg eier eller medeier i om lag to millioner kvadratmeter eiendom i andre deler av Norge.<\/p>\n<p>\u2013 Vi f\u00e5r en unik plattform i Oslo med attraktive eiendommer, spennende utviklingsprosjekter, og et team med sterk kompetanse. Dette gir et godt grunnlag for videre vekst, sier Trond Mellings\u00e6ter, administrerende direkt\u00f8r i Reitan Eiendom.\u00a0<\/p>\n<p>I tillegg til styreleder Ruzicka vil styret i det nye selskapet best\u00e5 av ytterligere to uavhengige styremedlemmer hvorav Kjersti Hob\u00f8l er an av dem. I tillegg velges to representanter fra hver av de to eierne. Reitan Eiendom blir representert av Stine Hostad og Trond Mellings\u00e6ter. Aspelin Eiendom blir representert av Gustaf Aspelin og Niels Kristian Axelsen, med Knut Fredrik Natvig Aspelin som vara.<\/p>\n<p>Avtalen er ventet \u00e5 tre i kraft fra 1. januar 2026, forutsatt godkjenning fra Konkurransetilsynet.<\/p>\n<p>For Artel Kapital AS har Advokat Niels Kristian Axelsen ledet et team best\u00e5ende av r\u00e5dgivere fra Advokatfirmaet CLP, PwC og Alpha Corporate Finance.<\/p>\n<p>For Reitan Eiendom AS har Advokatfirmaet Wiersholm bist\u00e5tt i samarbeid med r\u00e5dgivere fra RSM Norge og DNB Carnegie.<\/p>\n","protected":false},"excerpt":{"rendered":"STORSATSING: Odd Reitan og Knut Aspelin etablerer Aspelin Reitan Eiendom. Foto \u00c5smund Holien Mo Aspelin Eiendom og Reitan&hellip;\n","protected":false},"author":2,"featured_media":87023,"comment_status":"","ping_status":"","sticky":false,"template":"","format":"standard","meta":{"footnotes":""},"categories":[56],"tags":[60,61,62,30,28,29],"class_list":{"0":"post-87022","1":"post","2":"type-post","3":"status-publish","4":"format-standard","5":"has-post-thumbnail","7":"category-naeringsliv","8":"tag-business","9":"tag-economy","10":"tag-naeringsliv","11":"tag-no","12":"tag-norge","13":"tag-norway"},"share_on_mastodon":{"url":"https:\/\/pubeurope.com\/@no\/115547996335840166","error":""},"_links":{"self":[{"href":"https:\/\/www.europesays.com\/no\/wp-json\/wp\/v2\/posts\/87022","targetHints":{"allow":["GET"]}}],"collection":[{"href":"https:\/\/www.europesays.com\/no\/wp-json\/wp\/v2\/posts"}],"about":[{"href":"https:\/\/www.europesays.com\/no\/wp-json\/wp\/v2\/types\/post"}],"author":[{"embeddable":true,"href":"https:\/\/www.europesays.com\/no\/wp-json\/wp\/v2\/users\/2"}],"replies":[{"embeddable":true,"href":"https:\/\/www.europesays.com\/no\/wp-json\/wp\/v2\/comments?post=87022"}],"version-history":[{"count":0,"href":"https:\/\/www.europesays.com\/no\/wp-json\/wp\/v2\/posts\/87022\/revisions"}],"wp:featuredmedia":[{"embeddable":true,"href":"https:\/\/www.europesays.com\/no\/wp-json\/wp\/v2\/media\/87023"}],"wp:attachment":[{"href":"https:\/\/www.europesays.com\/no\/wp-json\/wp\/v2\/media?parent=87022"}],"wp:term":[{"taxonomy":"category","embeddable":true,"href":"https:\/\/www.europesays.com\/no\/wp-json\/wp\/v2\/categories?post=87022"},{"taxonomy":"post_tag","embeddable":true,"href":"https:\/\/www.europesays.com\/no\/wp-json\/wp\/v2\/tags?post=87022"}],"curies":[{"name":"wp","href":"https:\/\/api.w.org\/{rel}","templated":true}]}}