{"id":87024,"date":"2025-11-14T12:16:13","date_gmt":"2025-11-14T12:16:13","guid":{"rendered":"https:\/\/www.europesays.com\/no\/87024\/"},"modified":"2025-11-14T12:16:13","modified_gmt":"2025-11-14T12:16:13","slug":"vestland-fylkeskommune-fylkestinget-fylkestinget-tilsette-ny-fylkesdirektor","status":"publish","type":"post","link":"https:\/\/www.europesays.com\/no\/87024\/","title":{"rendered":"Vestland fylkeskommune, Fylkestinget | Fylkestinget tilsette ny fylkesdirekt\u00f8r"},"content":{"rendered":"\n<p>Rastad kjem fr\u00e5 stillinga som direkt\u00f8r i PwC.<\/p>\n<p><b>Fylkestinget vedtok tilsetjinga i eit ekstraordin\u00e6rt m\u00f8te i fylkestinget fredag 14. november.<\/b><\/p>\n<p>\u2013 Eg h\u00e5par fylkestinget er klar til eit fruktbart samarbeid med Rastad, sa fylkesordf\u00f8rar Jon Askeland (Sp) f\u00f8r vedtaket vart klubba gjennom.<\/p>\n<p>Den nye fylkesdirekt\u00f8ren er 56 \u00e5r og bur i Bergen.<\/p>\n<p><b>Han har 18 \u00e5r bak seg i Bergen kommune, som kommunaldirekt\u00f8r for avdelinga til byr\u00e5dsleiaren og som informasjonsdirekt\u00f8r. Han har ogs\u00e5 vore universitetsdirekt\u00f8r ved Universitetet i Bergen og stasjonssjef for Braathens ved Bergen Lufthavn Flesland. <\/b><\/p>\n<p>I tilsetjingsprosessen har erfaring fr\u00e5 store og komplekse organisasjonar har vore vektlagt, skriv Vestland fylkeskommune i ei pressemelding.<\/p>\n<p>Endring og omstilling<\/p>\n<p><b>\u2013 Eg kjenner Vestland fylkeskommune godt gjennom tidlegare samarbeid og er sv\u00e6rt motivert til \u00e5 leie organisasjonen. \u00c5 leie ein kunnskapsorganisasjon er eit stort ansvar og privilegium, og eg ser verkeleg fram til samarbeidet med b\u00e5de politisk niv\u00e5, leiarar, tilsette og tillitsvalde, seier Rastad i ei pressemeldinga.<\/b><\/p>\n<p>Han har ein Master of Management fr\u00e5 BI med spesialisering innan leiing, organisasjonspsykologi og personalleiing. Han har ogs\u00e5 ein cand.mag-grad fr\u00e5 Universitetet i Bergen med emne innan medievitskap og organisasjons- og arbeidslivspsykologi.<\/p>\n<p>Han tek over ein organisasjon som m\u00f8ter strammare \u00f8konomiske rammer, samstundes som det er behov for innovasjon og nytenking.<\/p>\n<p><b>\u2013 Med til saman over 25 \u00e5rs leiarerfaring fr\u00e5 store og komplekse organisasjonar, har eg st\u00e5tt midt i den enorme utviklinga vi har hatt desse \u00e5ra. Eg veit at Vestland fylkeskommune som mange andre, vil m\u00f8te nye krav til endring og omstilling. No er eg klar til \u00e5 ta over stafettpinnen og l\u00f8yse alle dei spanande oppg\u00e5vene i fylkeskommunen saman med dei tilsette, seier han.<\/b><\/p>\n<p>Rastad tek over for Rune Haugsdal, som g\u00e5r over i stilling som seniorr\u00e5dgjevar i Vestland fylkeskommune, med andre oppg\u00e5ver framover.<\/p>\n<p>  <a href=\"https:\/\/www.sognavis.no\/5-115-1316103\" class=\"related-teaser has-image default-story-teaser article--c-eRUmMG article--c-eRUmMG-jKCPdD-design-default\" rel=\"nofollow noopener\" target=\"_blank\"><\/p>\n<p>    <img decoding=\"async\" loading=\"lazy\"  src=\"https:\/\/www.europesays.com\/no\/wp-content\/uploads\/2025\/11\/LargeImage+%281%29.jpg\" alt=\"\" class=\"brick-c-cFOWSL\" style=\"\"\/><\/p>\n<p>\n            Les ogs\u00e5<\/p>\n<p>              Sluttar som fylkesdirekt\u00f8r\n        <\/p>\n<p>  <\/a><\/p>\n<p>Rastad f\u00e5r ei \u00e5rsl\u00f8n p\u00e5 1.980.000 kr. og tek til i stillinga som fylkesdirekt\u00f8r 1. januar 2026.<\/p>\n<p>\u2013 Moderne avtale<\/p>\n<p>I fylkestinget drog Askeland drog gjennom korleis prosessen har vore, kva kravspesikasjonar som har vore lagt til grunn, og korleis Rastad i hovudtrekk er vurdert opp mot dette.<\/p>\n<p>  <a href=\"https:\/\/www.sognavis.no\/5-115-1362146\" class=\"related-teaser has-image default-story-teaser article--c-eRUmMG article--c-eRUmMG-jKCPdD-design-default\" rel=\"nofollow noopener\" target=\"_blank\"><\/p>\n<p>    <img decoding=\"async\" loading=\"lazy\"  src=\"https:\/\/www.europesays.com\/no\/wp-content\/uploads\/2025\/11\/LargeImage.jfif\" alt=\"\" class=\"brick-c-cFOWSL\" style=\"\"\/><\/p>\n<p>\n            Les ogs\u00e5<\/p>\n<p>              Desse vil bli ny fylkesdirekt\u00f8r\n        <\/p>\n<p>  <\/a><\/p>\n<p>Leiarl\u00f8nningar har vore i s\u00f8kjelyset den siste tida, og dette kom Askeland ogs\u00e5 inn p\u00e5 i sin presentasjon.<\/p>\n<p><b>\u2013 Det er framforhandla ein rein arbeidsavtale som omhandlar \u00e5rsl\u00f8n, og ti ekstraferiedagar som er vanleg p\u00e5 dette niv\u00e5et. Alle andre vilk\u00e5r er i tr\u00e5d med Vestland fylkeskommune sitt personalreglement. I ein kontekst der vilk\u00e5r for leiarar har vore framme, vil eg p\u00e5st\u00e5 at dette er ein moderne avtale, ein rein avtale, som baserer seg p\u00e5 at me skal f\u00e5 eit trygt og godt samarbeid med Rastad framover, sa Askeland. <\/b><\/p>\n<p>Jeanette Onarheim Syversen i Raudt var den einaste som tok ordet i debatten, og gav uttrykk for at Rastad framst\u00e5r som ein god og tillitsfull kandidat.<\/p>\n<p><b>\u2013 Sj\u00f8lv om niv\u00e5et er under to millionar, ligg me likevel i l\u00f8nstoppen i landet p\u00e5 fylkesdirekt\u00f8rar. Men me tenkjer det er n\u00f8kternt med dei rammene som er lagt fram, og tenkjer det er positivt med ein motivert kandidat, sa Syversen, som meinte prosessen hadde vore tillitsvekkande. <\/b><\/p>\n<p>Eit arbeidsutval med desse fylkestingsrepresentantane har st\u00e5tt for det praktiske i samband med tilsetjinga: Fylkesordf\u00f8rar Jon Askeland (leiar, Sp), fylkesvaraordf\u00f8rar Stian Davies (Ap), Trude Brosvik (KrF), Silja Ekeland Bj\u00f8rkly (H) og Terje S\u00f8viknes (FrP). I tillegg har to hovudtillitsvalde for dei tilsette delteke.<\/p>\n<p>Administrasjonsutvalet og fylkesutvalet tilr\u00e5dde innstillinga til fylkestinget, som samr\u00f8ystes vedtok tilsetjinga.<\/p>\n","protected":false},"excerpt":{"rendered":"Rastad kjem fr\u00e5 stillinga som direkt\u00f8r i PwC. Fylkestinget vedtok tilsetjinga i eit ekstraordin\u00e6rt m\u00f8te i fylkestinget fredag&hellip;\n","protected":false},"author":2,"featured_media":87025,"comment_status":"","ping_status":"","sticky":false,"template":"","format":"standard","meta":{"footnotes":""},"categories":[10],"tags":[36,20,21,24,25,9616,15,22,23,13,30,28,29,14,16,41,1510,26,27,5156],"class_list":{"0":"post-87024","1":"post","2":"type-post","3":"status-publish","4":"format-standard","5":"has-post-thumbnail","7":"category-norge","8":"tag-art","9":"tag-breaking-news","10":"tag-breakingnews","11":"tag-featured-news","12":"tag-featurednews","13":"tag-fylkestinget","14":"tag-headlines","15":"tag-latest-news","16":"tag-latestnews","17":"tag-news","18":"tag-no","19":"tag-norge","20":"tag-norway","21":"tag-nyheter","22":"tag-overskrifter","23":"tag-politikk","24":"tag-story","25":"tag-top-stories","26":"tag-topstories","27":"tag-vestland-fylkeskommune"},"share_on_mastodon":{"url":"https:\/\/pubeurope.com\/@no\/115548008617936671","error":""},"_links":{"self":[{"href":"https:\/\/www.europesays.com\/no\/wp-json\/wp\/v2\/posts\/87024","targetHints":{"allow":["GET"]}}],"collection":[{"href":"https:\/\/www.europesays.com\/no\/wp-json\/wp\/v2\/posts"}],"about":[{"href":"https:\/\/www.europesays.com\/no\/wp-json\/wp\/v2\/types\/post"}],"author":[{"embeddable":true,"href":"https:\/\/www.europesays.com\/no\/wp-json\/wp\/v2\/users\/2"}],"replies":[{"embeddable":true,"href":"https:\/\/www.europesays.com\/no\/wp-json\/wp\/v2\/comments?post=87024"}],"version-history":[{"count":0,"href":"https:\/\/www.europesays.com\/no\/wp-json\/wp\/v2\/posts\/87024\/revisions"}],"wp:featuredmedia":[{"embeddable":true,"href":"https:\/\/www.europesays.com\/no\/wp-json\/wp\/v2\/media\/87025"}],"wp:attachment":[{"href":"https:\/\/www.europesays.com\/no\/wp-json\/wp\/v2\/media?parent=87024"}],"wp:term":[{"taxonomy":"category","embeddable":true,"href":"https:\/\/www.europesays.com\/no\/wp-json\/wp\/v2\/categories?post=87024"},{"taxonomy":"post_tag","embeddable":true,"href":"https:\/\/www.europesays.com\/no\/wp-json\/wp\/v2\/tags?post=87024"}],"curies":[{"name":"wp","href":"https:\/\/api.w.org\/{rel}","templated":true}]}}