{"id":87026,"date":"2025-11-14T12:17:11","date_gmt":"2025-11-14T12:17:11","guid":{"rendered":"https:\/\/www.europesays.com\/no\/87026\/"},"modified":"2025-11-14T12:17:11","modified_gmt":"2025-11-14T12:17:11","slug":"krever-full-stans","status":"publish","type":"post","link":"https:\/\/www.europesays.com\/no\/87026\/","title":{"rendered":"Krever full stans"},"content":{"rendered":"<p class=\"kicker \" style=\"\">Statsbudsjettet 2026<\/p>\n<p>  MDG vil gi regjeringen t\u00f8ff motstand i oljepolitikken i budsjettforhandlingene fredag. N\u00e5 krever de full stans, men har ingen ultimatum.<\/p>\n<p>\n    BYR P\u00c5: Ingrid Liland, finanspolitisk talsperson i MDG, og MDG-leder Arild Hermstad har plantet i oljefatet til Frp, som tidligere holdt til i stortingskorridoren deres. Foto: J\u00f8rn H. Moen \/ Dagbladet\n  <\/p>\n<p> &#8211; Mange sp\u00f8r hvorfor vi ikke har v\u00e6rt like sure som mange andre p\u00e5 statsbudsjettet som ble lagt fram. Svaret v\u00e5rt er at vi ikke hadde ventet mer, sier MDGs forhandlingsleder Ingrid Liland fredag. <\/p>\n<p>Netto 20 milliarder i \u00f8kte avgifter er fasit i MDGs alternative plan til statsbudsjettet.<\/p>\n<p> Den ble lagt fram fredag, timer f\u00f8r budsjettforhandlingene mot Ap, Sp, SV og R\u00f8dt offisielt begynner.<\/p>\n<p>    <a itemprop=\"url\" href=\"https:\/\/borsen.dagbladet.no\/nyheter\/krever-17-milliarder-mer\/83840602\" rel=\"nofollow noopener\" target=\"_blank\"><\/p>\n<p>      <img loading=\"lazy\" decoding=\"async\" src=\"https:\/\/www.europesays.com\/no\/wp-content\/uploads\/2025\/11\/83845619.webp\" width=\"980\" height=\"441\" title=\"Krever 17 milliarder mer\" alt=\"\" class=\"lazyload\" style=\"--aspect-ratio-image: 2.22; \"\/><\/p>\n<p>        Krever 17 milliarder mer<\/p>\n<p>    <\/a><\/p>\n<p>&#8211; Ingen ultimatum\t<\/p>\n<p>MDG utfordrer s\u00e6rlig regjeringen i oljepolitikken og krever full stans for alle nye oljetillatelser. P\u00e5 Dagbladets sp\u00f8rsm\u00e5l om hvorvidt dette er et ultimatum de neste fire \u00e5ra, avkrefter MDG det.<\/p>\n<p class=\"font-weight-bold m-font-weight-bold\" data-lab-font_weight=\"font-weight-bold\">&#8211; Vi har ingen ultimatum, sier Liland.<\/p>\n<p class=\"italic m-italic\" data-lab-italic=\"italic\">&#8211; Ingen absolutte krav?<\/p>\n<p>&#8211; Ingen absolutte krav.<\/p>\n<p>Hun har f\u00f8lgende budskap til de som er bekymret for oljefondets vekst ved en oljestans:<\/p>\n<p>&#8211; Oljefondet vokser ikke av olja. Det er et rentefond som vokser f\u00f8rst og fremst av avkastning, sier Liland.<\/p>\n<p>    <a itemprop=\"url\" href=\"https:\/\/borsen.dagbladet.no\/nyheter\/til-frontalangrep-pa-karius-og-baktus\/83840240\" rel=\"nofollow noopener\" target=\"_blank\"><\/p>\n<p>      <img loading=\"lazy\" decoding=\"async\" src=\"https:\/\/www.europesays.com\/no\/wp-content\/uploads\/2025\/11\/1763122630_935_83840370.webp\" width=\"980\" height=\"441\" title=\"- Til frontalangrep p\u00e5 Karius og Baktus\" alt=\"\" class=\"lazyload\" style=\"--aspect-ratio-image: 2.22; \"\/><\/p>\n<p>        &#8211; Til frontalangrep p\u00e5 Karius og Baktus<\/p>\n<p>    <\/a><\/p>\n<p>Gr\u00f8nne l\u00f8fter\t<\/p>\n<p> Partiet foresl\u00e5r \u00e5 tilf\u00f8re 20 milliarder kroner til klimafondet Nysn\u00f8 og kutte subsidier til oljen\u00e6ringen for 15,4 milliarder kroner.\u00a0<\/p>\n<p>\u00d8kt skogvern, stans i naturtap og\u00a0m\u00e5nedskort p\u00e5 kollektivtrafikk\u00a0er ogs\u00e5 viktige satsinger i det alternative budsjettet. Partiet vil hente store summer fra\u00a0\u00abunder streken\u00bb til klimabistand og Ukraina-st\u00f8tte. <\/p>\n<p>Partiet krever en krisepakke til velferden p\u00e5 2 milliarder til kommunene og fylkene. De vil doble barnetrygden og gi lavere skatter til familier med middels og lav inntekt.<\/p>\n<p>Det er ventet lange dager og netter i budsjettforhandlingene, som skal v\u00e6re i havn i slutten av m\u00e5neden.<\/p>\n<p class=\"font-weight-bold m-font-weight-bold\" data-lab-font_weight=\"font-weight-bold\">&#8211; Det er s\u00e5 historisk, det vi skal inn i n\u00e5, sier Liland.<\/p>\n<p>    <a itemprop=\"url\" href=\"https:\/\/borsen.dagbladet.no\/nyheter\/har-store-konsekvenser\/83842937\" rel=\"nofollow noopener\" target=\"_blank\"><\/p>\n<p>      <img loading=\"lazy\" decoding=\"async\" src=\"https:\/\/www.europesays.com\/no\/wp-content\/uploads\/2025\/11\/83842951.webp\" width=\"980\" height=\"441\" title=\"- Har store konsekvenser\" alt=\"\" class=\"lazyload\" style=\"--aspect-ratio-image: 2.22; \"\/><\/p>\n<p>        &#8211; Har store konsekvenser<\/p>\n<p>    <\/a><\/p>\n","protected":false},"excerpt":{"rendered":"Statsbudsjettet 2026 MDG vil gi regjeringen t\u00f8ff motstand i oljepolitikken i budsjettforhandlingene fredag. N\u00e5 krever de full stans,&hellip;\n","protected":false},"author":2,"featured_media":87027,"comment_status":"","ping_status":"","sticky":false,"template":"","format":"standard","meta":{"footnotes":""},"categories":[5],"tags":[2472,20,21,24,25,15,19,22,23,17,18,4815,13,30,28,29,14,16,8578,26,27],"class_list":{"0":"post-87026","1":"post","2":"type-post","3":"status-publish","4":"format-standard","5":"has-post-thumbnail","7":"category-overskrifter","8":"tag-arild-hermstad","9":"tag-breaking-news","10":"tag-breakingnews","11":"tag-featured-news","12":"tag-featurednews","13":"tag-headlines","14":"tag-hovedoppslag","15":"tag-latest-news","16":"tag-latestnews","17":"tag-main-news","18":"tag-mainnews","19":"tag-miljopartiet-de-gronne","20":"tag-news","21":"tag-no","22":"tag-norge","23":"tag-norway","24":"tag-nyheter","25":"tag-overskrifter","26":"tag-statsbudsjettet","27":"tag-top-stories","28":"tag-topstories"},"share_on_mastodon":{"url":"https:\/\/pubeurope.com\/@no\/115548012301359338","error":""},"_links":{"self":[{"href":"https:\/\/www.europesays.com\/no\/wp-json\/wp\/v2\/posts\/87026","targetHints":{"allow":["GET"]}}],"collection":[{"href":"https:\/\/www.europesays.com\/no\/wp-json\/wp\/v2\/posts"}],"about":[{"href":"https:\/\/www.europesays.com\/no\/wp-json\/wp\/v2\/types\/post"}],"author":[{"embeddable":true,"href":"https:\/\/www.europesays.com\/no\/wp-json\/wp\/v2\/users\/2"}],"replies":[{"embeddable":true,"href":"https:\/\/www.europesays.com\/no\/wp-json\/wp\/v2\/comments?post=87026"}],"version-history":[{"count":0,"href":"https:\/\/www.europesays.com\/no\/wp-json\/wp\/v2\/posts\/87026\/revisions"}],"wp:featuredmedia":[{"embeddable":true,"href":"https:\/\/www.europesays.com\/no\/wp-json\/wp\/v2\/media\/87027"}],"wp:attachment":[{"href":"https:\/\/www.europesays.com\/no\/wp-json\/wp\/v2\/media?parent=87026"}],"wp:term":[{"taxonomy":"category","embeddable":true,"href":"https:\/\/www.europesays.com\/no\/wp-json\/wp\/v2\/categories?post=87026"},{"taxonomy":"post_tag","embeddable":true,"href":"https:\/\/www.europesays.com\/no\/wp-json\/wp\/v2\/tags?post=87026"}],"curies":[{"name":"wp","href":"https:\/\/api.w.org\/{rel}","templated":true}]}}