{"id":87030,"date":"2025-11-14T12:20:08","date_gmt":"2025-11-14T12:20:08","guid":{"rendered":"https:\/\/www.europesays.com\/no\/87030\/"},"modified":"2025-11-14T12:20:08","modified_gmt":"2025-11-14T12:20:08","slug":"verdens-storste-digitalkamera-finner-noe-merkelig-i-verdensrommet","status":"publish","type":"post","link":"https:\/\/www.europesays.com\/no\/87030\/","title":{"rendered":"Verdens st\u00f8rste digitalkamera finner noe merkelig i verdensrommet"},"content":{"rendered":"<p>Et internasjonalt forskerteam ledet av San Jos\u00e9 State University i USA har studert galaksen Messier 61, eller bare M61, med det ny\u00e5pnede Vera C. Rubin-observatoriet.<\/p>\n<p>Rubin-observatoriet, som kalles verdens st\u00f8rste digitale kamera, med sitt 8,4 meter h\u00f8ye teleskop p\u00e5 toppen av et fjell i Chile, gjorde sin f\u00f8rste observasjon i juni 2025.<\/p>\n<p>N\u00e5 er teleskopet rettet mot spiralgalaksen M61, som ligger rundt 52 millioner lys\u00e5r fra jorden i superhopen Virgo, kjent for sin intense stjernedannelse og aktive kjerne.<\/p>\n","protected":false},"excerpt":{"rendered":"Et internasjonalt forskerteam ledet av San Jos\u00e9 State University i USA har studert galaksen Messier 61, eller bare&hellip;\n","protected":false},"author":2,"featured_media":87031,"comment_status":"","ping_status":"","sticky":false,"template":"","format":"standard","meta":{"footnotes":""},"categories":[57],"tags":[30,28,29,65,63,64,66,70,69,67,68],"class_list":{"0":"post-87030","1":"post","2":"type-post","3":"status-publish","4":"format-standard","5":"has-post-thumbnail","7":"category-vitenskap-og-teknologi","8":"tag-no","9":"tag-norge","10":"tag-norway","11":"tag-science","12":"tag-science-and-technology","13":"tag-scienceandtechnology","14":"tag-technology","15":"tag-teknologi","16":"tag-vitenskap","17":"tag-vitenskap-og-teknologi","18":"tag-vitenskapteknologi"},"share_on_mastodon":{"url":"https:\/\/pubeurope.com\/@no\/115548023894284495","error":""},"_links":{"self":[{"href":"https:\/\/www.europesays.com\/no\/wp-json\/wp\/v2\/posts\/87030","targetHints":{"allow":["GET"]}}],"collection":[{"href":"https:\/\/www.europesays.com\/no\/wp-json\/wp\/v2\/posts"}],"about":[{"href":"https:\/\/www.europesays.com\/no\/wp-json\/wp\/v2\/types\/post"}],"author":[{"embeddable":true,"href":"https:\/\/www.europesays.com\/no\/wp-json\/wp\/v2\/users\/2"}],"replies":[{"embeddable":true,"href":"https:\/\/www.europesays.com\/no\/wp-json\/wp\/v2\/comments?post=87030"}],"version-history":[{"count":0,"href":"https:\/\/www.europesays.com\/no\/wp-json\/wp\/v2\/posts\/87030\/revisions"}],"wp:featuredmedia":[{"embeddable":true,"href":"https:\/\/www.europesays.com\/no\/wp-json\/wp\/v2\/media\/87031"}],"wp:attachment":[{"href":"https:\/\/www.europesays.com\/no\/wp-json\/wp\/v2\/media?parent=87030"}],"wp:term":[{"taxonomy":"category","embeddable":true,"href":"https:\/\/www.europesays.com\/no\/wp-json\/wp\/v2\/categories?post=87030"},{"taxonomy":"post_tag","embeddable":true,"href":"https:\/\/www.europesays.com\/no\/wp-json\/wp\/v2\/tags?post=87030"}],"curies":[{"name":"wp","href":"https:\/\/api.w.org\/{rel}","templated":true}]}}