{"id":87032,"date":"2025-11-14T12:27:08","date_gmt":"2025-11-14T12:27:08","guid":{"rendered":"https:\/\/www.europesays.com\/no\/87032\/"},"modified":"2025-11-14T12:27:08","modified_gmt":"2025-11-14T12:27:08","slug":"hoyre-nyhetsvarsel-soreide-om-israels-innreise-nei-til-store-ikke-overraskende","status":"publish","type":"post","link":"https:\/\/www.europesays.com\/no\/87032\/","title":{"rendered":"H\u00f8yre, Nyhetsvarsel | S\u00f8reide om Israels innreise-nei til St\u00f8re: \u2013 Ikke overraskende"},"content":{"rendered":"\n<p>St\u00f8re ble nektet adgang til Israel av St\u00f8re. Det meldte DN torsdag. <\/p>\n<p>\u2013 Henvendelsen til statsminister Netanyahus kontor fikk som besvarelse at det er ikke tid for \u00e5 legge til rette for slik bes\u00f8k n\u00e5. Det var grunngivningen, sier St\u00f8re til avisen.<\/p>\n<p>H\u00f8yres trolige nye leder Ine Eriksen S\u00f8reide mener St\u00f8re-regjeringen har gjort dialogen med Israel vanskeligere siden 7.oktober-angrepet. <\/p>\n<p>\u2013 Det er dessverre ikke overraskende at Israel opptrer p\u00e5 denne m\u00e5ten, selv om det ikke betyr at det er en linje de burde innta. Dette handler om mer enn at Israel er uenig i anerkjennelsen av Palestina. Dette dreier seg ogs\u00e5 om at St\u00f8re-regjeringen har tatt en rekke valg de siste to \u00e5rene etter terrorangrepet fra Hamas som b\u00e5de har gjort dialog med israelske myndigheter vanskeligere, skriver S\u00f8reide i en e-post gjennom H\u00f8yres kommunikasjonsavdeling til Nettavisen.<\/p>\n<p>Dette har ogs\u00e5 gjort det vanskeligere for Norge \u00e5 hjelpe palestinerne, if\u00f8lge S\u00f8reide. <\/p>\n<p>\u2013 If\u00f8lge DN ble anmodningen om et m\u00f8te med Netanyahu gjort i strid med tilr\u00e5dningen fra embetsverket i Utenriksdepartementet. Hvis det stemmer, er det en illustrasjon p\u00e5 at regjeringen ikke har tatt dette valget ut fra hva som er best egnet for \u00e5 oppn\u00e5 resultater. <\/p>\n","protected":false},"excerpt":{"rendered":"St\u00f8re ble nektet adgang til Israel av St\u00f8re. Det meldte DN torsdag. \u2013 Henvendelsen til statsminister Netanyahus kontor&hellip;\n","protected":false},"author":2,"featured_media":87033,"comment_status":"","ping_status":"","sticky":false,"template":"","format":"standard","meta":{"footnotes":""},"categories":[10],"tags":[20,21,24,25,15,22,23,13,30,28,29,14,16,26,27],"class_list":{"0":"post-87032","1":"post","2":"type-post","3":"status-publish","4":"format-standard","5":"has-post-thumbnail","7":"category-norge","8":"tag-breaking-news","9":"tag-breakingnews","10":"tag-featured-news","11":"tag-featurednews","12":"tag-headlines","13":"tag-latest-news","14":"tag-latestnews","15":"tag-news","16":"tag-no","17":"tag-norge","18":"tag-norway","19":"tag-nyheter","20":"tag-overskrifter","21":"tag-top-stories","22":"tag-topstories"},"share_on_mastodon":{"url":"https:\/\/pubeurope.com\/@no\/115548051581740746","error":""},"_links":{"self":[{"href":"https:\/\/www.europesays.com\/no\/wp-json\/wp\/v2\/posts\/87032","targetHints":{"allow":["GET"]}}],"collection":[{"href":"https:\/\/www.europesays.com\/no\/wp-json\/wp\/v2\/posts"}],"about":[{"href":"https:\/\/www.europesays.com\/no\/wp-json\/wp\/v2\/types\/post"}],"author":[{"embeddable":true,"href":"https:\/\/www.europesays.com\/no\/wp-json\/wp\/v2\/users\/2"}],"replies":[{"embeddable":true,"href":"https:\/\/www.europesays.com\/no\/wp-json\/wp\/v2\/comments?post=87032"}],"version-history":[{"count":0,"href":"https:\/\/www.europesays.com\/no\/wp-json\/wp\/v2\/posts\/87032\/revisions"}],"wp:featuredmedia":[{"embeddable":true,"href":"https:\/\/www.europesays.com\/no\/wp-json\/wp\/v2\/media\/87033"}],"wp:attachment":[{"href":"https:\/\/www.europesays.com\/no\/wp-json\/wp\/v2\/media?parent=87032"}],"wp:term":[{"taxonomy":"category","embeddable":true,"href":"https:\/\/www.europesays.com\/no\/wp-json\/wp\/v2\/categories?post=87032"},{"taxonomy":"post_tag","embeddable":true,"href":"https:\/\/www.europesays.com\/no\/wp-json\/wp\/v2\/tags?post=87032"}],"curies":[{"name":"wp","href":"https:\/\/api.w.org\/{rel}","templated":true}]}}