{"id":87034,"date":"2025-11-14T12:28:18","date_gmt":"2025-11-14T12:28:18","guid":{"rendered":"https:\/\/www.europesays.com\/no\/87034\/"},"modified":"2025-11-14T12:28:18","modified_gmt":"2025-11-14T12:28:18","slug":"sapeglatte-veier-forste-vinterdag-har-slatt-til","status":"publish","type":"post","link":"https:\/\/www.europesays.com\/no\/87034\/","title":{"rendered":"S\u00e5peglatte veier: &#8211; F\u00f8rste vinterdag har sl\u00e5tt til"},"content":{"rendered":"<p> Fredag morgen er det veldig glatt flere steder, s\u00e6rlig i M\u00f8re og Romsdal og Tr\u00f8ndelag.<\/p>\n<p>Det har v\u00e6rt en rekke trafikkulykker p\u00e5 glatte veier. Politiet har meldt om minst 14 ulykker.\u00a0<\/p>\n<p>Noen ulykker har f\u00f8rt til store materielle skader, men ingen personer skal v\u00e6re alvorlig skadet.<\/p>\n<p>\u2013 Sv\u00e6rt glatt<\/p>\n<p>I \u00c5lesund har det v\u00e6rt en trafikkulykke mellom to personbiler, der to personer er involvert.\u00a0<\/p>\n<p>\u2013 Store materielle skader p\u00e5 kj\u00f8ret\u00f8y. Sv\u00e6rt glatt p\u00e5 stedet, opplyser operasjonsleder Tove Susann Brunvold Holst-Dyrnes i politiloggen torsdag morgen.<\/p>\n<p>        <img class=\"image__img lazyload\" itemprop=\"image\" title=\"Foto: Kristian Haug Hansen \/ TV 2\" alt=\"Det er krevende kj\u00f8reforhold i M\u00f8re og Romsdal fredag. Foto: Kristian Haug Hansen \/ TV 2\" width=\"978\" height=\"551\" bad-src=\"https:\/\/www.europesays.com\/no\/wp-content\/uploads\/2025\/11\/18289058.webp\" fetchpriority=\"auto\" \/><\/p>\n<p>      Det er krevende kj\u00f8reforhold i M\u00f8re og Romsdal fredag.<br \/>\n         Foto: Kristian Haug Hansen \/ TV 2<\/p>\n<p>En person ble fraktet til sykehus med ambulanse. Den andre ble sjekket av helse p\u00e5 stedet og trengte ikke ytterligere oppf\u00f8lging.<\/p>\n<p>P\u00e5 samme vei har enda en bil kj\u00f8rt av veien, senere torsdag.<\/p>\n<p> \u2013\u00a0Det meldes om sv\u00e6rt krevende kj\u00f8reforhold flere steder. Det er viktig at en har dekk som sikrer tilstrekkelig veigrep og at en kj\u00f8rer etter forholdene, opplyser\u00a0Holst-Dyrnes. <\/p>\n<p> Holst-Dyrnes melder ogs\u00e5 om flere ulykker i Hustadvika, Ulstein og p\u00e5 Vestnes. Der ogs\u00e5 skyldes ulykkene glatte veier.<\/p>\n<p> I \u00d8rsta har en bil kj\u00f8rt i en lyktestolpe p\u00e5 E39. Fire personer var involvert, en av dem er kj\u00f8rt til sykehus.\u00a0<\/p>\n<p>        <img class=\"image__img lazyload\" itemprop=\"image\" title=\"Foto: Kristian Haug Hansen \/ TV 2\" alt=\"En av mange ulykker i M\u00f8re og Romsdal fredag. Foto: Kristian Haug Hansen \/ TV 2\" width=\"675\" height=\"379\" bad-src=\"https:\/\/www.europesays.com\/no\/wp-content\/uploads\/2025\/11\/18289409.webp\" fetchpriority=\"auto\" \/><\/p>\n<p>      En av mange ulykker i M\u00f8re og Romsdal fredag.<br \/>\n         Foto: Kristian Haug Hansen \/ TV 2<\/p>\n<p>P\u00e5 E39 ved Volda har et vogntog sakset. Politiet beslaglegger f\u00f8rerkortet fordi dekkene ikke fyller kravene.\u00a0<\/p>\n<p>En mistet f\u00f8rerkortet sitt i \u00c5lesund for \u00e5 ha kj\u00f8rt med d\u00e5rlige sommerdekk. I Molde har en person kj\u00f8rt i autovernet \u2013 med sommerdekk.\u00a0<\/p>\n<p>Tydelig advarsel<\/p>\n<p>\u2013 Den f\u00f8rste vinterdagen har virkelig sl\u00e5tt til i Tr\u00f8ndelag og M\u00f8re og Romsdal, og den kommer litt overraskende p\u00e5 folk hvert \u00e5r, sier trafikkoperat\u00f8r ved Vegtrafikksentralen i Midt-Norge Runar Kvalshaug.<\/p>\n<p>F\u00f8rst og fremst er det slaps som skaper utfordringer.\u00a0<\/p>\n<p>\u2013 Vi f\u00e5r meldinger om glatt vei n\u00e5 i morgentimene, skriver Vegtrafikksentralen Vest p\u00e5 X.<\/p>\n<p>        <img class=\"image__img lazyload\" itemprop=\"image\" title=\"Foto: Kristian Haug Hansen \/ TV 2\" alt=\"Slik ser f\u00f8ret ut p\u00e5 Sunnm\u00f8re fredag. Foto: Kristian Haug Hansen \/ TV 2\" width=\"978\" height=\"551\" bad-src=\"https:\/\/www.europesays.com\/no\/wp-content\/uploads\/2025\/11\/18289072.webp\" fetchpriority=\"auto\" \/><\/p>\n<p>      Slik ser f\u00f8ret ut p\u00e5 Sunnm\u00f8re fredag.<br \/>\n         Foto: Kristian Haug Hansen \/ TV 2<\/p>\n<p>De kommer ogs\u00e5 med en tydelig advarsel:<\/p>\n<p class=\"bold m-bold\" data-lab-font_weight=\"bold\">\u2013 Sommerdekk har ingen ting p\u00e5 veiene \u00e5 gj\u00f8re n\u00e5. Har du fortsatt sommerdekk p\u00e5 \u2013 la bilen st\u00e5!<\/p>\n<p>Sommerdekk p\u00e5 E6\u00a0<\/p>\n<p>I Tr\u00f8ndelag er det utfordrende kj\u00f8reforhold flere steder, if\u00f8lge operasjonsleder\u00a0Bj\u00f8rn Rune Sellgren.\u00a0<\/p>\n<p>Tidlig fredag morgen snurret en bil rundt og traff autovernet i Orkland.\u00a0<\/p>\n<p>\u2013 V\u00e5r oppfordring er \u00e5 kj\u00f8re med vinterdekk n\u00e5. Det er vinterf\u00f8re p\u00e5 de fleste veier i Tr\u00f8ndelag n\u00e5, sier Sellgren.<\/p>\n<p>Senere torsdag morgen kj\u00f8rte en personbil inn i en lastebil p\u00e5 E6 ved Stj\u00f8rdal. F\u00f8reren av personbilen hadde glemt noe viktig.<\/p>\n<p>        <img class=\"image__img lazyload\" itemprop=\"image\" title=\"Foto: Statens vegvesen\" alt=\" Foto: Statens vegvesen\" width=\"675\" height=\"379\" bad-src=\"https:\/\/www.europesays.com\/no\/wp-content\/uploads\/2025\/11\/18288906.webp\" fetchpriority=\"auto\" \/><\/p>\n<p>         Foto: Statens vegvesen<\/p>\n<p>\u2013\u00a0F\u00f8rer har kj\u00f8rt med sommerdekk og kj\u00f8rt inn i en lastebil bakfra, skriver Sellgren i politiloggen.<\/p>\n<p>Politiet har beslaglagt f\u00f8rerkortet til f\u00f8rer av personbilen.\u00a0<\/p>\n<p>\u2013 Totalt to involverte personer i ulykken. F\u00f8rer av personbil er kj\u00f8rt til legevakten for en sjekk, skriver Sellgren.<\/p>\n<p>I Stj\u00f8rdal har det v\u00e6rt enda en ulykke, der en bil av kj\u00f8rt av veien og utfor en bratt skrent.<\/p>\n<p>Sklidd av veien<\/p>\n<p>I S\u00f8r-Vest politidistrikt har en bli sklidd av veien p\u00e5 J\u00e6ren.<\/p>\n<p>\u2013 Vi er i kontakt med f\u00f8rer. han er uskadet. Skled ut av veibanen. Bilen har f\u00e5tt store skader, skriver operasjonsleder Helene Strand i politiloggen.<\/p>\n<p>\u2013 Skal v\u00e6re veldig glatt p\u00e5 stedet, skriver Strand.\u00a0<\/p>\n<p>Politiet i Vest melder at to st\u00f8rre kj\u00f8ret\u00f8y er involvert i en ulykke. Ett av kj\u00f8ret\u00f8yene har veltet. Det er ikke meldt om personskade.<\/p>\n<p>\u2013 Tankbil som ligger p\u00e5 siden. Inneholder ikke farlig gods. Meldt om glatt veibane, skriver operasjonsleder Dan Erik Johannessen i politiloggen.<\/p>\n","protected":false},"excerpt":{"rendered":"Fredag morgen er det veldig glatt flere steder, s\u00e6rlig i M\u00f8re og Romsdal og Tr\u00f8ndelag. Det har v\u00e6rt&hellip;\n","protected":false},"author":2,"featured_media":87035,"comment_status":"","ping_status":"","sticky":false,"template":"","format":"standard","meta":{"footnotes":""},"categories":[5],"tags":[20,21,24,25,15,19,22,23,17,18,13,30,28,29,14,16,26,27],"class_list":{"0":"post-87034","1":"post","2":"type-post","3":"status-publish","4":"format-standard","5":"has-post-thumbnail","7":"category-overskrifter","8":"tag-breaking-news","9":"tag-breakingnews","10":"tag-featured-news","11":"tag-featurednews","12":"tag-headlines","13":"tag-hovedoppslag","14":"tag-latest-news","15":"tag-latestnews","16":"tag-main-news","17":"tag-mainnews","18":"tag-news","19":"tag-no","20":"tag-norge","21":"tag-norway","22":"tag-nyheter","23":"tag-overskrifter","24":"tag-top-stories","25":"tag-topstories"},"share_on_mastodon":{"url":"https:\/\/pubeurope.com\/@no\/115548055465232087","error":""},"_links":{"self":[{"href":"https:\/\/www.europesays.com\/no\/wp-json\/wp\/v2\/posts\/87034","targetHints":{"allow":["GET"]}}],"collection":[{"href":"https:\/\/www.europesays.com\/no\/wp-json\/wp\/v2\/posts"}],"about":[{"href":"https:\/\/www.europesays.com\/no\/wp-json\/wp\/v2\/types\/post"}],"author":[{"embeddable":true,"href":"https:\/\/www.europesays.com\/no\/wp-json\/wp\/v2\/users\/2"}],"replies":[{"embeddable":true,"href":"https:\/\/www.europesays.com\/no\/wp-json\/wp\/v2\/comments?post=87034"}],"version-history":[{"count":0,"href":"https:\/\/www.europesays.com\/no\/wp-json\/wp\/v2\/posts\/87034\/revisions"}],"wp:featuredmedia":[{"embeddable":true,"href":"https:\/\/www.europesays.com\/no\/wp-json\/wp\/v2\/media\/87035"}],"wp:attachment":[{"href":"https:\/\/www.europesays.com\/no\/wp-json\/wp\/v2\/media?parent=87034"}],"wp:term":[{"taxonomy":"category","embeddable":true,"href":"https:\/\/www.europesays.com\/no\/wp-json\/wp\/v2\/categories?post=87034"},{"taxonomy":"post_tag","embeddable":true,"href":"https:\/\/www.europesays.com\/no\/wp-json\/wp\/v2\/tags?post=87034"}],"curies":[{"name":"wp","href":"https:\/\/api.w.org\/{rel}","templated":true}]}}