{"id":87042,"date":"2025-11-14T12:35:07","date_gmt":"2025-11-14T12:35:07","guid":{"rendered":"https:\/\/www.europesays.com\/no\/87042\/"},"modified":"2025-11-14T12:35:07","modified_gmt":"2025-11-14T12:35:07","slug":"skulda-for-a-putte-gift-i-dyra-tine-stoppar-med-metanhemmaren-bovaer-nrk-vestland","status":"publish","type":"post","link":"https:\/\/www.europesays.com\/no\/87042\/","title":{"rendered":"Skulda for \u00e5 putte gift i dyra \u2013 Tine stoppar med metanhemmaren Bovaer \u2013 NRK Vestland"},"content":{"rendered":"<p>Saka oppsummert<\/p>\n<ul>\n<li>Norsk melker\u00e5vare har stoppa utpr\u00f8vinga av metanhemmande stoffet Bovaer etter rapportar om sjuke kyr i Danmark.<\/li>\n<li>Det er ikkje dokumentert ein samanheng mellom Bovaer og mj\u00f8lkekvaliteten, men Tine vil vente p\u00e5 meir forsking f\u00f8r vidare testing.<\/li>\n<li>Saka har skapt stor debatt i media, sosiale medium og blant b\u00f8nder, med fleire som uttrykkjer skepsis til bruken av Bovaer.<\/li>\n<li>Tine har pausa prosjektet ut \u00e5ret for \u00e5 vurdere konsekvensane av situasjonen.<\/li>\n<\/ul>\n<p>Oppsummeringa er laga av ei KI-teneste fr\u00e5 OpenAI. Innhaldet er kvalitetssikra av NRK sine journalistar f\u00f8r publisering<\/p>\n<p><strong>\u2013 Kvifor tuklar de med kyrne og stappar i dei gift?<\/strong><\/p>\n<p>Det fekk Silje Skarstein h\u00f8yre p\u00e5 butikken av ein mann som kom bort til ho.<\/p>\n<p>\u2013 Han var skikkeleg sur og kunne ikkje forst\u00e5 kvifor han vart tvinga til \u00e5 kj\u00f8pe dette, fortel bonden.<\/p>\n<p>Mannen visste at ho driv mj\u00f8lkegard og leverer til Tine.<\/p>\n<p><img decoding=\"async\"   src=\"data:image\/gif;base64,R0lGODlhAQABAIAAAAAAAP\/\/\/yH5BAEAAAAALAAAAAABAAEAAAIBRAA7\" loading=\"eager\" alt=\"Ungkyr i fj\u00f8s som ser mot kamera og dr\u00f8vtyggar\" title=\"Foto: Maren Braut \/ NRK\"\/><\/p>\n<p class=\"\">Kyr sender ut metan i atmosf\u00e6ren n\u00e5r ho raper eller fis. Dette metanet st\u00e5r for store delar av klimagassutsleppet fr\u00e5 norsk mj\u00f8lk- og kj\u00f8tproduksjon.<\/p>\n<p>Foto: Maren Braut \/ NRK<\/p>\n<p>\u2013 Eg synest det var trist \u00e5 skulle st\u00e5 der og forsvare selskapet mitt, som gjer noko eg sj\u00f8lv var ueinig i, forklarer Olden-bonden.<\/p>\n<p>Mannen p\u00e5 butikken klaga over at han ikkje visste om Tine si mj\u00f8lk i butikken var fr\u00e5 kyr som hadde f\u00e5tt det metanhemmande stoffet Bovaer.<\/p>\n<p>Sjuke dyr i Danmark<\/p>\n<p>12. november meldte Norsk melker\u00e5vare at dei<a href=\"https:\/\/www.nrk.no\/nyheter\/bruk-av-metanhemmende-stoff-i-for-til-norske-kuer-stoppes-1.17649525\" ec-id=\"pp:article:1.17649525\" ec-name=\"stoppar utpr\u00f8vinga av Bovaer\" rel=\"nofollow noopener\" target=\"_blank\"> stoppar utpr\u00f8vinga av Bovaer<\/a> inntil vidare.<\/p>\n<p>Selskapet er ein del av Tine og har ansvar for henting og levering av mj\u00f8lka.<\/p>\n<p>Dei vil vente p\u00e5 forsking om kva som for\u00e5rsaka negative verknader ved danske mj\u00f8lkebruk.<\/p>\n<p>Sidan 1. oktober i \u00e5r har danske mj\u00f8lkeb\u00f8nder vore p\u00e5lagt \u00e5 bruke f\u00f4rtilskotet.<\/p>\n<p><strong>\u2013 I Danmark er nokre dyr blitt sjuke. S\u00e5 langt kan ein ikkje knytte dette direkte til bruken av Bovaer. Likevel kan me ikkje utelukke at det er ein samanheng, fortel Johnny \u00d8deg\u00e5rd, direkt\u00f8r i Norsk melker\u00e5vare.<\/strong><\/p>\n<p><img decoding=\"async\"   src=\"data:image\/gif;base64,R0lGODlhAQABAIAAAAAAAP\/\/\/yH5BAEAAAAALAAAAAABAAEAAAIBRAA7\" loading=\"eager\" alt=\"Middelaldrende mann\" title=\"Foto: TINE\"\/><\/p>\n<p class=\"\">\u00d8deg\u00e5rd seier Norsk melker\u00e5vare vil vere f\u00f8re var og set prosjektet p\u00e5 vent.<\/p>\n<p>Foto: TINE<\/p>\n<p>Dermed skal dei 70 mj\u00f8lkebruka i Noreg som testar Bovaer stoppe bruken. Tine har sett prosjektet p\u00e5 vent ut \u00e5ret.<\/p>\n<p>Meir om MetanHUB<\/p>\n<ul>\n<li>Forskingsprosjekt leia av Tine som starta i 2024.<\/li>\n<li>Prosjektet forskar p\u00e5 metanreduserande f\u00f4rvarer under norske forhold.<\/li>\n<li>70 mj\u00f8lkebruk har pr\u00f8vd ut kraftf\u00f4rtilskotet Bovaer, no blir dette prosjektet sett p\u00e5 vent og flytta til NMBU.<\/li>\n<li>Metanreduserande f\u00f4rvarer blir pr\u00f8vd ut for at kyrne skal sleppe ut mindre metan og dermed redusere klimaavtrykket til landbruket.<\/li>\n<li>M\u00e5let var at alle norske dr\u00f8vtyggjarar skulle f\u00e5 det i f\u00f4ret innan 2027.<\/li>\n<li>Ogs\u00e5 Tyr, Nortura, NMBU Nibio, Animalia, Geno og NSG deltek i prosjektet.<\/li>\n<li>Prosjektet mottek statleg st\u00f8nad gjennom jordbruksoppgjeret.<\/li>\n<\/ul>\n<p>Kjelde: <a href=\"https:\/\/www.metanhub.no\/\" ec-id=\"https:\/\/www.metanhub.no\/\" ec-name=\"metanhub.no\" rel=\"nofollow noopener\" target=\"_blank\">metanhub.no<\/a><\/p>\n<p>\u2013 Tine sitt rykte p\u00e5 spel<\/p>\n<p>Mj\u00f8lkebonden skj\u00f8nte at Tine sitt rykte var p\u00e5 spel d\u00e5 ho fekk kommentar p\u00e5 butikken.<\/p>\n<p>\u2013 Det er kjempebra at Tine tek ansvar og vurderer konsekvensane av det som har skjedd i Danmark, seier Skarstein.<\/p>\n<p><img decoding=\"async\"   src=\"data:image\/gif;base64,R0lGODlhAQABAIAAAAAAAP\/\/\/yH5BAEAAAAALAAAAAABAAEAAAIBRAA7\" loading=\"eager\" alt=\"Ku p\u00e5 beite\" title=\"Foto: Ole Andreas B\u00f8 \/ NRK\"\/><\/p>\n<p>Foto: Ole Andreas B\u00f8 \/ NRK<\/p>\n<p><strong>Saka om metanhemmarar har skapa mykje debatt i media, sosiale medium og landbruksmilj\u00f8.<\/strong><\/p>\n<p>P\u00e5 J\u00e6ren og i Telemark <a href=\"http:\/\/www.nrk.no\/nyheter\/strid-mellom-tine-og-melkebonder-om-metanhemmere-1.17592809\" ec-id=\"pp:article:1.17592809\" ec-name=\"sende skeptiske Tine-b\u00f8nder fellesbrev\" rel=\"nofollow noopener\" target=\"_blank\">sende skeptiske Tine-b\u00f8nder fellesbrev<\/a> til dei lokale styra der dei sa nei til Bovaer.<\/p>\n<p>P\u00e5 Facebook har gruppa \u00abVi vil ha ren melk og rent kj\u00f8tt \u2013 Nei til metanhemmere i dyrefor\u00bb over 50.000 medlemar.<\/p>\n<p><img decoding=\"async\"   src=\"data:image\/gif;base64,R0lGODlhAQABAIAAAAAAAP\/\/\/yH5BAEAAAAALAAAAAABAAEAAAIBRAA7\" loading=\"eager\" alt=\"Sp-leiaren med eit glas mj\u00f8lk\" title=\"Foto: Trygve Slagsvold Vedum p\u00e5 Facebook\"\/><\/p>\n<p class=\"\">Vedum starta dagen med eit glas mj\u00f8lk.<\/p>\n<p>Foto: Trygve Slagsvold Vedum p\u00e5 Facebook<\/p>\n<p>Ogs\u00e5 Senterparti-leiar Trygve Slagsvold Vedum fekk kjenne p\u00e5 motstand d\u00e5 han <a href=\"https:\/\/www.facebook.com\/permalink.php?story_fbid=pfbid0zMYsPaTfq6HpcbruSw4x7gGyhhBZbGtfDbKUXSrsBxDmZqcfFXYcWQJeVMhuSiL7l&amp;id=100044497806858\" ec-id=\"https:\/\/www.facebook.com\/permalink.php\" ec-name=\"delte bilete av mj\u00f8lkeglas\" rel=\"nofollow noopener\" target=\"_blank\">delte bilete av mj\u00f8lkeglas<\/a> p\u00e5 Facebook.<\/p>\n<p>Ein av kommentarane han fekk sa \u00abTa opp Bovaersaken og kjemp mot den gifta i norsk melk\u00bb.<\/p>\n<p>Tine forsikrar at det ikkje er farleg for folk \u00e5 drikke norsk mj\u00f8lk.<\/p>\n<p>\u2013 Det er ikkje dokumentert nokon samanheng mellom f\u00f4ring av mj\u00f8lkekyr med Bovaer og kvaliteten p\u00e5 mj\u00f8lka. Eg vil vere heilt trygg p\u00e5 \u00e5 drikke norsk mj\u00f8lk, seier \u00d8deg\u00e5rd i Norsk melker\u00e5vare.<\/p>\n<p><img decoding=\"async\"   src=\"data:image\/gif;base64,R0lGODlhAQABAIAAAAAAAP\/\/\/yH5BAEAAAAALAAAAAABAAEAAAIBRAA7\" loading=\"eager\" alt=\"En person som handler melk p\u00e5 matbutikken Meny.\" title=\"Foto: Balsharan Pal Kaur \/ NRK\"\/><\/p>\n<p class=\"\">Tine seier mj\u00f8lka deira er trygg \u00e5 drikke.<\/p>\n<p>Foto: Balsharan Pal Kaur \/ NRK<\/p>\n<p>Skarstein h\u00e5per dei tek seg denne tida til \u00e5 forske meir p\u00e5 om metanhemmarar er trygt.<\/p>\n<p>\u2013 S\u00e5 kan me i landbruket pr\u00f8ve \u00e5 kutte utsleppa v\u00e5re p\u00e5 andre m\u00e5tar, seier bonden.<\/p>\n<p>Publisert<\/p>\n<p>14.11.2025, kl. 13.00<\/p>\n","protected":false},"excerpt":{"rendered":"Saka oppsummert Norsk melker\u00e5vare har stoppa utpr\u00f8vinga av metanhemmande stoffet Bovaer etter rapportar om sjuke kyr i Danmark.&hellip;\n","protected":false},"author":2,"featured_media":87043,"comment_status":"","ping_status":"","sticky":false,"template":"","format":"standard","meta":{"footnotes":""},"categories":[5],"tags":[20,21,24,25,15,19,22,23,17,18,13,30,28,29,14,16,26,27],"class_list":{"0":"post-87042","1":"post","2":"type-post","3":"status-publish","4":"format-standard","5":"has-post-thumbnail","7":"category-overskrifter","8":"tag-breaking-news","9":"tag-breakingnews","10":"tag-featured-news","11":"tag-featurednews","12":"tag-headlines","13":"tag-hovedoppslag","14":"tag-latest-news","15":"tag-latestnews","16":"tag-main-news","17":"tag-mainnews","18":"tag-news","19":"tag-no","20":"tag-norge","21":"tag-norway","22":"tag-nyheter","23":"tag-overskrifter","24":"tag-top-stories","25":"tag-topstories"},"share_on_mastodon":{"url":"https:\/\/pubeurope.com\/@no\/115548082999036571","error":""},"_links":{"self":[{"href":"https:\/\/www.europesays.com\/no\/wp-json\/wp\/v2\/posts\/87042","targetHints":{"allow":["GET"]}}],"collection":[{"href":"https:\/\/www.europesays.com\/no\/wp-json\/wp\/v2\/posts"}],"about":[{"href":"https:\/\/www.europesays.com\/no\/wp-json\/wp\/v2\/types\/post"}],"author":[{"embeddable":true,"href":"https:\/\/www.europesays.com\/no\/wp-json\/wp\/v2\/users\/2"}],"replies":[{"embeddable":true,"href":"https:\/\/www.europesays.com\/no\/wp-json\/wp\/v2\/comments?post=87042"}],"version-history":[{"count":0,"href":"https:\/\/www.europesays.com\/no\/wp-json\/wp\/v2\/posts\/87042\/revisions"}],"wp:featuredmedia":[{"embeddable":true,"href":"https:\/\/www.europesays.com\/no\/wp-json\/wp\/v2\/media\/87043"}],"wp:attachment":[{"href":"https:\/\/www.europesays.com\/no\/wp-json\/wp\/v2\/media?parent=87042"}],"wp:term":[{"taxonomy":"category","embeddable":true,"href":"https:\/\/www.europesays.com\/no\/wp-json\/wp\/v2\/categories?post=87042"},{"taxonomy":"post_tag","embeddable":true,"href":"https:\/\/www.europesays.com\/no\/wp-json\/wp\/v2\/tags?post=87042"}],"curies":[{"name":"wp","href":"https:\/\/api.w.org\/{rel}","templated":true}]}}