{"id":87044,"date":"2025-11-14T12:36:12","date_gmt":"2025-11-14T12:36:12","guid":{"rendered":"https:\/\/www.europesays.com\/no\/87044\/"},"modified":"2025-11-14T12:36:12","modified_gmt":"2025-11-14T12:36:12","slug":"kan-ikke-vaere-naive","status":"publish","type":"post","link":"https:\/\/www.europesays.com\/no\/87044\/","title":{"rendered":"\u2013 Kan ikke v\u00e6re naive"},"content":{"rendered":"\n<p class=\"_lead_o9xde_2 _lead_xtcu6_50 layout-component text-serif-m layout-normal text-serif-l layout-component layout-wide layout-padded _wide_17hqh_1 layout-padded\">Alt kampen mot Italia s\u00f8ndag handler om for Norges del, er \u00e5 unng\u00e5 nim\u00e5lstap.<\/p>\n<p> <img class=\"_image_qp4xg_65 layout-component layout-wide\" data-fullscreen- data-track-element-type=\"Article image fullscreen\" data-track-name=\"ImageFullscreen\" fetchpriority=\"high\" decoding=\"sync\" loading=\"eager\" height=\"102\" itemprop=\"image\"  src=\"https:\/\/www.europesays.com\/no\/wp-content\/uploads\/2025\/11\/e2ad2964273233d99e00f70ba9af2ff0.jpg\"  style=\"object-position:50% 50%;aspect-ratio:1.75;height:auto;object-fit:cover;width:100%\" width=\"102\"\/>  <\/p>\n<ul aria-hidden=\"true\" class=\"_images_18f0k_111\">\n<li><a class=\"_link_18f0k_116\" href=\"https:\/\/www.vg.no\/forfatter\/oeyvind-herrebroeden\" style=\"z-index:2\" title=\"\u00d8yvind Herrebr\u00f8den\" rel=\"nofollow noopener\" target=\"_blank\"><img alt=\"Bilde av \u00d8yvind Herrebr\u00f8den\" class=\"_image_18f0k_93\" fetchpriority=\"low\" loading=\"lazy\" decoding=\"async\" itemprop=\"image\"  src=\"https:\/\/www.europesays.com\/no\/wp-content\/uploads\/2025\/11\/1763123771_437_8bb7c2c0-7083-4b77-a732-7b476449021f\"  width=\"480\"\/><\/a><\/li>\n<li><a class=\"_link_18f0k_116\" href=\"https:\/\/www.vg.no\/forfatter\/mikal-aaserud\" style=\"z-index:1\" title=\"Mikal Emil Aaserud\" rel=\"nofollow noopener\" target=\"_blank\"><img alt=\"Bilde av Mikal Emil Aaserud\" class=\"_image_18f0k_93\" fetchpriority=\"low\" loading=\"lazy\" decoding=\"async\" itemprop=\"image\"  src=\"https:\/\/www.europesays.com\/no\/wp-content\/uploads\/2025\/11\/1763123772_974_1f4bb18c-b7b1-46ba-9b49-79ae6afd7bbd\"  width=\"480\"\/><\/a><\/li>\n<\/ul>\n<p>Vi rapporterer fra Ullevaal Stadion Oppdatert fredag 14. november kl. 13:23     <\/p>\n<p class=\"_paragraph_o9xde_4 _paragraph_xtcu6_10 layout-component text-serif-m layout-normal text-serif-m layout-padded\">Men da m\u00e5 det norske landslaget ogs\u00e5 h\u00e5ndtere litt utfordrende v\u00e6r gjennom helgen i Italia.<\/p>\n<p class=\"_paragraph_o9xde_4 _paragraph_xtcu6_10 layout-component text-serif-m layout-normal text-serif-m layout-padded\">Det er nemlig meldt store nedb\u00f8rsmengder og farevarsel for tordenv\u00e6r i Milano l\u00f8rdag.<\/p>\n<p class=\"_paragraph_o9xde_4 _paragraph_xtcu6_10 layout-component text-serif-m layout-normal text-serif-m layout-padded\">Det er ogs\u00e5 sendt ut farevarsel for regn s\u00f8ndag, totalt opp mot 35 millimeter med nedb\u00f8r.<\/p>\n<p class=\"_paragraph_o9xde_4 _paragraph_xtcu6_10 layout-component text-serif-m layout-normal text-serif-m layout-padded\">Det er riktignok ikke de store nedb\u00f8rsmengdene p\u00e5 kamptidspunktet.<\/p>\n<p class=\"_paragraph_o9xde_4 _paragraph_xtcu6_10 layout-component text-serif-m layout-normal text-serif-m layout-padded\">Landslagssjef St\u00e5le Solbakken ble spurt om dette p\u00e5 fredagens pressekonferanse etter den uhyre viktige seieren mot Estland torsdag kveld.<\/p>\n<p class=\"_paragraph_o9xde_4 _paragraph_xtcu6_10 layout-component text-serif-m layout-normal text-serif-m layout-padded\">&#8212; Det veit jeg ikke. Er det ekstremregn, liksom? Er det mye?<\/p>\n<p class=\"_paragraph_o9xde_4 _paragraph_xtcu6_10 layout-component text-serif-m layout-normal text-serif-m layout-padded\"><strong class=\"_strong_o9xde_25\">&#8212; Ja, det er mye.<\/strong><\/p>\n<p class=\"_paragraph_o9xde_4 _paragraph_xtcu6_10 layout-component text-serif-m layout-normal text-serif-m layout-padded\">\u2013 Nei, det har jeg ikke tenkt p\u00e5. Jeg visste ikke at det skulle regne. Det kan jeg ikke gi deg noe godt svar p\u00e5, sa Solbakken.<\/p>\n<p class=\"_paragraph_o9xde_4 _paragraph_xtcu6_10 layout-component text-serif-m layout-normal text-serif-m layout-padded\">Selve Italia-kampen setter den endelige kronen p\u00e5 verket i en meget sterk kvalifisering av Norge.<\/p>\n<p class=\"_paragraph_o9xde_4 _paragraph_xtcu6_10 layout-component text-serif-m layout-normal text-serif-m layout-padded\">Det m\u00e5 alts\u00e5 et nim\u00e5lstap til for at Italia snyter Norge for gruppeseieren og den direkte plassen til VM i 2026.<\/p>\n<p class=\"_paragraph_o9xde_4 _paragraph_xtcu6_10 layout-component text-serif-m layout-normal text-serif-m layout-padded\">Men alt tilsier at VM-billetten er i boks.<\/p>\n<p class=\"_paragraph_o9xde_4 _paragraph_xtcu6_10 layout-component text-serif-m layout-normal text-serif-m layout-padded\">\u2013 Jeg har ikke tro p\u00e5 at vi kan tape det (med ni m\u00e5l). Men det er en vanskelig inngang til det mentalt, med tanke p\u00e5 \u00e5 v\u00e6re p\u00e5 v\u00e5rt beste. Vi m\u00e5 jobbe hardt for \u00e5 f\u00e5 det mentale p\u00e5 plass og den fysiske biten, ikke minst. Og se om vi kan runde av p\u00e5 en ordentlig m\u00e5te. Det blir en t\u00f8ff utfordring, det, sier Solbakken om scenarioet som venter mot Italia.<\/p>\n<p class=\"_paragraph_o9xde_4 _paragraph_xtcu6_10 layout-component text-serif-m layout-normal text-serif-m layout-padded\">Han sier Norge m\u00e5 v\u00e6re seg selv, selv om det blir en vanskelig motstander p\u00e5 en vanskelig bane.<\/p>\n<p class=\"_paragraph_o9xde_4 _paragraph_xtcu6_10 layout-component text-serif-m layout-normal text-serif-m layout-padded\">\u2013 Men vi kan ikke v\u00e6re s\u00e5 naive at vi ikke tar hensyn til at vi skal m\u00f8te Italia p\u00e5 bortebane. I forhold til taktikk, i forhold til lag og i forhold til inngang.<\/p>\n<p class=\"_paragraph_o9xde_4 _paragraph_xtcu6_10 layout-component text-serif-m layout-normal text-serif-m layout-padded\">Solbakken la til at de etter dagen i dag vet om noen har sm\u00e5utfordringer og om de problemene etter Estland-kampen er s\u00e5 store at de ikke kan spille.<\/p>\n<p class=\"_paragraph_o9xde_4 _paragraph_xtcu6_10 layout-component text-serif-m layout-normal text-serif-m layout-padded\">Historisk sett st\u00e5r han overfor en av de vanskeligste bortekampene i europeisk landslagsfotball. <\/p>\n<ul class=\"_list_o9xde_3 _list_xtcu6_9 _unordered_o9xde_106 layout-component text-serif-m layout-normal text-serif-m layout-padded\">\n<li class=\"_item_o9xde_30\">Italia tapte ikke tellende kampertellende kamperKonkurransekamper \u2013 kvalifisering, sluttspill, Nations League p\u00e5 italiensk jord p\u00e5 22 \u00e5r. Fra Danmarks 3\u20132-bragd i Napoli 8. september 1999 til Spanias 2\u20131-seier i Nations League-oppgj\u00f8ret p\u00e5 San Siro 6. oktober 2021, spilte Italia 61 konkurransekamper uten tap i Italia.<\/li>\n<li class=\"_item_o9xde_30\">Etter denne rekken har Italia riktignok ikke v\u00e6rt like imponerende: Makedona (!), England, Frankrike og Tyskland har siden vunnet i Italia.<\/li>\n<\/ul>\n<p class=\"_paragraph_o9xde_4 _paragraph_xtcu6_10 layout-component text-serif-m layout-normal text-serif-m layout-padded\">Solbakken innr\u00f8mmet torsdag etter Estland at det har v\u00e6rt tunge dager n\u00e5 som VM-kvalifiseringen skal avgj\u00f8res.<\/p>\n<p class=\"_paragraph_o9xde_4 _paragraph_xtcu6_10 layout-component text-serif-m layout-normal text-serif-m layout-padded\">\u2013 Hvis du som toppidrettsut\u00f8ver ikke har en liten frykt, nerv\u00f8sitet, eller klump i magen, s\u00e5 er i hvert fall ikke jeg p\u00e5 mitt beste. Det tror jeg er likt for alle. Jeg tror ikke Johannes Kl\u00e6bo st\u00e5r p\u00e5 startstreken og tenker at \u00abdette vinner jeg uansett\u00bb. Jeg tror ikke noen trenere heller tenker, uansett hvordan laget fungerer eller ikke, at dette er \u00abpiece of cake\u00bb. S\u00e5nn er ikke jeg skrudd sammen, sier Solbakken. <\/p>\n<p class=\"_paragraph_o9xde_4 _paragraph_xtcu6_10 layout-component text-serif-m layout-normal text-serif-m layout-padded\">Ellers har det  historisk skjedd b\u00e5de at Italia har scoret ni og Norge har sluppet inn ni.<\/p>\n<ul class=\"_list_o9xde_3 _list_xtcu6_9 _unordered_o9xde_106 layout-component text-serif-m layout-normal text-serif-m layout-padded\">\n<li class=\"_item_o9xde_30\">Italia har scoret minst ni m\u00e5l fire ganger siden 1920. Sist gang mot Armenia (9\u20131) i 2019.<\/li>\n<li class=\"_item_o9xde_30\">Norge har tapt 0\u20139 fire ganger: Mot Sverige i 1913, mot Polen i 1963 og Nederland i 1972. A-landslagets st\u00f8rste tap er 0\u201312 mot Danmark i 1917 og 0\u201310 mot Sverige h\u00f8sten 1945.<\/li>\n<\/ul>\n","protected":false},"excerpt":{"rendered":"Alt kampen mot Italia s\u00f8ndag handler om for Norges del, er \u00e5 unng\u00e5 nim\u00e5lstap. Vi rapporterer fra Ullevaal&hellip;\n","protected":false},"author":2,"featured_media":87045,"comment_status":"","ping_status":"","sticky":false,"template":"","format":"standard","meta":{"footnotes":""},"categories":[59],"tags":[3163,30,28,29,83,82,1387],"class_list":{"0":"post-87044","1":"post","2":"type-post","3":"status-publish","4":"format-standard","5":"has-post-thumbnail","7":"category-sport","8":"tag-herrelandslaget-fotball","9":"tag-no","10":"tag-norge","11":"tag-norway","12":"tag-sport","13":"tag-sports","14":"tag-stale-solbakken"},"share_on_mastodon":{"url":"https:\/\/pubeurope.com\/@no\/115548086866016271","error":""},"_links":{"self":[{"href":"https:\/\/www.europesays.com\/no\/wp-json\/wp\/v2\/posts\/87044","targetHints":{"allow":["GET"]}}],"collection":[{"href":"https:\/\/www.europesays.com\/no\/wp-json\/wp\/v2\/posts"}],"about":[{"href":"https:\/\/www.europesays.com\/no\/wp-json\/wp\/v2\/types\/post"}],"author":[{"embeddable":true,"href":"https:\/\/www.europesays.com\/no\/wp-json\/wp\/v2\/users\/2"}],"replies":[{"embeddable":true,"href":"https:\/\/www.europesays.com\/no\/wp-json\/wp\/v2\/comments?post=87044"}],"version-history":[{"count":0,"href":"https:\/\/www.europesays.com\/no\/wp-json\/wp\/v2\/posts\/87044\/revisions"}],"wp:featuredmedia":[{"embeddable":true,"href":"https:\/\/www.europesays.com\/no\/wp-json\/wp\/v2\/media\/87045"}],"wp:attachment":[{"href":"https:\/\/www.europesays.com\/no\/wp-json\/wp\/v2\/media?parent=87044"}],"wp:term":[{"taxonomy":"category","embeddable":true,"href":"https:\/\/www.europesays.com\/no\/wp-json\/wp\/v2\/categories?post=87044"},{"taxonomy":"post_tag","embeddable":true,"href":"https:\/\/www.europesays.com\/no\/wp-json\/wp\/v2\/tags?post=87044"}],"curies":[{"name":"wp","href":"https:\/\/api.w.org\/{rel}","templated":true}]}}