{"id":87046,"date":"2025-11-14T12:44:07","date_gmt":"2025-11-14T12:44:07","guid":{"rendered":"https:\/\/www.europesays.com\/no\/87046\/"},"modified":"2025-11-14T12:44:07","modified_gmt":"2025-11-14T12:44:07","slug":"glatte-veier-koen-er-gigantisk-haugesunds-avis","status":"publish","type":"post","link":"https:\/\/www.europesays.com\/no\/87046\/","title":{"rendered":"Glatte veier | \u2013 K\u00f8en er gigantisk &#8211; Haugesunds Avis"},"content":{"rendered":"<ol>\n<li><a href=\"https:\/\/news.google.com\/rss\/articles\/CBMiZEFVX3lxTE45dHBtcmVvNThmZVhmTWZHZ3FzNnN4VDcxMWlMSklpMXdBSDNHdENMRmpzZGctb3l6Y3VCNXJXSzlPQ1BReXFOTzdzd0s3MVFmQmRhR08tS1RFMWlEdHNNQXdzUXQ?oc=5\" target=\"_blank\" rel=\"nofollow noopener\">Glatte veier | \u2013 K\u00f8en er gigantisk<\/a>&nbsp;&nbsp;Haugesunds Avis<\/li>\n<li><a href=\"https:\/\/news.google.com\/rss\/articles\/CBMiogFBVV95cUxNWjhodEdLa09idGIzZ0hMVzAxbnE1RXB2LXdFenBtbzAxbkplZmN6bXJFVGVwOE80YlFpMTMwbjF1MjZmQkdjOGd5Q0RvXzRTTVJEcWF4MFBmUzA5VkRHWUIzQXlQTWVvMTFfRFlPMFJ0THUzTWNpWFl5LWIyQnJzTVBIeThhZm85LWVVYjhLN2U3b2RhaFpGOGl0ZGtSNDFsZVE?oc=5\" target=\"_blank\" rel=\"nofollow noopener\">Inter\u00adessen eksplo\u00adderte: Jobber overtid for \u00e5 hjelpe alle<\/a>&nbsp;&nbsp;agderposten.no<\/li>\n<li><a href=\"https:\/\/news.google.com\/rss\/articles\/CBMijAFBVV95cUxQRE56RmZXeGVUNjdsdk84Qm1qUGtpNkVOMXladHhkcno2WFFGcjVMMUNTNnhuaWdoZF81ZzRDeVNEQmJBUUhRY0FKR0Z1V21lLWloMk9vUWFzWWVnX29hWkpTQkhjSDM2UDhOekNCdWYtQmVxcU5peW1HLVFWNC16eUtZbEFpU0Y0ZllyeQ?oc=5\" target=\"_blank\" rel=\"nofollow noopener\">F\u00f8rde, N\u00e6ringsliv | Stor p\u00e5gang hos dekkskiftarane: \u2013 Litt overraskande<\/a>&nbsp;&nbsp;Firda<\/li>\n<li><a href=\"https:\/\/news.google.com\/rss\/articles\/CBMiakFVX3lxTFBmRzJNX0xINHpXMnZ1dENHSTBaeW50OG1LTUYzek9fRUlQU1F0QnBWazlBYnV6YlNqejZ6YzlkM3g1YVZTZk5MZWJMa0ZZQnpZa2s3cVJSRWpHWFd6RXUxajdZbWliVWdVc3c?oc=5\" target=\"_blank\" rel=\"nofollow noopener\">S\u00e5 mange tar en r\u00e5sjans<\/a>&nbsp;&nbsp;TV2.no<\/li>\n<li><a href=\"https:\/\/news.google.com\/rss\/articles\/CBMiigFBVV95cUxOWXd0d3hHOV9VYklIX091bzN0RTVNVGd6c1lXV05QOVFpanc5WThaaE9tSkg3Yl9VSDRjRE5fUWFIVmNOaTNEWUc5enl2bnlwUVl3eUsyZXNsckVZa1pIbHFya1NPUjVqbUpwdEpPc2ZHOGd3bURZaWp4aExQblFpdnd2S1JvbkNCbGc?oc=5\" target=\"_blank\" rel=\"nofollow noopener\">Steinkjer, Verdal | Tr\u00f8ndere tregest i landet: \u2013 Enkelte er laget slik<\/a>&nbsp;&nbsp;Tr\u00f8nder-Avisa<\/li>\n<\/ol>\n","protected":false},"excerpt":{"rendered":"Glatte veier | \u2013 K\u00f8en er gigantisk&nbsp;&nbsp;Haugesunds Avis Inter\u00adessen eksplo\u00adderte: Jobber overtid for \u00e5 hjelpe alle&nbsp;&nbsp;agderposten.no F\u00f8rde, N\u00e6ringsliv&hellip;\n","protected":false},"author":2,"featured_media":87047,"comment_status":"","ping_status":"","sticky":false,"template":"","format":"standard","meta":{"footnotes":""},"categories":[10],"tags":[20,21,24,25,15,22,23,13,30,28,29,14,16,26,27],"class_list":{"0":"post-87046","1":"post","2":"type-post","3":"status-publish","4":"format-standard","5":"has-post-thumbnail","7":"category-norge","8":"tag-breaking-news","9":"tag-breakingnews","10":"tag-featured-news","11":"tag-featurednews","12":"tag-headlines","13":"tag-latest-news","14":"tag-latestnews","15":"tag-news","16":"tag-no","17":"tag-norge","18":"tag-norway","19":"tag-nyheter","20":"tag-overskrifter","21":"tag-top-stories","22":"tag-topstories"},"share_on_mastodon":{"url":"https:\/\/pubeurope.com\/@no\/115548118447963876","error":""},"_links":{"self":[{"href":"https:\/\/www.europesays.com\/no\/wp-json\/wp\/v2\/posts\/87046","targetHints":{"allow":["GET"]}}],"collection":[{"href":"https:\/\/www.europesays.com\/no\/wp-json\/wp\/v2\/posts"}],"about":[{"href":"https:\/\/www.europesays.com\/no\/wp-json\/wp\/v2\/types\/post"}],"author":[{"embeddable":true,"href":"https:\/\/www.europesays.com\/no\/wp-json\/wp\/v2\/users\/2"}],"replies":[{"embeddable":true,"href":"https:\/\/www.europesays.com\/no\/wp-json\/wp\/v2\/comments?post=87046"}],"version-history":[{"count":0,"href":"https:\/\/www.europesays.com\/no\/wp-json\/wp\/v2\/posts\/87046\/revisions"}],"wp:featuredmedia":[{"embeddable":true,"href":"https:\/\/www.europesays.com\/no\/wp-json\/wp\/v2\/media\/87047"}],"wp:attachment":[{"href":"https:\/\/www.europesays.com\/no\/wp-json\/wp\/v2\/media?parent=87046"}],"wp:term":[{"taxonomy":"category","embeddable":true,"href":"https:\/\/www.europesays.com\/no\/wp-json\/wp\/v2\/categories?post=87046"},{"taxonomy":"post_tag","embeddable":true,"href":"https:\/\/www.europesays.com\/no\/wp-json\/wp\/v2\/tags?post=87046"}],"curies":[{"name":"wp","href":"https:\/\/api.w.org\/{rel}","templated":true}]}}