{"id":87051,"date":"2025-11-14T12:49:21","date_gmt":"2025-11-14T12:49:21","guid":{"rendered":"https:\/\/www.europesays.com\/no\/87051\/"},"modified":"2025-11-14T12:49:21","modified_gmt":"2025-11-14T12:49:21","slug":"europas-storste-batteripark-bygges-ved-gammelt-kullkraftverk-i-tyskland","status":"publish","type":"post","link":"https:\/\/www.europesays.com\/no\/87051\/","title":{"rendered":"Europas st\u00f8rste batteripark bygges ved gammelt kullkraftverk i Tyskland"},"content":{"rendered":"<p>Det tyske energiselskapet Leag Clean Power skal bygge en enorm batteripark i J\u00e4nschwalde i det \u00f8stlige Tyskland. Med en effekt p\u00e5 1 gigawatt og en energilagringskapasitet p\u00e5 4 gigawattimer blir det Europas st\u00f8rste batteripark, if\u00f8lge selskapet.<\/p>\n<p>Prosjektet heter Gigabattery J\u00e4nschwalde 1000 og er en del av selskapets satsing Gigawatt Factory, som i tillegg til storskala energilagring ogs\u00e5 omfatter solceller, vindkraftverk og hydrogenproduksjon.<\/p>\n<p>\u2013 Ved \u00e5 bygge lagringsanlegg i gigaskala tar vi tak i en av energiomstillingenes st\u00f8rste utfordringer: kontinuerlig tilgang til energi, uavhengig av tilgangen p\u00e5 fornybar energi. N\u00f8kkelen til fremtidens energisystem ligger i en kombinasjon av fornybar energi, lagringsanlegg som kan brukes ved behov, og fleksible kraftverk, sier Adi Roesch, administrerende direkt\u00f8r i Leag Group, i en <a href=\"https:\/\/ir.fluenceenergy.com\/news-releases\/news-release-details\/leag-and-fluence-build-largest-battery-storage-project-europe\" target=\"_blank\" rel=\"noopener nofollow\">pressemelding<\/a>.<\/p>\n<p>Litiumionbatterier<\/p>\n<p>Batteriene skal leveres av Leags morselskap Fluence. Det dreier seg om litiumionbatterier av typen litiumjernfosfat (LFP), if\u00f8lge <a href=\"https:\/\/www.energy-storage.news\/germany-leag-builds-1gw-4gwh-largest-bess-project-in-europe-fluence-to-supply-tech\/\" target=\"_blank\" rel=\"noopener nofollow\">Energy Storage New<\/a>s.<\/p>\n<p>Stedet J\u00e4nschwalde har tidligere v\u00e6rt forbundet med brun-svart heller enn gr\u00f8nn energi. For 20 \u00e5r siden pekte Verdens naturfond ut stedets brunkullkraftverk \u2013 den gang eid av Vattenfall \u2013 som <a href=\"https:\/\/www.nyteknik.se\/nyheter\/vattenfall-bland-europas-varsta-miljobovar\/713392\" target=\"_blank\" rel=\"noopener nofollow\">et av de mest klimaskadelige kraftverkene<\/a> i Europa. H\u00f8sten 2015 besluttet det svenske energiselskapet \u00e5 avvikle kraftverket.<\/p>\n<p>N\u00e5 skal stedet i stedet huse Europas st\u00f8rste batterianlegg. M\u00e5let er at det skal st\u00e5 ferdig rundt 2027\u20132028, melder Energy Storage News.<\/p>\n<p>Det som skulle ha blitt verdens kraftigste batteripark, har derimot f\u00e5tt et tilbakeslag. Waratah Super Battery i Australia skulle mot slutten av \u00e5ret ha 850 MW \/ 1 680 MWh i drift.<\/p>\n<p>Men denne uken kom meldingen om at en av anleggets tre h\u00f8yspenningstransformatorer har f\u00e5tt en \u00abkatastrofal feil\u00bb rett f\u00f8r slutt\u00adtestene. Dermed forskyves tidsplanen med minst seks m\u00e5neder, if\u00f8lge PV Magazine.<\/p>\n<p>Artikkelen ble f\u00f8rst publisert i <a href=\"https:\/\/www.nyteknik.se\/energi\/europas-storsta-batteripark-byggs-vid-gammalt-kolkraftverk-i-tyskland\/4410456\" target=\"_blank\" rel=\"noopener nofollow\">Ny Teknik<\/a><\/p>\n<p><a class=\"group clear-both w-full !no-underline my-8 sm:my-12 bg-stone-50 dark:bg-brandStone-700 dark:text-brandNeutral-100 flex items-stretch flex-nowrap\" href=\"https:\/\/www.tu.no\/artikler\/a-splitte-equinor-kan-vaere-bedre-for-alle\/564107\" rel=\"nofollow noopener\" target=\"_blank\"><img decoding=\"async\" class=\" object-cover h-full w-full transition-transform duration-700 ease-in-out group-hover:scale-[1.05] will-change-transform\" src=\"https:\/\/www.europesays.com\/no\/wp-content\/uploads\/2025\/11\/1763124561_803_NTB_M-T26XefLmw.jpg\"  alt=\"Spekulasjonene g\u00e5r rundt hvorvidt Anders Opedal vil splitte opp Equinor og sl\u00e5 den gr\u00f8nne delen sammen med \u00d8rsted. \u2013 Et tettere samarbeid mellom \u00d8rsted og oss kan skape verdi for eierne i begge selskaper,\u00a0sier Opedal.\" loading=\"lazy\"\/><\/p>\n<p>Kommentar<\/p>\n<p class=\"group-hover:underline text-brandNeutral-900 dark:text-brandNeutral-100 mt-2 text-lg sm:text-2xl leading-6 sm:leading-7 font-serif font-light\">\u00c5 splitte Equinor kan v\u00e6re bedre for alle<\/p>\n<p><\/a><\/p>\n","protected":false},"excerpt":{"rendered":"Det tyske energiselskapet Leag Clean Power skal bygge en enorm batteripark i J\u00e4nschwalde i det \u00f8stlige Tyskland. Med&hellip;\n","protected":false},"author":2,"featured_media":87052,"comment_status":"","ping_status":"","sticky":false,"template":"","format":"standard","meta":{"footnotes":""},"categories":[56],"tags":[581,60,61,382,11549,62,30,28,29],"class_list":{"0":"post-87051","1":"post","2":"type-post","3":"status-publish","4":"format-standard","5":"has-post-thumbnail","7":"category-naeringsliv","8":"tag-batterier","9":"tag-business","10":"tag-economy","11":"tag-energi","12":"tag-kullkraft","13":"tag-naeringsliv","14":"tag-no","15":"tag-norge","16":"tag-norway"},"share_on_mastodon":{"url":"https:\/\/pubeurope.com\/@no\/115548138087734861","error":""},"_links":{"self":[{"href":"https:\/\/www.europesays.com\/no\/wp-json\/wp\/v2\/posts\/87051","targetHints":{"allow":["GET"]}}],"collection":[{"href":"https:\/\/www.europesays.com\/no\/wp-json\/wp\/v2\/posts"}],"about":[{"href":"https:\/\/www.europesays.com\/no\/wp-json\/wp\/v2\/types\/post"}],"author":[{"embeddable":true,"href":"https:\/\/www.europesays.com\/no\/wp-json\/wp\/v2\/users\/2"}],"replies":[{"embeddable":true,"href":"https:\/\/www.europesays.com\/no\/wp-json\/wp\/v2\/comments?post=87051"}],"version-history":[{"count":0,"href":"https:\/\/www.europesays.com\/no\/wp-json\/wp\/v2\/posts\/87051\/revisions"}],"wp:featuredmedia":[{"embeddable":true,"href":"https:\/\/www.europesays.com\/no\/wp-json\/wp\/v2\/media\/87052"}],"wp:attachment":[{"href":"https:\/\/www.europesays.com\/no\/wp-json\/wp\/v2\/media?parent=87051"}],"wp:term":[{"taxonomy":"category","embeddable":true,"href":"https:\/\/www.europesays.com\/no\/wp-json\/wp\/v2\/categories?post=87051"},{"taxonomy":"post_tag","embeddable":true,"href":"https:\/\/www.europesays.com\/no\/wp-json\/wp\/v2\/tags?post=87051"}],"curies":[{"name":"wp","href":"https:\/\/api.w.org\/{rel}","templated":true}]}}