{"id":87053,"date":"2025-11-14T12:51:08","date_gmt":"2025-11-14T12:51:08","guid":{"rendered":"https:\/\/www.europesays.com\/no\/87053\/"},"modified":"2025-11-14T12:51:08","modified_gmt":"2025-11-14T12:51:08","slug":"kjorte-i-autovernet-med-sommerdekk-fratatt-forerkortet","status":"publish","type":"post","link":"https:\/\/www.europesays.com\/no\/87053\/","title":{"rendered":"Kj\u00f8rte i autovernet med sommerdekk \u2013 fratatt f\u00f8rerkortet"},"content":{"rendered":"<p>En bil kj\u00f8rte ut og p\u00e5f\u00f8rte skade p\u00e5 autovernet langs fylkesveg 6024, Innsidevegen i Midsund fredag morgen.<\/p>\n<p>M\u00f8re og Romsdal politidistrikt opplyste klokka 10.35 at dette var en ettermeldt trafikkulykke. Da politipatruljen kom fram, viste det seg at bilen var utstyrt med sommerdekk.<\/p>\n<p>\u2013 F\u00f8rerkortet til sj\u00e5f\u00f8ren var beslaglagt. Det er opprettet sak i forbindelse med hendelsen, opplyser operasjonsleder Tove-Holst Dyrnes i politiet.<\/p>\n","protected":false},"excerpt":{"rendered":"En bil kj\u00f8rte ut og p\u00e5f\u00f8rte skade p\u00e5 autovernet langs fylkesveg 6024, Innsidevegen i Midsund fredag morgen. M\u00f8re&hellip;\n","protected":false},"author":2,"featured_media":2066,"comment_status":"","ping_status":"","sticky":false,"template":"","format":"standard","meta":{"footnotes":""},"categories":[10],"tags":[20,21,24,25,15,22,23,2297,2479,13,30,28,29,14,16,254,26,27],"class_list":{"0":"post-87053","1":"post","2":"type-post","3":"status-publish","4":"format-standard","5":"has-post-thumbnail","7":"category-norge","8":"tag-breaking-news","9":"tag-breakingnews","10":"tag-featured-news","11":"tag-featurednews","12":"tag-headlines","13":"tag-latest-news","14":"tag-latestnews","15":"tag-midsund","16":"tag-more-og-romsdal-politidistrikt","17":"tag-news","18":"tag-no","19":"tag-norge","20":"tag-norway","21":"tag-nyheter","22":"tag-overskrifter","23":"tag-politi","24":"tag-top-stories","25":"tag-topstories"},"share_on_mastodon":{"url":"https:\/\/pubeurope.com\/@no\/115548145791117991","error":""},"_links":{"self":[{"href":"https:\/\/www.europesays.com\/no\/wp-json\/wp\/v2\/posts\/87053","targetHints":{"allow":["GET"]}}],"collection":[{"href":"https:\/\/www.europesays.com\/no\/wp-json\/wp\/v2\/posts"}],"about":[{"href":"https:\/\/www.europesays.com\/no\/wp-json\/wp\/v2\/types\/post"}],"author":[{"embeddable":true,"href":"https:\/\/www.europesays.com\/no\/wp-json\/wp\/v2\/users\/2"}],"replies":[{"embeddable":true,"href":"https:\/\/www.europesays.com\/no\/wp-json\/wp\/v2\/comments?post=87053"}],"version-history":[{"count":0,"href":"https:\/\/www.europesays.com\/no\/wp-json\/wp\/v2\/posts\/87053\/revisions"}],"wp:featuredmedia":[{"embeddable":true,"href":"https:\/\/www.europesays.com\/no\/wp-json\/wp\/v2\/media\/2066"}],"wp:attachment":[{"href":"https:\/\/www.europesays.com\/no\/wp-json\/wp\/v2\/media?parent=87053"}],"wp:term":[{"taxonomy":"category","embeddable":true,"href":"https:\/\/www.europesays.com\/no\/wp-json\/wp\/v2\/categories?post=87053"},{"taxonomy":"post_tag","embeddable":true,"href":"https:\/\/www.europesays.com\/no\/wp-json\/wp\/v2\/tags?post=87053"}],"curies":[{"name":"wp","href":"https:\/\/api.w.org\/{rel}","templated":true}]}}