{"id":87059,"date":"2025-11-14T13:00:11","date_gmt":"2025-11-14T13:00:11","guid":{"rendered":"https:\/\/www.europesays.com\/no\/87059\/"},"modified":"2025-11-14T13:00:11","modified_gmt":"2025-11-14T13:00:11","slug":"gult-farevarsel-vaervarsel-gult-farevarsel-for-snofokk-pa-hele-helgeland","status":"publish","type":"post","link":"https:\/\/www.europesays.com\/no\/87059\/","title":{"rendered":"Gult farevarsel, V\u00e6rvarsel | Gult farevarsel for sn\u00f8fokk p\u00e5 hele Helgeland"},"content":{"rendered":"\n<p>Fra l\u00f8rdag morgen ventes det lokal sn\u00f8fokk i fjellet over hele Helgeland p\u00e5 grunn av sn\u00f8byger i kombinasjon med kraftig vind fra vest. Faren avtar l\u00f8rdag kveld.<\/p>\n<p>Meteorologene melder at det ventes sn\u00f8fokk i store deler av Nordland og Tr\u00f8ndelag. De har sendt ut gult farevarsel.<\/p>\n<p>Dette er r\u00e5det fra meteorologene: Lokalt vanskelig kj\u00f8reforhold: Sn\u00f8fokk gir stedvis redusert sikt og sn\u00f8 som pakker seg i veibanen. Veier kan bli stengt og kolonnekj\u00f8ring kan bli innf\u00f8rt p\u00e5 kort varsel. Kle deg etter forholdene: Sn\u00f8 og vind kan gj\u00f8re det vanskelig \u00e5 bevege seg utend\u00f8rs.<\/p>\n<p>De anbefaler \u00e5 bruke riktige dekk og kj\u00f8r etter forholdene. Videre \u00e5 beregn ekstra tid til transport og kj\u00f8ring og sjekke veimeldingene.<\/p>\n","protected":false},"excerpt":{"rendered":"Fra l\u00f8rdag morgen ventes det lokal sn\u00f8fokk i fjellet over hele Helgeland p\u00e5 grunn av sn\u00f8byger i kombinasjon&hellip;\n","protected":false},"author":2,"featured_media":87060,"comment_status":"","ping_status":"","sticky":false,"template":"","format":"standard","meta":{"footnotes":""},"categories":[10],"tags":[36,20,21,24,25,2125,15,22,23,13,30,28,29,14,16,6526,1510,26,27,3588],"class_list":{"0":"post-87059","1":"post","2":"type-post","3":"status-publish","4":"format-standard","5":"has-post-thumbnail","7":"category-norge","8":"tag-art","9":"tag-breaking-news","10":"tag-breakingnews","11":"tag-featured-news","12":"tag-featurednews","13":"tag-gult-farevarsel","14":"tag-headlines","15":"tag-latest-news","16":"tag-latestnews","17":"tag-news","18":"tag-no","19":"tag-norge","20":"tag-norway","21":"tag-nyheter","22":"tag-overskrifter","23":"tag-saltfjellet","24":"tag-story","25":"tag-top-stories","26":"tag-topstories","27":"tag-vaervarsel"},"share_on_mastodon":{"url":"https:\/\/pubeurope.com\/@no\/115548181303022761","error":""},"_links":{"self":[{"href":"https:\/\/www.europesays.com\/no\/wp-json\/wp\/v2\/posts\/87059","targetHints":{"allow":["GET"]}}],"collection":[{"href":"https:\/\/www.europesays.com\/no\/wp-json\/wp\/v2\/posts"}],"about":[{"href":"https:\/\/www.europesays.com\/no\/wp-json\/wp\/v2\/types\/post"}],"author":[{"embeddable":true,"href":"https:\/\/www.europesays.com\/no\/wp-json\/wp\/v2\/users\/2"}],"replies":[{"embeddable":true,"href":"https:\/\/www.europesays.com\/no\/wp-json\/wp\/v2\/comments?post=87059"}],"version-history":[{"count":0,"href":"https:\/\/www.europesays.com\/no\/wp-json\/wp\/v2\/posts\/87059\/revisions"}],"wp:featuredmedia":[{"embeddable":true,"href":"https:\/\/www.europesays.com\/no\/wp-json\/wp\/v2\/media\/87060"}],"wp:attachment":[{"href":"https:\/\/www.europesays.com\/no\/wp-json\/wp\/v2\/media?parent=87059"}],"wp:term":[{"taxonomy":"category","embeddable":true,"href":"https:\/\/www.europesays.com\/no\/wp-json\/wp\/v2\/categories?post=87059"},{"taxonomy":"post_tag","embeddable":true,"href":"https:\/\/www.europesays.com\/no\/wp-json\/wp\/v2\/tags?post=87059"}],"curies":[{"name":"wp","href":"https:\/\/api.w.org\/{rel}","templated":true}]}}