{"id":87061,"date":"2025-11-14T13:01:15","date_gmt":"2025-11-14T13:01:15","guid":{"rendered":"https:\/\/www.europesays.com\/no\/87061\/"},"modified":"2025-11-14T13:01:15","modified_gmt":"2025-11-14T13:01:15","slug":"fns-menneskerettsrad-beordrer-gransking-av-antatte-forbrytelser-i-el-fasher-i-sudan","status":"publish","type":"post","link":"https:\/\/www.europesays.com\/no\/87061\/","title":{"rendered":"FNs menneskerettsr\u00e5d beordrer gransking av antatte forbrytelser i El Fasher i Sudan"},"content":{"rendered":"\n<p class=\"_lead_o9xde_2 _lead_xtcu6_50 layout-component text-serif-m layout-normal text-serif-l layout-component layout-wide layout-padded _wide_17hqh_1 layout-padded\">FNs menneskerettsr\u00e5d har gitt ordre om gransking av de antatte forbrytelsene i krigsherjede El Fasher i Darfur-regionen i Sudan.<\/p>\n<ul aria-hidden=\"true\" class=\"_images_18f0k_111\">\n<li><a class=\"_link_18f0k_116\" href=\"https:\/\/www.vg.no\/forfatter\/amalie-nordboe-odiin\" style=\"z-index:2\" title=\"Amalie Nordb\u00f8 Odiin\" rel=\"nofollow noopener\" target=\"_blank\"><img alt=\"Bilde av Amalie Nordb\u00f8 Odiin\" class=\"_image_18f0k_93\" fetchpriority=\"low\" loading=\"lazy\" decoding=\"async\" itemprop=\"image\"  src=\"https:\/\/www.europesays.com\/no\/wp-content\/uploads\/2025\/11\/1763125274_551_3a48a883-d93f-48c4-8078-cc59876bbb5b\"  width=\"480\"\/><\/a><\/li>\n<li><a class=\"_link_18f0k_116\" href=\"https:\/\/www.vg.no\/forfatter\/ntb\" style=\"z-index:1\" title=\"NTB\" rel=\"nofollow noopener\" target=\"_blank\"><img alt=\"Bilde av NTB\" class=\"_image_18f0k_93\" fetchpriority=\"low\" loading=\"lazy\" decoding=\"async\" itemprop=\"image\"  src=\"https:\/\/www.europesays.com\/no\/wp-content\/uploads\/2025\/11\/1763125275_953_c33980b0-5d07-4027-84a1-813f90a7c8d6\"  width=\"480\"\/><\/a><\/li>\n<\/ul>\n<p> Oppdatert fredag 14. november kl. 13:40     <\/p>\n<p class=\"_paragraph_o9xde_4 _paragraph_xtcu6_10 layout-component text-serif-m layout-normal text-serif-m layout-padded\">Beslutningen ble tatt p\u00e5 et m\u00f8te i Gen\u00e8ve fredag. <\/p>\n<p class=\"_paragraph_o9xde_4 _paragraph_xtcu6_10 layout-component text-serif-m layout-normal text-serif-m layout-padded\">Uavhengige FN-eksperter skal sendes til omr\u00e5det med m\u00e5l om \u00e5 identifisere antatte gjerningsmenn slik at de kan stilles til ansvar.<\/p>\n<p> Flere land ford\u00f8mmer \u00aballe grusomheter\u00bb<\/p>\n<p class=\"_paragraph_o9xde_4 _paragraph_xtcu6_10 layout-component text-serif-m layout-normal text-serif-m layout-padded\">I en felles uttalelse mandag kom det frem at Norge og en rekke andre land ford\u00f8mmer \u00aballe grusomheter\u00bb i Sudan p\u00e5 det sterkeste.<\/p>\n<p class=\"_paragraph_o9xde_4 _paragraph_xtcu6_10 layout-component text-serif-m layout-normal text-serif-m layout-padded\"><strong class=\"_strong_o9xde_25\">Khaled (40) ser videoen av onkelen som blir drept \u2013 se video:<\/strong><\/p>\n<p class=\"_paragraph_o9xde_4 _paragraph_xtcu6_10 layout-component text-serif-m layout-normal text-serif-m layout-padded\">NTB skriver at landene uttrykker dyp bekymring over rapporter om systematisk vold mot sivile i Sudan under og etter at El Fasher falt til RSF-militsen, samt den eskalerende konflikten i Nord-Darfur og Kordofan.<\/p>\n<p class=\"_paragraph_o9xde_4 _paragraph_xtcu6_10 layout-component text-serif-m layout-normal text-serif-m layout-padded\">Det omfatter m\u00e5lrettede angrep mot sivile, etnisk motiverte massedrap, seksuell vold, sult som krigsmetode og blokkering av humanit\u00e6r hjelp. <\/p>\n<p class=\"_paragraph_o9xde_4 _paragraph_xtcu6_10 layout-component text-serif-m layout-normal text-serif-m layout-padded\">Slike handlinger er grusomme brudd p\u00e5 humanit\u00e6r folkerett, if\u00f8lge landene.<\/p>\n<p class=\"_paragraph_o9xde_4 _paragraph_xtcu6_10 layout-component text-serif-m layout-normal text-serif-m layout-padded\">Uttalelsen ble signert av utenriksministre og andre h\u00f8ytst\u00e5ende representanter.<\/p>\n<p>Disse landene har signert<\/p>\n<ul class=\"_list_o9xde_3 _list_xtcu6_9 _list_16v91_9 _unordered_o9xde_106 layout-component text-serif-m layout-normal text-sans-m layout-padded\">\n<li class=\"_item_o9xde_30\">Norge<\/li>\n<li class=\"_item_o9xde_30\">Sverige<\/li>\n<li class=\"_item_o9xde_30\">Danmark<\/li>\n<li class=\"_item_o9xde_30\">Australia<\/li>\n<li class=\"_item_o9xde_30\">Belgia<\/li>\n<li class=\"_item_o9xde_30\">Canada<\/li>\n<li class=\"_item_o9xde_30\">Estland<\/li>\n<li class=\"_item_o9xde_30\">Tyskland<\/li>\n<li class=\"_item_o9xde_30\">Island<\/li>\n<li class=\"_item_o9xde_30\">Irland<\/li>\n<li class=\"_item_o9xde_30\">Luxembourg<\/li>\n<li class=\"_item_o9xde_30\">Nederland<\/li>\n<li class=\"_item_o9xde_30\">Slovakia<\/li>\n<li class=\"_item_o9xde_30\">Slovenia<\/li>\n<li class=\"_item_o9xde_30\">Spania<\/li>\n<li class=\"_item_o9xde_30\">Storbritannia<\/li>\n<\/ul>\n<p>Vis mer<\/p>\n<p class=\"_paragraph_o9xde_4 _paragraph_xtcu6_10 layout-component text-serif-m layout-normal text-serif-m layout-padded\">Flere land har ogs\u00e5 vist st\u00f8tte til uttalelsen.<\/p>\n<p> Brutal massakre tidligere i \u00e5r<\/p>\n<p class=\"_paragraph_o9xde_4 _paragraph_xtcu6_10 layout-component text-serif-m layout-normal text-serif-m layout-padded\">I april i \u00e5r ble minst 300 drept i en massakre i Darfur.<\/p>\n<p class=\"_paragraph_o9xde_4 _paragraph_xtcu6_10 layout-component text-serif-m layout-normal text-serif-m layout-padded\">Da kalte FN det en av de verste hendelsene siden krigen startet.<\/p>\n<p class=\"_paragraph_o9xde_4 _paragraph_xtcu6_10 layout-component text-serif-m layout-normal text-serif-m layout-padded\">Massakren skjedde i den st\u00f8rste flyktningleiren i Darfur hvor over 500.000 mennesker har s\u00f8kt tilflukt.<\/p>\n<p><img alt=\"Satellittbilder viser angrepet i leiren.  Foto: Maxar Technologies \/ Reuters\" class=\"_image_qp4xg_65 layout-component layout-normal\" data-fullscreen- data-track-element-type=\"Article image fullscreen\" data-track-name=\"ImageFullscreen\" decoding=\"async\" loading=\"lazy\" height=\"5051\" itemprop=\"image\"  src=\"https:\/\/www.europesays.com\/no\/wp-content\/uploads\/2025\/11\/3110279a-0fc2-4685-a9e8-f44b9cce61bf\"  style=\"object-position:0% 0%\" width=\"8313\"\/>Satellittbilder viser angrepet i leiren.  Foto: Maxar Technologies \/ Reuters<\/p>\n<p class=\"_paragraph_o9xde_4 _paragraph_xtcu6_10 layout-component text-serif-m layout-normal text-serif-m layout-padded\">Hundrevis av biler med v\u00e6pnede militser tilh\u00f8rende RSF, som er i krig med regjeringsh\u00e6ren, skal ha tatt seg inn i teltbyen.<\/p>\n<p class=\"_paragraph_o9xde_4 _paragraph_xtcu6_10 layout-component text-serif-m layout-normal text-serif-m layout-padded\">Der gjennomf\u00f8rte de et flere dager langt angrep.<\/p>\n<p class=\"_paragraph_o9xde_4 _paragraph_xtcu6_10 layout-component text-serif-m layout-normal text-serif-m layout-padded\"><strong class=\"_strong_o9xde_25\">Minst 300 flyktninger og n\u00f8darbeidere ble drept i massakren, if\u00f8lge FN.<\/strong><\/p>\n<p class=\"_paragraph_o9xde_4 _paragraph_xtcu6_10 layout-component text-serif-m layout-normal text-serif-m layout-padded\">Et \u00f8yenvitne fortalte til VG at de angrep dem med \u00abintens kraft med ulike kj\u00f8ret\u00f8y\u00bb.<\/p>\n<p class=\"_paragraph_o9xde_4 _paragraph_xtcu6_10 layout-component text-serif-m layout-normal text-serif-m layout-padded\">\u2013 Kvinner, eldre og barn \u2013 alle ble rammet, sa han i april.<\/p>\n<p class=\"_paragraph_o9xde_4 _paragraph_xtcu6_10 layout-component text-serif-m layout-normal text-serif-m layout-padded\">Selv kom han bort fra barna sine i den kaotiske flukten.<\/p>\n<p class=\"_paragraph_o9xde_4 _paragraph_xtcu6_10 layout-component text-serif-m layout-normal text-serif-m layout-padded\">I oktober kunne VG fortelle om hvem TikTok-b\u00f8ddelen er. Han er en av krigens mest profilerte drapsmenn.<\/p>\n<p class=\"_paragraph_o9xde_4 _paragraph_xtcu6_10 layout-component text-serif-m layout-normal layout-padded\"><strong class=\"_strong_o9xde_25\">Les ogs\u00e5:<\/strong> <a href=\"https:\/\/www.vg.no\/i\/GyzAk9\" data-track-element-type=\"Link\" data-track-id=\"link:GyzAk9\" class=\"_link_o9xde_39\" rel=\"nofollow noopener\" target=\"_blank\">TikTok-b\u00f8ddelen<\/a><\/p>\n<p class=\"_paragraph_o9xde_4 _paragraph_xtcu6_10 layout-component text-serif-m layout-normal text-serif-m layout-padded\">Leger Uten Grenser bekreftet ogs\u00e5 at de har tatt imot tusenvis av flyktninger fra Zamzam. Mange av dem forteller om opplevelser som ligner.<\/p>\n<p class=\"_paragraph_o9xde_4 _paragraph_xtcu6_10 layout-component text-serif-m layout-normal text-serif-m layout-padded\">I massakren ble minst 23 barn drept.<\/p>\n<p class=\"_paragraph_o9xde_4 _paragraph_xtcu6_10 layout-component text-serif-m layout-normal text-serif-m layout-padded\"><strong class=\"_strong_o9xde_25\">Se videoen om en av krigens mest profilerte drapsmenn:<\/strong><\/p>\n","protected":false},"excerpt":{"rendered":"FNs menneskerettsr\u00e5d har gitt ordre om gransking av de antatte forbrytelsene i krigsherjede El Fasher i Darfur-regionen i&hellip;\n","protected":false},"author":2,"featured_media":87062,"comment_status":"","ping_status":"","sticky":false,"template":"","format":"standard","meta":{"footnotes":""},"categories":[5],"tags":[20,21,24,25,15,19,22,23,17,18,13,30,28,29,14,16,26,27],"class_list":{"0":"post-87061","1":"post","2":"type-post","3":"status-publish","4":"format-standard","5":"has-post-thumbnail","7":"category-overskrifter","8":"tag-breaking-news","9":"tag-breakingnews","10":"tag-featured-news","11":"tag-featurednews","12":"tag-headlines","13":"tag-hovedoppslag","14":"tag-latest-news","15":"tag-latestnews","16":"tag-main-news","17":"tag-mainnews","18":"tag-news","19":"tag-no","20":"tag-norge","21":"tag-norway","22":"tag-nyheter","23":"tag-overskrifter","24":"tag-top-stories","25":"tag-topstories"},"share_on_mastodon":{"url":"https:\/\/pubeurope.com\/@no\/115548185265284859","error":""},"_links":{"self":[{"href":"https:\/\/www.europesays.com\/no\/wp-json\/wp\/v2\/posts\/87061","targetHints":{"allow":["GET"]}}],"collection":[{"href":"https:\/\/www.europesays.com\/no\/wp-json\/wp\/v2\/posts"}],"about":[{"href":"https:\/\/www.europesays.com\/no\/wp-json\/wp\/v2\/types\/post"}],"author":[{"embeddable":true,"href":"https:\/\/www.europesays.com\/no\/wp-json\/wp\/v2\/users\/2"}],"replies":[{"embeddable":true,"href":"https:\/\/www.europesays.com\/no\/wp-json\/wp\/v2\/comments?post=87061"}],"version-history":[{"count":0,"href":"https:\/\/www.europesays.com\/no\/wp-json\/wp\/v2\/posts\/87061\/revisions"}],"wp:featuredmedia":[{"embeddable":true,"href":"https:\/\/www.europesays.com\/no\/wp-json\/wp\/v2\/media\/87062"}],"wp:attachment":[{"href":"https:\/\/www.europesays.com\/no\/wp-json\/wp\/v2\/media?parent=87061"}],"wp:term":[{"taxonomy":"category","embeddable":true,"href":"https:\/\/www.europesays.com\/no\/wp-json\/wp\/v2\/categories?post=87061"},{"taxonomy":"post_tag","embeddable":true,"href":"https:\/\/www.europesays.com\/no\/wp-json\/wp\/v2\/tags?post=87061"}],"curies":[{"name":"wp","href":"https:\/\/api.w.org\/{rel}","templated":true}]}}