{"id":87063,"date":"2025-11-14T13:03:16","date_gmt":"2025-11-14T13:03:16","guid":{"rendered":"https:\/\/www.europesays.com\/no\/87063\/"},"modified":"2025-11-14T13:03:16","modified_gmt":"2025-11-14T13:03:16","slug":"rett-og-slett-nedrig","status":"publish","type":"post","link":"https:\/\/www.europesays.com\/no\/87063\/","title":{"rendered":"\u2013 Rett og slett nedrig"},"content":{"rendered":"\n<p class=\"_lead_o9xde_2 _lead_xtcu6_50 layout-component text-serif-m layout-normal text-serif-l layout-component layout-wide layout-padded _wide_17hqh_1 layout-padded\">Remo Caprino, som var med p\u00e5 \u00e5 skrive \u00abFl\u00e5klypa Grand Prix\u00bb-filmen kritiserer NRK.<\/p>\n<p><img alt=\" Foto: Illustrasjon: Halvard Harboe \/ Illustrasjon: Halvard Harboe\" class=\"_image_qp4xg_65 layout-component layout-wide\" data-fullscreen- data-track-element-type=\"Article image fullscreen\" data-track-name=\"ImageFullscreen\" fetchpriority=\"high\" decoding=\"sync\" loading=\"eager\" height=\"864\" itemprop=\"image\"  src=\"https:\/\/www.europesays.com\/no\/wp-content\/uploads\/2025\/11\/269066be-e90e-4341-b6f3-a6ec8db0d66b\"  style=\"object-position:0% 0%\" width=\"1536\"\/> Foto: Illustrasjon: Halvard Harboe \/ Illustrasjon: Halvard Harboe<\/p>\n<ul aria-hidden=\"true\" class=\"_images_18f0k_111\">\n<li><a class=\"_link_18f0k_116\" href=\"https:\/\/www.vg.no\/forfatter\/amalie-nordboe-odiin\" style=\"z-index:2\" title=\"Amalie Nordb\u00f8 Odiin\" rel=\"nofollow noopener\" target=\"_blank\"><img alt=\"Bilde av Amalie Nordb\u00f8 Odiin\" class=\"_image_18f0k_93\" fetchpriority=\"low\" loading=\"lazy\" decoding=\"async\" itemprop=\"image\"  src=\"https:\/\/www.europesays.com\/no\/wp-content\/uploads\/2025\/11\/1763125394_294_3a48a883-d93f-48c4-8078-cc59876bbb5b\"  width=\"480\"\/><\/a><\/li>\n<li><a class=\"_link_18f0k_116\" href=\"https:\/\/www.vg.no\/forfatter\/ntb\" style=\"z-index:1\" title=\"NTB\" rel=\"nofollow noopener\" target=\"_blank\"><img alt=\"Bilde av NTB\" class=\"_image_18f0k_93\" fetchpriority=\"low\" loading=\"lazy\" decoding=\"async\" itemprop=\"image\"  src=\"https:\/\/www.europesays.com\/no\/wp-content\/uploads\/2025\/11\/1763125394_142_c33980b0-5d07-4027-84a1-813f90a7c8d6\"  width=\"480\"\/><\/a><\/li>\n<\/ul>\n<p> Oppdatert fredag 14. november kl. 12:11    <\/p>\n<ul class=\"_list_o9xde_3 _list_64s2r_85 _unordered_o9xde_106 text-sans-m\">\n<li class=\"_item_o9xde_30\">Remo Caprino kritiserer NRKs animasjonsserie for \u00e5 v\u00e6re \u00abgrovt personangrep og sjikane.\u00bb<\/li>\n<li class=\"_item_o9xde_30\">Aukruststiftelsen hevder NRK har brutt opphavsretten.<\/li>\n<li class=\"_item_o9xde_30\">NRKs prosjektleder forsvarer programmet som tydelig satire.<\/li>\n<li class=\"_item_o9xde_30\">Serieskaperne M\u00f8rch og Hallert er forn\u00f8yde med serien og har f\u00e5tt frie t\u00f8yler fra NRK.<\/li>\n<li class=\"_item_o9xde_30\">Den nye sesongen av \u00abHellerudsvingen\u00bb blir den siste.<\/li>\n<\/ul>\n<p>Vis mer <\/p>\n<p class=\"_paragraph_o9xde_4 _paragraph_xtcu6_10 layout-component text-serif-m layout-normal text-serif-m layout-padded\"> \u2013 Rett og slett nedrig. Dette er ikke satire, men et grovt personangrep og sjikane mot noen av Norges st\u00f8rste A-kjendiser, sier Remo Caprino til <a href=\"https:\/\/www.tv2.no\/underholdning\/ut-mot-nrk-serie-grovt-personangrep\/18284671\/\" class=\"_link_o9xde_39\" rel=\"nofollow noopener\" target=\"_blank\">TV 2<\/a>.<\/p>\n<p class=\"_paragraph_o9xde_4 _paragraph_xtcu6_10 layout-component text-serif-m layout-normal text-serif-m layout-padded\">Han sikter til at animasjonsserien angivelig viser underlivet til Ludvig, en blodig krigf\u00f8ring i \u00abFl\u00e5klypa\u00bb, og en nesten naken Reodor Felgen med to ten\u00e5ringsgutter i sengen.<\/p>\n<p> Mener NRK har brutt opphavsretten<\/p>\n<p class=\"_paragraph_o9xde_4 _paragraph_xtcu6_10 layout-component text-serif-m layout-normal text-serif-m layout-padded\">Caprino mener det hele er \u00abmisbruk av parodiformen\u00bb.<\/p>\n<p class=\"_paragraph_o9xde_4 _paragraph_xtcu6_10 layout-component text-serif-m layout-normal text-serif-m layout-padded\">Han hevder at serieskaperne s\u00f8ker oppmerksomhet ved \u00e5 misbruke satireformen, og f\u00f8yer Caprino seg til kritikken fra Aukruststiftelsen, som forvalter Kjell Aukrusts livsverk. <\/p>\n<p><img alt=\"Remo Caprino fotografert i 2005 med Solan og Ludvig, som f\u00e5r gjennomg\u00e5 i \u00abHellerudsvingen\u00bb.   Foto: Knut Falch \/ NTB.\" class=\"_image_qp4xg_65 layout-component layout-normal\" data-fullscreen- data-track-element-type=\"Article image fullscreen\" data-track-name=\"ImageFullscreen\" decoding=\"async\" loading=\"lazy\" height=\"2147\" itemprop=\"image\"  src=\"https:\/\/www.europesays.com\/no\/wp-content\/uploads\/2025\/11\/02677cc1-97c1-4ff5-91df-2c9e5fd7e3a3\"  style=\"object-position:0% 0%\" width=\"2816\"\/>Remo Caprino fotografert i 2005 med Solan og Ludvig, som f\u00e5r gjennomg\u00e5 i \u00abHellerudsvingen\u00bb.   Foto: Knut Falch \/ NTB.<\/p>\n<p class=\"_paragraph_o9xde_4 _paragraph_xtcu6_10 layout-component text-serif-m layout-normal text-serif-m layout-padded\"><strong class=\"_strong_o9xde_25\">Stiftelsen opplyste onsdag at <a href=\"https:\/\/www.vg.no\/tag\/nrk?utm_source=vg-article&amp;utm_medium=auto-tagger&amp;utm_campaign=gwXmXk\" class=\"_link_o9xde_39\" rel=\"nofollow noopener\" target=\"_blank\">NRK<\/a> ikke hadde tatt kontakt p\u00e5 forh\u00e5nd, og hevder dessuten at bruken av karakterene var ulovlig \u2013 og at NRK har brutt opphavsretten.<\/strong><\/p>\n<p class=\"_paragraph_o9xde_4 _paragraph_xtcu6_10 layout-component text-serif-m layout-normal text-serif-m layout-padded\"> \u2013 Vi kommer ganske snart til \u00e5 ta kontakt med ledelsen for \u00e5 diskutere hvordan dette kan l\u00f8ses, het det i en e-post fra Aukruststiftelsen til <a href=\"https:\/\/www.tv2.no\/underholdning\/mener-nrk-bryter-opphavsretten-overrasket\/18275276\/\" class=\"_link_o9xde_39\" rel=\"nofollow noopener\" target=\"_blank\">TV 2<\/a>.<\/p>\n<p> \u2013 Nekter \u00e5 legge oss flate<\/p>\n<p class=\"_paragraph_o9xde_4 _paragraph_xtcu6_10 layout-component text-serif-m layout-normal text-serif-m layout-padded\">NRKs prosjektleder Knut N\u00e6sheim skriver i en e-post til TV 2 at dette er tydelig parodi og satire.<\/p>\n<p class=\"_paragraph_o9xde_4 _paragraph_xtcu6_10 layout-component text-serif-m layout-normal text-serif-m layout-padded\">\u2013 Reodor og Ludvig er ikoniske karakterer i norsk kultur, men ikke levende mennesker som kan utsettes for personangrep.<\/p>\n<p class=\"_paragraph_o9xde_4 _paragraph_xtcu6_10 layout-component text-serif-m layout-normal text-serif-m layout-padded\">Bak \u00abHellerudsvingen\u00bb, som er inne i sin andre sesong, st\u00e5r humorduoen Erlend M\u00f8rch og Steinar Klouman Hallert. <\/p>\n<p><img alt=\"Komikerduoen lanserte nettopp sesong to av suksesserien.  Foto: Naina Hel\u00e9n J\u00e5ma \/ VG\" class=\"_image_qp4xg_65 layout-component layout-normal\" data-fullscreen- data-track-element-type=\"Article image fullscreen\" data-track-name=\"ImageFullscreen\" decoding=\"async\" loading=\"lazy\" height=\"4703\" itemprop=\"image\"  src=\"https:\/\/www.europesays.com\/no\/wp-content\/uploads\/2025\/11\/4a289672-68fe-477f-9a77-72e6e026ea3f\"  style=\"object-position:0% 0%\" width=\"7055\"\/>Komikerduoen lanserte nettopp sesong to av suksesserien.  Foto: Naina Hel\u00e9n J\u00e5ma \/ VG<\/p>\n<p class=\"_paragraph_o9xde_4 _paragraph_xtcu6_10 layout-component text-serif-m layout-normal text-serif-m layout-padded\">Da VG snakket med dem i forbindelse med lanseringen av sesong to, sa M\u00f8rch f\u00f8lgende:<\/p>\n<p class=\"_paragraph_o9xde_4 _paragraph_xtcu6_10 layout-component text-serif-m layout-normal text-serif-m layout-padded\">\u2013 Vi beklager, men vi nekter \u00e5 legge oss flate.<\/p>\n<p class=\"_paragraph_o9xde_4 _paragraph_xtcu6_10 layout-component text-serif-m layout-normal text-serif-m layout-padded\">Dette sa han p\u00e5 et generelt grunnlag og i forkant av Caprinos kritikk.<\/p>\n<p class=\"_paragraph_o9xde_4 _paragraph_xtcu6_10 layout-component text-serif-m layout-normal text-serif-m layout-padded\">Humorduoen sier til VG at de er str\u00e5lende forn\u00f8yd med resultatet de sitter igjen med.<\/p>\n<p class=\"_paragraph_o9xde_4 _paragraph_xtcu6_10 layout-component text-serif-m layout-normal text-serif-m layout-padded\">Det er imidlertid ikke bare gjengen fra Fl\u00e5klypa som er \u00e5 kjenne igjen. I episode tre av satireprogrammet dukker nemlig Marius Borg H\u00f8iby opp.<\/p>\n<p class=\"_paragraph_o9xde_4 _paragraph_xtcu6_10 layout-component text-serif-m layout-normal text-serif-m layout-padded\"><strong class=\"_strong_o9xde_25\">Se videoen fra da VG m\u00f8tte serieskaperne:<\/strong><\/p>\n<p class=\"_paragraph_o9xde_4 _paragraph_xtcu6_10 layout-component text-serif-m layout-normal text-serif-m layout-padded\">M\u00f8rch og Hallert sier at de har f\u00e5tt helt frie t\u00f8yler fra NRK.<\/p>\n<p class=\"_paragraph_o9xde_4 _paragraph_xtcu6_10 layout-component text-serif-m layout-normal text-serif-m layout-padded\">\u2013 Det skal ganske mye til f\u00f8r man blir tatt p\u00e5 s\u00e5nne ting, s\u00e5 lenge det kommer fra et godt sted, og det gj\u00f8r det med meg og Erlend, sier Hallert.<\/p>\n<p class=\"_paragraph_o9xde_4 _paragraph_xtcu6_10 layout-component text-serif-m layout-normal text-serif-m layout-padded\"><strong class=\"_strong_o9xde_25\">Men den nye sesongen av \u00abHellerudsvingen\u00bb vil bli den aller siste.<\/strong><\/p>\n<p class=\"_paragraph_o9xde_4 _paragraph_xtcu6_10 layout-component text-serif-m layout-normal text-serif-m layout-padded\">M\u00f8rch forteller at NRK gjerne skulle hatt en sesong tre, men at han og Hallert ikke \u00f8nsket det.<\/p>\n","protected":false},"excerpt":{"rendered":"Remo Caprino, som var med p\u00e5 \u00e5 skrive \u00abFl\u00e5klypa Grand Prix\u00bb-filmen kritiserer NRK. Foto: Illustrasjon: Halvard Harboe \/&hellip;\n","protected":false},"author":2,"featured_media":87064,"comment_status":"","ping_status":"","sticky":false,"template":"","format":"standard","meta":{"footnotes":""},"categories":[58],"tags":[71,7762,30,28,29,787,5236,72],"class_list":{"0":"post-87063","1":"post","2":"type-post","3":"status-publish","4":"format-standard","5":"has-post-thumbnail","7":"category-underholdning","8":"tag-entertainment","9":"tag-erlend-morch","10":"tag-no","11":"tag-norge","12":"tag-norway","13":"tag-nrk","14":"tag-steinar-klouman-hallert","15":"tag-underholdning"},"share_on_mastodon":{"url":"https:\/\/pubeurope.com\/@no\/115548193498388398","error":""},"_links":{"self":[{"href":"https:\/\/www.europesays.com\/no\/wp-json\/wp\/v2\/posts\/87063","targetHints":{"allow":["GET"]}}],"collection":[{"href":"https:\/\/www.europesays.com\/no\/wp-json\/wp\/v2\/posts"}],"about":[{"href":"https:\/\/www.europesays.com\/no\/wp-json\/wp\/v2\/types\/post"}],"author":[{"embeddable":true,"href":"https:\/\/www.europesays.com\/no\/wp-json\/wp\/v2\/users\/2"}],"replies":[{"embeddable":true,"href":"https:\/\/www.europesays.com\/no\/wp-json\/wp\/v2\/comments?post=87063"}],"version-history":[{"count":0,"href":"https:\/\/www.europesays.com\/no\/wp-json\/wp\/v2\/posts\/87063\/revisions"}],"wp:featuredmedia":[{"embeddable":true,"href":"https:\/\/www.europesays.com\/no\/wp-json\/wp\/v2\/media\/87064"}],"wp:attachment":[{"href":"https:\/\/www.europesays.com\/no\/wp-json\/wp\/v2\/media?parent=87063"}],"wp:term":[{"taxonomy":"category","embeddable":true,"href":"https:\/\/www.europesays.com\/no\/wp-json\/wp\/v2\/categories?post=87063"},{"taxonomy":"post_tag","embeddable":true,"href":"https:\/\/www.europesays.com\/no\/wp-json\/wp\/v2\/tags?post=87063"}],"curies":[{"name":"wp","href":"https:\/\/api.w.org\/{rel}","templated":true}]}}