{"id":87067,"date":"2025-11-14T13:11:08","date_gmt":"2025-11-14T13:11:08","guid":{"rendered":"https:\/\/www.europesays.com\/no\/87067\/"},"modified":"2025-11-14T13:11:08","modified_gmt":"2025-11-14T13:11:08","slug":"17-ar-gammel-svensk-jente-utlevert-til-danmark-siktet-for-drapsforsok-da-hun-var-15-ar","status":"publish","type":"post","link":"https:\/\/www.europesays.com\/no\/87067\/","title":{"rendered":"17 \u00e5r gammel svensk jente utlevert til Danmark \u2013 siktet for drapsfors\u00f8k da hun var 15 \u00e5r"},"content":{"rendered":"\n<p class=\"_lead_o9xde_2 _lead_xtcu6_50 layout-component text-serif-m layout-normal text-serif-l layout-component layout-wide layout-padded _wide_17hqh_1 layout-padded\">En 17 \u00e5r gammel svensk jente er utlevert til Danmark, siktet for \u00e5 ha fors\u00f8kt \u00e5 beg\u00e5 et bestillingsdrap da hun var 15 \u00e5r gammel.<\/p>\n<ul aria-hidden=\"true\" class=\"_images_18f0k_111\">\n<li><a class=\"_link_18f0k_116\" href=\"https:\/\/www.vg.no\/forfatter\/ntb\" style=\"z-index:1\" title=\"NTB\" rel=\"nofollow noopener\" target=\"_blank\"><img alt=\"Bilde av NTB\" class=\"_image_18f0k_93\" fetchpriority=\"low\" loading=\"lazy\" decoding=\"async\" itemprop=\"image\"  src=\"https:\/\/www.europesays.com\/no\/wp-content\/uploads\/2025\/11\/1763125868_642_c33980b0-5d07-4027-84a1-813f90a7c8d6\"  width=\"480\"\/><\/a><\/li>\n<\/ul>\n<p> Oppdatert fredag 14. november kl. 14:03     <\/p>\n<p class=\"_paragraph_o9xde_4 _paragraph_xtcu6_10 layout-component text-serif-m layout-normal text-serif-m layout-padded\">Det opplyser Midt- og Vestjyllands Politi til det danske nyhetsbyr\u00e5et Ritzau. <\/p>\n<p class=\"_paragraph_o9xde_4 _paragraph_xtcu6_10 layout-component text-serif-m layout-normal text-serif-m layout-padded\">If\u00f8lge politiet reiste den dav\u00e6rende 15-\u00e5ringen sammen med en 14 \u00e5r gammel svensk jente til Danmark i juni i fjor. M\u00e5let var angivelig \u00e5 drepe en mann i hans bolig i Lind, i n\u00e6rheten av byen Herning.<\/p>\n<p class=\"_paragraph_o9xde_4 _paragraph_xtcu6_10 layout-component text-serif-m layout-normal text-serif-m layout-padded\">Jentene hadde ingen relasjoner til mannen, og politiet mener de hadde mottatt en bestilling om \u00e5 drepe ham. Siden han ikke var hjemme, ble han ikke drept. <\/p>\n<p class=\"_paragraph_o9xde_4 _paragraph_xtcu6_10 layout-component text-serif-m layout-normal text-serif-m layout-padded\">Det er uvisst hvorfor mannen skulle drepes. S\u00e5 vidt politiet vet er han ikke tilknyttet noen kriminell gjeng. <\/p>\n<p class=\"_paragraph_o9xde_4 _paragraph_xtcu6_10 layout-component text-serif-m layout-normal text-serif-m layout-padded\">17-\u00e5ringen vil m\u00f8te i retten i Holstebro klokken 11 l\u00f8rdag. Jenta som var 14 \u00e5r i fjor sommer, er for ung til \u00e5 straffeforf\u00f8lges.<\/p>\n<p class=\"_paragraph_o9xde_4 _paragraph_xtcu6_10 layout-component text-serif-m layout-normal text-serif-m layout-padded\">I januar i \u00e5r ble en 28 \u00e5r gammel mann varetektsfengslet i Herning, og han erkjente \u00e5 ha medvirket til drapsfors\u00f8ket med planlegging og koordinering. Denne saken kommer for retten 18. november. <\/p>\n<p class=\"_paragraph_o9xde_4 _paragraph_xtcu6_10 layout-component text-serif-m layout-normal text-serif-m layout-padded\">Samtidig ble ogs\u00e5 en 22 \u00e5r gammel svensk mann siktet for medvirkning. Han er inntil videre varetektsfengslet, og hans sak kommer f\u00f8rst opp for retten en gang neste \u00e5r. <\/p>\n<p class=\"_paragraph_o9xde_4 _paragraph_xtcu6_10 layout-component text-serif-m layout-normal text-serif-m layout-padded\">Etter p\u00e5gripelsen er 22-\u00e5ringen blitt tiltalt for flere tilfeller av rekruttering av svenske ten\u00e5ringer til drapshandlinger i Danmark. <\/p>\n","protected":false},"excerpt":{"rendered":"En 17 \u00e5r gammel svensk jente er utlevert til Danmark, siktet for \u00e5 ha fors\u00f8kt \u00e5 beg\u00e5 et&hellip;\n","protected":false},"author":2,"featured_media":87068,"comment_status":"","ping_status":"","sticky":false,"template":"","format":"standard","meta":{"footnotes":""},"categories":[12],"tags":[20,21,24,25,15,22,23,13,30,28,29,14,16,26,27,42,43,44,45],"class_list":{"0":"post-87067","1":"post","2":"type-post","3":"status-publish","4":"format-standard","5":"has-post-thumbnail","7":"category-verden","8":"tag-breaking-news","9":"tag-breakingnews","10":"tag-featured-news","11":"tag-featurednews","12":"tag-headlines","13":"tag-latest-news","14":"tag-latestnews","15":"tag-news","16":"tag-no","17":"tag-norge","18":"tag-norway","19":"tag-nyheter","20":"tag-overskrifter","21":"tag-top-stories","22":"tag-topstories","23":"tag-verden","24":"tag-world","25":"tag-world-news","26":"tag-worldnews"},"share_on_mastodon":{"url":"https:\/\/pubeurope.com\/@no\/115548224712836409","error":""},"_links":{"self":[{"href":"https:\/\/www.europesays.com\/no\/wp-json\/wp\/v2\/posts\/87067","targetHints":{"allow":["GET"]}}],"collection":[{"href":"https:\/\/www.europesays.com\/no\/wp-json\/wp\/v2\/posts"}],"about":[{"href":"https:\/\/www.europesays.com\/no\/wp-json\/wp\/v2\/types\/post"}],"author":[{"embeddable":true,"href":"https:\/\/www.europesays.com\/no\/wp-json\/wp\/v2\/users\/2"}],"replies":[{"embeddable":true,"href":"https:\/\/www.europesays.com\/no\/wp-json\/wp\/v2\/comments?post=87067"}],"version-history":[{"count":0,"href":"https:\/\/www.europesays.com\/no\/wp-json\/wp\/v2\/posts\/87067\/revisions"}],"wp:featuredmedia":[{"embeddable":true,"href":"https:\/\/www.europesays.com\/no\/wp-json\/wp\/v2\/media\/87068"}],"wp:attachment":[{"href":"https:\/\/www.europesays.com\/no\/wp-json\/wp\/v2\/media?parent=87067"}],"wp:term":[{"taxonomy":"category","embeddable":true,"href":"https:\/\/www.europesays.com\/no\/wp-json\/wp\/v2\/categories?post=87067"},{"taxonomy":"post_tag","embeddable":true,"href":"https:\/\/www.europesays.com\/no\/wp-json\/wp\/v2\/tags?post=87067"}],"curies":[{"name":"wp","href":"https:\/\/api.w.org\/{rel}","templated":true}]}}