{"id":87069,"date":"2025-11-14T13:12:11","date_gmt":"2025-11-14T13:12:11","guid":{"rendered":"https:\/\/www.europesays.com\/no\/87069\/"},"modified":"2025-11-14T13:12:11","modified_gmt":"2025-11-14T13:12:11","slug":"to-kjedekollisjoner-pa-e6","status":"publish","type":"post","link":"https:\/\/www.europesays.com\/no\/87069\/","title":{"rendered":"To kjedekollisjoner p\u00e5 E6"},"content":{"rendered":"\n<p class=\"_lead_o9xde_2 _lead_xtcu6_50 layout-component text-serif-m layout-normal text-serif-l layout-component layout-wide layout-padded _wide_17hqh_1 layout-padded\">B\u00e5de i s\u00f8rg\u00e5ende og nordg\u00e5ende retning har det v\u00e6rt kjedekollisjoner.<\/p>\n<ul aria-hidden=\"true\" class=\"_images_18f0k_111\">\n<li><a class=\"_link_18f0k_116\" href=\"https:\/\/www.vg.no\/forfatter\/amalie-nordboe-odiin\" style=\"z-index:1\" title=\"Amalie Nordb\u00f8 Odiin\" rel=\"nofollow noopener\" target=\"_blank\"><img alt=\"Bilde av Amalie Nordb\u00f8 Odiin\" class=\"_image_18f0k_93\" fetchpriority=\"low\" loading=\"lazy\" decoding=\"async\" itemprop=\"image\"  src=\"https:\/\/www.europesays.com\/no\/wp-content\/uploads\/2025\/11\/1763125929_310_3a48a883-d93f-48c4-8078-cc59876bbb5b\"  width=\"480\"\/><\/a><\/li>\n<\/ul>\n<p> Oppdatert fredag 14. november kl. 14:10     <\/p>\n<p class=\"_paragraph_o9xde_4 _paragraph_xtcu6_10 layout-component text-serif-m layout-normal text-serif-m layout-padded\">P\u00e5 kort tid ble det meldt om to ulike kjedekollisjoner p\u00e5 E6:<\/p>\n<ul class=\"_list_o9xde_3 _list_xtcu6_9 _unordered_o9xde_106 layout-component text-serif-m layout-normal text-serif-m layout-padded\">\n<li class=\"_item_o9xde_30\">E6 ved Skedsmokorset \u2013 nordg\u00e5ende retning<\/li>\n<li class=\"_item_o9xde_30\">E6 ved Vestby \u2013 s\u00f8rg\u00e5ende retning<\/li>\n<\/ul>\n<p class=\"_paragraph_o9xde_4 _paragraph_xtcu6_10 layout-component text-serif-m layout-normal text-serif-m layout-padded\">Klokken 13.38 kom f\u00f8rste melding om kjedekollisjon p\u00e5 E6.<\/p>\n<p class=\"_paragraph_o9xde_4 _paragraph_xtcu6_10 layout-component text-serif-m layout-normal text-serif-m layout-padded\">F\u00e5 minutter senere kom melding nummer to.<\/p>\n<p class=\"_paragraph_o9xde_4 _paragraph_xtcu6_10 layout-component text-serif-m layout-normal text-serif-m layout-padded\">Operasjonsleder H\u00e5kon Hatlen meldte at n\u00f8detatene rykket ut til E6 nordg\u00e5ende retning ved Skedsmokrysset.<\/p>\n<p class=\"_paragraph_o9xde_4 _paragraph_xtcu6_10 layout-component text-serif-m layout-normal text-serif-m layout-padded\">\u2013 Ukjent antall biler involvert, skriver han i politiloggen.<\/p>\n<p> Ny kollisjon etter kun ni minutter<\/p>\n<p class=\"_paragraph_o9xde_4 _paragraph_xtcu6_10 layout-component text-serif-m layout-normal text-serif-m layout-padded\">13.47 melder Hatlen om nok en kjedekollisjon p\u00e5 E6.<\/p>\n<p class=\"_paragraph_o9xde_4 _paragraph_xtcu6_10 layout-component text-serif-m layout-normal text-serif-m layout-padded\">Denne gangen i s\u00f8rg\u00e5ende retning ved <a href=\"https:\/\/www.vg.no\/tag\/vestby?utm_source=vg-article&amp;utm_medium=auto-tagger&amp;utm_campaign=63raV8\" class=\"_link_o9xde_39\" rel=\"nofollow noopener\" target=\"_blank\">Vestby<\/a>.<\/p>\n<p class=\"_paragraph_o9xde_4 _paragraph_xtcu6_10 layout-component text-serif-m layout-normal text-serif-m layout-padded\">N\u00f8detatene er p\u00e5 vei, og skadeomfang er forel\u00f8pig ukjent i begge ulykkene.<\/p>\n<p class=\"_paragraph_o9xde_4 _paragraph_xtcu6_10 layout-component text-serif-m layout-normal text-serif-m layout-padded\">I nordg\u00e5ende retning er et kj\u00f8refelt stengt, if\u00f8lge Statens vegvesen.<\/p>\n<p class=\"_paragraph_o9xde_4 _paragraph_xtcu6_10 layout-component text-serif-m layout-normal text-serif-m layout-padded\">I en oppdatering skriver operasjonslederen at berging er bestilt til to kj\u00f8ret\u00f8y ved Skedsmokorset.<\/p>\n<p class=\"_paragraph_o9xde_4 _paragraph_xtcu6_10 layout-component text-serif-m layout-normal text-serif-m layout-padded\">\u2013 Uvisst hvor lang tid det tar f\u00f8r veien \u00e5pnes for fri ferdsel igjen, melder han.<\/p>\n<p class=\"_paragraph_o9xde_4 _paragraph_xtcu6_10 layout-component text-serif-m layout-normal text-serif-m layout-padded\">To personer blir kj\u00f8rt til legevakten for sjekk med smerter i kropp.<\/p>\n<p> Mange ulykker grunnet glatt f\u00f8re<\/p>\n<p class=\"_paragraph_o9xde_4 _paragraph_xtcu6_10 layout-component text-serif-m layout-normal text-serif-m layout-padded\">Veitrafikksentralen sier til VG at veien er stengt i begge retninger, og det er mye k\u00f8.<\/p>\n<p class=\"_paragraph_o9xde_4 _paragraph_xtcu6_10 layout-component text-serif-m layout-normal text-serif-m layout-padded\">\u2013 Vi antar at det ikke vil ta alt for lang tid f\u00f8r n\u00f8detatene har ryddet opp og vi f\u00e5r \u00e5pnet igjen.<\/p>\n<p class=\"_paragraph_o9xde_4 _paragraph_xtcu6_10 layout-component text-serif-m layout-normal text-serif-m layout-padded\">Hele fredagen har det rent inn med trafikkuhell knyttet til glatt f\u00f8re.<\/p>\n<p class=\"_paragraph_o9xde_4 _paragraph_xtcu6_10 layout-component text-serif-m layout-normal text-serif-m layout-padded\">Statens vegvesen oppfordrer alle til \u00e5 la bilen st\u00e5 dersom man ikke har vinterdekk:<\/p>\n<p class=\"_paragraph_o9xde_4 _paragraph_xtcu6_10 layout-component text-serif-m layout-normal layout-padded\"><strong class=\"_strong_o9xde_25\">Les ogs\u00e5:<\/strong> <a href=\"https:\/\/www.vg.no\/i\/GyvEyB\" data-track-element-type=\"Link\" data-track-id=\"link:GyvEyB\" class=\"_link_o9xde_39\" rel=\"nofollow noopener\" target=\"_blank\">Glatt flere steder i landet: \u2013 Kommer litt br\u00e5tt p\u00e5<\/a><\/p>\n<p class=\"_paragraph_o9xde_4 _paragraph_xtcu6_10 layout-component text-serif-m layout-normal text-serif-m layout-padded\">\u2013 Det er jo den f\u00f8rste vinterdagen, s\u00e5 det er s\u00e5nn det pleier \u00e5 v\u00e6re. Det kommer kanskje litt br\u00e5tt p\u00e5 folk, sier Lena Fjellseth, trafikkoperat\u00f8r i Veitrafikksentralen Midt, til VG.<\/p>\n<p class=\"_paragraph_o9xde_4 _paragraph_xtcu6_10 layout-component text-serif-m layout-normal text-serif-m layout-padded\">Fjellseth sier at alt av mannskap er ute og gj\u00f8r tiltak.<\/p>\n<p>    <img decoding=\"async\" alt=\"Tips oss illustrasjon\" src=\"https:\/\/www.europesays.com\/no\/wp-content\/uploads\/2025\/10\/pssst-small.webp.webp\"\/>    <\/p>\n<p class=\"title-serif-s\">Har du tips?<\/p>\n<p class=\"text-sans-m\">Send oss informasjon, bilder eller video.<\/p>\n<p>  <a href=\"https:\/\/www.vg.no\/tips-oss\" rel=\"nofollow noopener\" target=\"_blank\"> Tips oss <\/a>      <\/p>\n","protected":false},"excerpt":{"rendered":"B\u00e5de i s\u00f8rg\u00e5ende og nordg\u00e5ende retning har det v\u00e6rt kjedekollisjoner. Oppdatert fredag 14. november kl. 14:10 P\u00e5 kort&hellip;\n","protected":false},"author":2,"featured_media":87070,"comment_status":"","ping_status":"","sticky":false,"template":"","format":"standard","meta":{"footnotes":""},"categories":[10],"tags":[31,20,21,834,24,25,15,22,23,729,13,30,28,29,14,16,26,27,1922],"class_list":{"0":"post-87069","1":"post","2":"type-post","3":"status-publish","4":"format-standard","5":"has-post-thumbnail","7":"category-norge","8":"tag-breaking","9":"tag-breaking-news","10":"tag-breakingnews","11":"tag-e6","12":"tag-featured-news","13":"tag-featurednews","14":"tag-headlines","15":"tag-latest-news","16":"tag-latestnews","17":"tag-lillestrom","18":"tag-news","19":"tag-no","20":"tag-norge","21":"tag-norway","22":"tag-nyheter","23":"tag-overskrifter","24":"tag-top-stories","25":"tag-topstories","26":"tag-vestby"},"share_on_mastodon":{"url":"https:\/\/pubeurope.com\/@no\/115548228648524182","error":""},"_links":{"self":[{"href":"https:\/\/www.europesays.com\/no\/wp-json\/wp\/v2\/posts\/87069","targetHints":{"allow":["GET"]}}],"collection":[{"href":"https:\/\/www.europesays.com\/no\/wp-json\/wp\/v2\/posts"}],"about":[{"href":"https:\/\/www.europesays.com\/no\/wp-json\/wp\/v2\/types\/post"}],"author":[{"embeddable":true,"href":"https:\/\/www.europesays.com\/no\/wp-json\/wp\/v2\/users\/2"}],"replies":[{"embeddable":true,"href":"https:\/\/www.europesays.com\/no\/wp-json\/wp\/v2\/comments?post=87069"}],"version-history":[{"count":0,"href":"https:\/\/www.europesays.com\/no\/wp-json\/wp\/v2\/posts\/87069\/revisions"}],"wp:featuredmedia":[{"embeddable":true,"href":"https:\/\/www.europesays.com\/no\/wp-json\/wp\/v2\/media\/87070"}],"wp:attachment":[{"href":"https:\/\/www.europesays.com\/no\/wp-json\/wp\/v2\/media?parent=87069"}],"wp:term":[{"taxonomy":"category","embeddable":true,"href":"https:\/\/www.europesays.com\/no\/wp-json\/wp\/v2\/categories?post=87069"},{"taxonomy":"post_tag","embeddable":true,"href":"https:\/\/www.europesays.com\/no\/wp-json\/wp\/v2\/tags?post=87069"}],"curies":[{"name":"wp","href":"https:\/\/api.w.org\/{rel}","templated":true}]}}