{"id":87071,"date":"2025-11-14T13:13:15","date_gmt":"2025-11-14T13:13:15","guid":{"rendered":"https:\/\/www.europesays.com\/no\/87071\/"},"modified":"2025-11-14T13:13:15","modified_gmt":"2025-11-14T13:13:15","slug":"hoiby-fikk-ikke-medhold","status":"publish","type":"post","link":"https:\/\/www.europesays.com\/no\/87071\/","title":{"rendered":"H\u00f8iby fikk ikke medhold"},"content":{"rendered":"<p>  Politisk kommentator advarer b\u00e5de Norge og verden f\u00f8r neste \u00e5rs fotball-VM.<\/p>\n<p>\n    MED TROFEET: Donald Trump virker \u00e5 ha planer om \u00e5 ta en stor rolle i neste \u00e5rs fotball-VM. Foto; Ron Sachs\/CNP \/ SplashNews.comSplash \/ NTB\n  <\/p>\n<ul>\n<li class=\"lab-bodytext-line font-weight-bold m-font-weight-bold\" data-lab-font_weight=\"font-weight-bold\">Italia &#8211; Norge, s\u00f8ndag klokka 20.45<\/li>\n<\/ul>\n<p>Etter snaue tre ti\u00e5r er Norge endelig s\u00e5 godt som klare for et verdensmesterskap igjen. Etter <a href=\"https:\/\/www.dagbladet.no\/sport\/snek-seg-ut-til-fest\/83848851\" target=\"_blank\" rel=\"nofollow noopener\">seieren over Estland<\/a> torsdag kveld kan Norge tape 8-0 for Italia s\u00f8ndag og fortsatt v\u00e6re klar for VM.<\/p>\n<p>Men:<\/p>\n<p class=\"font-weight-bold m-font-weight-bold\" data-lab-font_weight=\"font-weight-bold\">TV 2s USA-kommentator Eirik Bergesen frykter kaos n\u00e5r VM g\u00e5r av stabelen i USA i 2026.<\/p>\n<p>Mye av \u00e5rsaken: President Donald Trump.<\/p>\n<p class=\"font-weight-normal m-font-weight-normal\" data-lab-font_weight=\"font-weight-normal\">&#8211; Det aller viktigste er at byene som har f\u00e5tt mesterskapskamper, f\u00e5r lov til \u00e5 gjennomf\u00f8re det s\u00e5 selvstendig som mulig. At Trump ikke blander seg inn, sier Bergesen til Dagbladet.<\/p>\n<p>          <img loading=\"lazy\" decoding=\"async\" src=\"https:\/\/www.europesays.com\/no\/wp-content\/uploads\/2025\/11\/1763125991_817_83847758.webp\" width=\"686\" height=\"625\" title=\"EKSPERT: Eirik Bergesen f\u00f8lger politikken i USA tett. Foto: Robert Reinlund\/TV 2\" alt=\"\" class=\"\" style=\"--aspect-ratio-image: 1.10; \"\/><\/p>\n<p>\n          EKSPERT: Eirik Bergesen f\u00f8lger politikken i USA tett. Foto: Robert Reinlund\/TV 2\n      <\/p>\n<p>Han viser til at presidenten allerede har truet med \u00e5 flytte kamper fra byer styrt av demokrater.<\/p>\n<p class=\"italic m-italic\" data-lab-italic=\"italic\">&#8211; Hvor alvorlig er det?<\/p>\n<p>&#8211; Det er veldig alvorlig. Vi s\u00e5 at det var visepresidenten i FIFA som fors\u00f8kte, p\u00e5 en s\u00e5 diplomatisk m\u00e5te som mulig, \u00e5 si at det er FIFA som har ansvaret. Men jeg tenker det er en grunn til at det ikke var Gianni Infantino (FIFA-presidenten) som sa det, og at Trump ikke ble irettesatt direkte. Her er det et spill, tenker jeg.<\/p>\n<p>          <img loading=\"lazy\" decoding=\"async\" src=\"https:\/\/www.europesays.com\/no\/wp-content\/uploads\/2025\/11\/1763125992_54_83852589.webp\" width=\"980\" height=\"559\" title=\"TIL VM: Norges spillere f\u00f8r seieren over Estland torsdag kveld. Foto: Bj\u00f8rn Langsem \/ Dagbladet\" alt=\"\" class=\"\" style=\"--aspect-ratio-image: 1.75; \"\/><\/p>\n<p>\n          TIL VM: Norges spillere f\u00f8r seieren over Estland torsdag kveld. Foto: Bj\u00f8rn Langsem \/ Dagbladet\n      <\/p>\n<p>If\u00f8lge Bergesen kan Trump tvinge gjennom endringer.<\/p>\n<p>&#8211; Byer som New York, Los Angeles og Chicago er steder der han har personlige vendettaer mot ordf\u00f8rere eller guvern\u00f8rer p\u00e5 grunn av politiske uenigheter. Det er personer han misliker privat og ser som politiske rivaler, sier Bergesen.<\/p>\n<p>    Fakta: Kamper i VM<\/p>\n<p>Slik er kampfordelingen mellom arrang\u00f8rlandene:<\/p>\n<p class=\"font-weight-bold m-font-weight-bold\" data-lab-font_weight=\"font-weight-bold\">Canada:<\/p>\n<p>* Toronto (fem gruppekamper, \u00e9n 16-delsfinale)<\/p>\n<p>* Vancouver (fire gruppekamper, \u00e9n 16-delsfinale, \u00e9n \u00e5ttedelsfinale)<\/p>\n<p class=\"font-weight-bold m-font-weight-bold\" data-lab-font_weight=\"font-weight-bold\">Mexico:<\/p>\n<p>* Guadalajara (fire gruppekamper)<\/p>\n<p>* Mexico by (tre gruppekamper, \u00e9n 16-delsfinale, \u00e9n \u00e5ttedelsfinale)<\/p>\n<p>* Monterrey (tre gruppekamper, \u00e9n 16-delsfinale)<\/p>\n<p class=\"font-weight-bold m-font-weight-bold\" data-lab-font_weight=\"font-weight-bold\">USA:<\/p>\n<p>* Arlington\/Dallas (fem gruppekamper, to 16-delsfinaler, \u00e9n \u00e5ttedelsfinale, \u00e9n semifinale)<\/p>\n<p>* Atlanta (fem gruppekamper, \u00e9n 16-delsfinale, \u00e9n \u00e5ttedelsfinale, \u00e9n semifinale)<\/p>\n<p>* New Jersey\/New York (fem gruppekamper, \u00e9n 16-delsfinale, \u00e9n \u00e5ttedelsfinale, finale)<\/p>\n<p>* Foxborough\/Boston (fem gruppekamper, \u00e9n 16-delsfinale, \u00e9n kvartfinale)<\/p>\n<p>* Houston (fem gruppekamper, \u00e9n 16-delsfinale, \u00e9n \u00e5ttedelsfinale)<\/p>\n<p>* Kansas City (fem gruppekamper, \u00e9n kvartfinale)<\/p>\n<p>* Los Angeles (fem gruppekamper, to 16-delsfinaler, \u00e9n kvartfinale)<\/p>\n<p>* Miami (fire gruppekamper, \u00e9n 16-delsfinale, \u00e9n kvartfinale, bronsekamp)<\/p>\n<p>* Philadelphia (fem gruppekamper, \u00e9n \u00e5ttedelsfinale)<\/p>\n<p>* Santa Clara\/San Francisco (fem gruppekamper, \u00e9n 16-delsfinale)<\/p>\n<p>* Seattle (fire gruppekamper, \u00e9n 16-delsfinale, \u00e9n \u00e5ttedelsfinale).<\/p>\n<p>      Vis mer<br \/>\n      Vis mindre<\/p>\n<p>Han trekker fram Californias guvern\u00f8r Gavin Newsom og New Yorks kommende ordf\u00f8rer Zohran Mamdani som eksempler.<\/p>\n<p>&#8211; Ideen om at en by er demokratisk og en annen republikansk er egentlig litt rar, for det er velgere fra begge partier. Men det er s\u00e5nn Trump opererer. Vi s\u00e5 det under nedstengningen n\u00e5 &#8211; at han opprettholdt noen offentlige programmer han mente var republikanske, mens han stengte andre han mente var demokratiske. Det er en helt ny tankegang. Det er ikke s\u00e5nn man opererer.<\/p>\n<p>          <img loading=\"lazy\" decoding=\"async\" src=\"https:\/\/www.europesays.com\/no\/wp-content\/uploads\/2025\/11\/1763125993_821_83847839.webp\" width=\"686\" height=\"508\" title=\"SAMARBEIDER TETT: Donald Trump (t.v.) og FIFA-president Gianni Infantino. Foto: AP Photo\/Jacquelyn Martin \/ NTB\" alt=\"\" class=\"\" style=\"--aspect-ratio-image: 1.35; \"\/><\/p>\n<p>\n          SAMARBEIDER TETT: Donald Trump (t.v.) og FIFA-president Gianni Infantino. Foto: AP Photo\/Jacquelyn Martin \/ NTB\n      <\/p>\n<p>Sp\u00e5r kaos  <\/p>\n<p>New York er vertskap for VM-finalen. Der styrer den demokratisk sosialistiske ordf\u00f8reren Mamdani, som Trump omtaler som kommunist.<\/p>\n<p>&#8211; Jeg klarer ikke helt \u00e5 se for meg at Trump \u00f8nsker at hele mesterskapet skal kulminere i at Mamdani st\u00e5r der sammen med Norge, n\u00e5r vi har vunnet VM-finalen, sier Bergesen lattermildt. <\/p>\n<p>TV 2-profilen fortsetter:<\/p>\n<p>&#8211; Vi husker klubb-VM, der Trump ikke bare sto p\u00e5 podiet, men hevet trofeet sammen med Chelsea. Det var i beste fall ubekvemt for spillerne. I verste fall stjal han noe av glansen.<\/p>\n<p>Han tror at Trump kommer til \u00e5 \u00f8nske seg liknende scener i VM.<\/p>\n<p>&#8211; Men det blir forpurret av at det er Mamdani som er vert for finalen. Her ligger det an til et skikkelig politisk showdown mellom de to.<\/p>\n<p class=\"italic m-italic\" data-lab-italic=\"italic\">&#8211; Det kan bli kaos?<\/p>\n<p>&#8211; Ja, det tror jeg. Og Trump regjerer i kaos. Men er det noe arrang\u00f8rer av mesterskap ikke liker, s\u00e5 er det uforutsigbarhet. VM er en enorm operasjon &#8211; en stor kabal. Usikkerhet rundt hvor kampene blir spilt og hvordan det organiseres, det er nok noe FIFA frykter, sier Bergesen.<\/p>\n<p>          <img loading=\"lazy\" decoding=\"async\" src=\"https:\/\/www.europesays.com\/no\/wp-content\/uploads\/2025\/11\/1763125994_790_83847845.webp\" width=\"686\" height=\"460\" title=\"TRIVES I SENTRUM: Donald Trump tok del i feiringen da Chelsea vant VM for klubblag tidligere i \u00e5r. Foto: AP Photo\/Jacquelyn Martin \/ NTB\" alt=\"\" class=\"\" style=\"--aspect-ratio-image: 1.49; \"\/><\/p>\n<p>\n          TRIVES I SENTRUM: Donald Trump tok del i feiringen da Chelsea vant VM for klubblag tidligere i \u00e5r. Foto: AP Photo\/Jacquelyn Martin \/ NTB\n      <\/p>\n<p>&#8211; Ganske \u00e5penbart<\/p>\n<p>&#8211; Er det \u00e9n ting vi vet helt sikkert, s\u00e5 er det at Trump kommer til \u00e5 plassere seg i begivenhetenes sentrum. Det er det ingen tvil om, fastsl\u00e5r eksperten p\u00e5 amerikansk politikk.<\/p>\n<p>Han peker p\u00e5 at Trump allerede har et n\u00e6rt forhold til FIFA og Infantino.<\/p>\n<p>&#8211; Det har vi sett uttrykk for p\u00e5 mange m\u00e5ter &#8211; b\u00e5de gjennom bes\u00f8k, holding av VM-pokalen og at FIFA sier de skal opprette en fredspris. Det er ganske \u00e5penbart hvem som kommer til \u00e5 f\u00e5 den, sier Bergesen.<\/p>\n<p>Forholdet mellom Trump og FIFA er ikke n\u00f8dvendigvis ensidig, mener han.<\/p>\n<p>&#8211; Noen vil si at Trump bruker FIFA, men sp\u00f8rsm\u00e5let er om det ikke er motsatt? Er det noen som kan og vet hvordan man forholder seg til en autorit\u00e6r politisk leder, s\u00e5 er det FIFA.<\/p>\n<p>Han legger til:<\/p>\n<p>&#8211; Dessverre er det et stort mindretall av demokratier i verden, og FIFA er godt vant med \u00e5 navigere i de farvannene. Utenfra ser det aldri pent ut, men jobben deres er \u00e5 avvikle disse mesterskapene &#8211; tross alle de politiske problemene som f\u00f8lger med.<\/p>\n<p>    <a itemprop=\"url\" href=\"https:\/\/www.dagbladet.no\/sport\/ordet-spres-tull\/83850285\" rel=\"nofollow noopener\" target=\"_blank\"><\/p>\n<p>      <img loading=\"lazy\" decoding=\"async\" src=\"https:\/\/www.europesays.com\/no\/wp-content\/uploads\/2025\/11\/1763125995_168_83850314.webp\" width=\"980\" height=\"441\" title=\"Ordet spres: - Tull!\" alt=\"\" class=\"lazyload\" style=\"--aspect-ratio-image: 2.22; \"\/><\/p>\n<p>        Ordet spres: &#8211; Tull!<\/p>\n<p>    <\/a><\/p>\n","protected":false},"excerpt":{"rendered":"Politisk kommentator advarer b\u00e5de Norge og verden f\u00f8r neste \u00e5rs fotball-VM. MED TROFEET: Donald Trump virker \u00e5 ha&hellip;\n","protected":false},"author":2,"featured_media":69733,"comment_status":"","ping_status":"","sticky":false,"template":"","format":"standard","meta":{"footnotes":""},"categories":[5],"tags":[20,21,24,25,15,19,2539,22,23,17,18,13,30,28,29,14,16,26,27],"class_list":{"0":"post-87071","1":"post","2":"type-post","3":"status-publish","4":"format-standard","5":"has-post-thumbnail","7":"category-overskrifter","8":"tag-breaking-news","9":"tag-breakingnews","10":"tag-featured-news","11":"tag-featurednews","12":"tag-headlines","13":"tag-hovedoppslag","14":"tag-innenriks","15":"tag-latest-news","16":"tag-latestnews","17":"tag-main-news","18":"tag-mainnews","19":"tag-news","20":"tag-no","21":"tag-norge","22":"tag-norway","23":"tag-nyheter","24":"tag-overskrifter","25":"tag-top-stories","26":"tag-topstories"},"share_on_mastodon":{"url":"https:\/\/pubeurope.com\/@no\/115548232760538359","error":""},"_links":{"self":[{"href":"https:\/\/www.europesays.com\/no\/wp-json\/wp\/v2\/posts\/87071","targetHints":{"allow":["GET"]}}],"collection":[{"href":"https:\/\/www.europesays.com\/no\/wp-json\/wp\/v2\/posts"}],"about":[{"href":"https:\/\/www.europesays.com\/no\/wp-json\/wp\/v2\/types\/post"}],"author":[{"embeddable":true,"href":"https:\/\/www.europesays.com\/no\/wp-json\/wp\/v2\/users\/2"}],"replies":[{"embeddable":true,"href":"https:\/\/www.europesays.com\/no\/wp-json\/wp\/v2\/comments?post=87071"}],"version-history":[{"count":0,"href":"https:\/\/www.europesays.com\/no\/wp-json\/wp\/v2\/posts\/87071\/revisions"}],"wp:featuredmedia":[{"embeddable":true,"href":"https:\/\/www.europesays.com\/no\/wp-json\/wp\/v2\/media\/69733"}],"wp:attachment":[{"href":"https:\/\/www.europesays.com\/no\/wp-json\/wp\/v2\/media?parent=87071"}],"wp:term":[{"taxonomy":"category","embeddable":true,"href":"https:\/\/www.europesays.com\/no\/wp-json\/wp\/v2\/categories?post=87071"},{"taxonomy":"post_tag","embeddable":true,"href":"https:\/\/www.europesays.com\/no\/wp-json\/wp\/v2\/tags?post=87071"}],"curies":[{"name":"wp","href":"https:\/\/api.w.org\/{rel}","templated":true}]}}