{"id":87080,"date":"2025-11-14T13:20:14","date_gmt":"2025-11-14T13:20:14","guid":{"rendered":"https:\/\/www.europesays.com\/no\/87080\/"},"modified":"2025-11-14T13:20:14","modified_gmt":"2025-11-14T13:20:14","slug":"hoiby-bok-stanses-ikke-ma-betale-over-500-000","status":"publish","type":"post","link":"https:\/\/www.europesays.com\/no\/87080\/","title":{"rendered":"H\u00f8iby-bok stanses ikke: M\u00e5 betale over 500.000"},"content":{"rendered":"\n<p class=\"_lead_o9xde_2 _lead_xtcu6_50 layout-component text-serif-m layout-normal text-serif-l layout-component layout-wide layout-padded _wide_17hqh_1 layout-padded\">Marius Borg H\u00f8iby (28) gikk rettens vei for \u00e5 stoppe boken \u00abHvite striper, sorte f\u00e5r\u00bb, men m\u00e5 i stedet ut med 530.500 kroner i sakskostnader etter at Oslo tingrett avviste kravet om \u00e5 stoppe boken. <\/p>\n<p><img alt=\"Etter at boken \u00abHvite striper, sorte f\u00e5r\u00bb kom ut for kort tid siden har det stormet rundt utgivelsen. Foto: Thomas Fure \/ NTB\" class=\"_image_qp4xg_65 layout-component layout-wide\" data-fullscreen- data-track-element-type=\"Article image fullscreen\" data-track-name=\"ImageFullscreen\" fetchpriority=\"high\" decoding=\"sync\" loading=\"eager\" height=\"4937\" itemprop=\"image\"  src=\"https:\/\/www.europesays.com\/no\/wp-content\/uploads\/2025\/11\/207a1353-a723-44bc-a201-13b4d7c60c6b\"  style=\"object-position:0% 0%\" width=\"7402\"\/>Etter at boken \u00abHvite striper, sorte f\u00e5r\u00bb kom ut for kort tid siden har det stormet rundt utgivelsen. Foto: Thomas Fure \/ NTB Oppdatert fredag 14. november kl. 14:16    <\/p>\n<ul class=\"_list_o9xde_3 _list_64s2r_85 _unordered_o9xde_106 text-sans-m\">\n<li class=\"_item_o9xde_30\">Oslo tingrett avviste Marius Borg H\u00f8ibys krav om \u00e5 stoppe boken \u00abHvite striper, sorte f\u00e5r\u00bb.<\/li>\n<li class=\"_item_o9xde_30\">H\u00f8iby m\u00e5 betale 530.500 kroner i sakskostnader.<\/li>\n<li class=\"_item_o9xde_30\">Boken, som omtaler kokain, narkogjenger og Kronprinsessens s\u00f8nn, fortsetter \u00e5 selges.<\/li>\n<\/ul>\n<p>Vis mer <\/p>\n<p class=\"_paragraph_o9xde_4 _paragraph_xtcu6_10 layout-component text-serif-m layout-normal text-serif-m layout-padded\">\u2013 Dette er en viktig avgj\u00f8relse, ikke bare for denne saken, men for ytringsfriheten i Norge, sier forlegger i <a href=\"https:\/\/www.vg.no\/tag\/aschehoug?utm_source=vg-article&amp;utm_medium=auto-tagger&amp;utm_campaign=gwXxpa\" class=\"_link_o9xde_39\" rel=\"nofollow noopener\" target=\"_blank\">Aschehoug<\/a>, Mads Nygaard, til VG. <\/p>\n<p class=\"_paragraph_o9xde_4 _paragraph_xtcu6_10 layout-component text-serif-m layout-normal text-serif-m layout-padded\"><strong class=\"_strong_o9xde_25\">If\u00f8lge kjennelsen fra Oslo tingrett m\u00e5 Marius Borg H\u00f8iby betale 460.000 kroner i sakskostnader til Aschehoug AS. Han m\u00e5 ogs\u00e5 betale 70.500 kroner til Den Norske Forleggerforening.<\/strong><\/p>\n<p class=\"_paragraph_o9xde_4 _paragraph_xtcu6_10 layout-component text-serif-m layout-normal text-serif-m layout-padded\">Betalingen, som alts\u00e5 er p\u00e5 over en halv million, m\u00e5 skje innen to uker, fremkommer det.<\/p>\n<p class=\"_paragraph_o9xde_4 _paragraph_xtcu6_10 layout-component text-serif-m layout-normal text-serif-m layout-padded\">Aschehougs advokat J\u00f8rgen Vangsnes sier til VG:<\/p>\n<p class=\"_paragraph_o9xde_4 _paragraph_xtcu6_10 layout-component text-serif-m layout-normal text-serif-m layout-padded\">\u2013 Retten har avsagt en grundig avgj\u00f8relse som konkluderer med at boken har samfunnsmessig interesse og at hensynet til ytringsfriheten da st\u00e5r s\u00e6rlig sterkt. Det er etter Aschehougs syn en helt riktig vurdering.<\/p>\n<p><img decoding=\"async\" alt=\"Bilde av Mads Nygaard\" class=\"_image_ygndg_42\" height=\"27\" itemprop=\"image\" loading=\"lazy\"  src=\"https:\/\/www.europesays.com\/no\/wp-content\/uploads\/2025\/11\/4631aeaa-d700-4a5b-bc3c-536e37e78101\"  width=\"40\"\/><strong class=\"_name_ygndg_51 title-serif-xs\">Mads Nygaard<\/strong><\/p>\n<p class=\"_paragraph_o9xde_4 _paragraph_xtcu6_10 layout-component text-serif-m layout-normal text-serif-m layout-padded\">Dermed kan boken som markedsf\u00f8res som \u00aben reportasjebok om kokain, narkogjenger og kronprinsessens s\u00f8nn\u00bb fortsette \u00e5 selges.<\/p>\n<p class=\"_paragraph_o9xde_4 _paragraph_xtcu6_10 layout-component text-serif-m layout-normal text-serif-m layout-padded\">Det var forrige uke Marius Borg H\u00f8ibys forsvarere m\u00f8ttes i Oslo tingrett hvor H\u00f8ibys krav om midlertidig forf\u00f8yningmidlertidig forf\u00f8yningEn dommer kommer med en midlertidig avgj\u00f8relse for \u00e5 unng\u00e5 skade eller tap mens en sak er under behandling. Med andre ord, H\u00f8ibys advokater vil at boka som de mener inneholder uriktige og ulovlige p\u00e5stander skal stoppes inntil det kan behandles i en eveutell ordin\u00e6r rettssak. Det lan ligge langt frem i tid, derfor ber de om en midlertidig avgj\u00f8relse n\u00e5. mot forlaget Aschehoug ble behandlet. <\/p>\n<p class=\"_paragraph_o9xde_4 _paragraph_xtcu6_10 layout-component text-serif-m layout-normal text-serif-m layout-padded\">H\u00f8iby selv \u00f8nsket ikke \u00e5 forklare seg i retten.<\/p>\n<p class=\"_paragraph_o9xde_4 _paragraph_xtcu6_10 layout-component text-serif-m layout-normal text-serif-m layout-padded\">VG har fredag fors\u00f8kt \u00e5 f\u00e5 en kommentar fra advokat Elias Christensen, som er H\u00f8ibys advokat i denne saken.<\/p>\n<p class=\"_paragraph_o9xde_4 _paragraph_xtcu6_10 layout-component text-serif-m layout-normal text-serif-m layout-padded\">I kjennelsen heter det at H\u00f8iby krevde at forlaget Aschehoug skulle forbys \u00e5 selge boken, samt at b\u00f8ker i butikk skulles trekkes tilbake. Men begj\u00e6ringen ble ikke tatt til f\u00f8lge av Oslo tingrett. <\/p>\n<p><img decoding=\"async\" alt=\"Bilde av Elias Christensen\" class=\"_image_ygndg_42\" height=\"27\" itemprop=\"image\" loading=\"lazy\"  src=\"https:\/\/www.europesays.com\/no\/wp-content\/uploads\/2025\/11\/749bf46c-3e86-4bac-90aa-a07e56aa7ad8\"  width=\"40\"\/><strong class=\"_name_ygndg_51 title-serif-xs\">Elias Christensen<\/strong><\/p>\n<p class=\"_paragraph_o9xde_4 text-sans-m _description_ygndg_56\">Advokat<\/p>\n<p class=\"_paragraph_o9xde_4 _paragraph_xtcu6_10 layout-component text-serif-m layout-normal text-serif-m layout-padded\">Aschehoug-forlegger Mads Nygaard opplyser at kjennelsen gir en grundig og balansert vurdering av saken. <\/p>\n<p class=\"_paragraph_o9xde_4 _paragraph_xtcu6_10 layout-component text-serif-m layout-normal text-serif-m layout-padded\">\u2013  Den bekrefter sentrale prinsipper for ytringsfriheten og det \u00e5pne ordskiftet, skriver Aschehoug i en pressemelding om kjennelsen. <\/p>\n<p>  \u2013 Han som f\u00e5r fakturaen<\/p>\n<p class=\"_paragraph_o9xde_4 _paragraph_xtcu6_10 layout-component text-serif-m layout-normal text-serif-m layout-padded\">VG har tidligere spurt H\u00f8ibys advokater om hvem som betaler hans advokatregninger.<\/p>\n<p class=\"_paragraph_o9xde_4 _paragraph_xtcu6_10 layout-component text-serif-m layout-normal text-serif-m layout-padded\">\u2013 Vi har han som klient. Det er han som f\u00e5r fakturaen, sa advokat Rene Ibsen til VG.<\/p>\n<p class=\"_paragraph_o9xde_4 _paragraph_xtcu6_10 layout-component text-serif-m layout-normal text-serif-m layout-padded\">VG har tidligere\u00a0<a href=\"https:\/\/www.vg.no\/rampelys\/i\/zAm1rK\/opplysninger-til-vg-marius-borg-hoeiby-fikk-penger-fra-kronprinsparet-brukte-alt-paa-narkotika\" data-track-element-type=\"Link\" data-track-id=\"link:zAm1rK\" class=\"_link_o9xde_39\" rel=\"nofollow noopener\" target=\"_blank\">skrevet<\/a>\u00a0at H\u00f8iby skal ha forklart politiet at han i en periode fikk 20.000 kroner i lommepenger fra kronprinsesse Mette-Marit og kronprins Haakon.<\/p>\n<p class=\"_paragraph_o9xde_4 _paragraph_xtcu6_10 layout-component text-serif-m layout-normal text-serif-m layout-padded\">Han har de siste \u00e5rene bodd i et hus inne p\u00e5 Skaugum.<\/p>\n<p class=\"_paragraph_o9xde_4 _paragraph_xtcu6_10 layout-component text-serif-m layout-normal text-serif-m layout-padded\">I fjor skrev\u00a0<a href=\"https:\/\/www.tv2.no\/nyheter\/innenriks\/hoiby-sier-han-fikk-20000-kroner-fra-foreldrene-i-maneden\/17234232\/\" class=\"_link_o9xde_39\" rel=\"nofollow noopener\" target=\"_blank\">TV 2<\/a>\u00a0kronprinsparet ordnet med regningene hans og trakk dem fra lommepengene. Da utgiftene var trukket fra, anslo han \u00e5 sitte igjen med rundt 10.000 kroner.<\/p>\n<p class=\"_paragraph_o9xde_4 _paragraph_xtcu6_10 layout-component text-serif-m layout-normal text-serif-m layout-padded\">Kronprinsen opplyste forrige uke at det er H\u00f8iby selv som har engasjert advokatene som representerte ham i retten. Han har samtidig avvist \u00e5 ha kjennskap til hvordan rettssaken er finansiert.<\/p>\n<p> Strid om narkosalg<\/p>\n<p class=\"_paragraph_o9xde_4 _paragraph_xtcu6_10 layout-component text-serif-m layout-normal text-serif-m layout-padded\">If\u00f8lge Marius Borg H\u00f8ibys advokater inneholder boken \u00abHvite striper, sorte f\u00e5r\u00bb flere uriktige og ulovlige p\u00e5stander om ham. Ogs\u00e5 <a href=\"https:\/\/www.vg.no\/rampelys\/i\/8q3QRQ\/hoeibys-forsvarere-hardt-ut-mot-ny-bok\" data-track-element-type=\"Link\" data-track-id=\"link:8q3QRQ\" class=\"_link_o9xde_39\" rel=\"nofollow noopener\" target=\"_blank\">Kongehuset har reagert. <\/a><\/p>\n<p class=\"_paragraph_o9xde_4 _paragraph_xtcu6_10 layout-component text-serif-m layout-normal text-serif-m layout-padded\">Et av hovedstridssp\u00f8rsm\u00e5lene i retten var hvorvidt H\u00f8iby skal ha solgt narkotika p\u00e5 Karl Johan, slik det blir hevdet i boken. Dette benekter H\u00f8ibys advokater, men forlaget st\u00e5r p\u00e5 sitt og mener opplysningene fra boka er korrekte.<\/p>\n<p class=\"_paragraph_o9xde_4 _paragraph_xtcu6_10 layout-component text-serif-m layout-normal text-serif-m layout-padded\">I kjennelsen fra retten heter det at p\u00e5stander om salg av kokain er et eksempel p\u00e5 noe som er egnet til \u00e5 krenke omd\u00f8mmet, men skriver: <\/p>\n<p class=\"_paragraph_o9xde_4 _paragraph_xtcu6_10 layout-component text-serif-m layout-normal text-serif-m layout-padded\">\u00abDet er imidlertidig ikke av betydning for rettens avgj\u00f8relse om salg har skjedd \u00abp\u00e5\u00bb Karl Johans gate.\u00bb<\/p>\n<p class=\"label-small label-secondary\">annonse<\/p>\n<p><img decoding=\"async\" alt=\"\" class=\"_image_1uqve_43\" loading=\"lazy\" src=\"https:\/\/www.europesays.com\/no\/wp-content\/uploads\/2025\/11\/default-NgxM2AEZ.jpg\"\/><\/p>\n<p class=\"title-large _title_1uqve_54\">Kj\u00f8p boken<\/p>\n<p>\u00d8istein Monsen, Torgeir Pedersen Krokfjord <strong>\u00abHvite striper, sorte f\u00e5r\u00bb<\/strong><br \/>\nAnnonselenker <\/p>\n<p>\nDe eksterne lenkene i denne annonsen f\u00f8rer til nettbutikker der VG<br \/>\n            f\u00e5r en provisjon av eventuelle salg. Inntektene bidrar til \u00e5<br \/>\n            finansiere det journalistiske arbeidet i VG. Redaksjonen prioriterer<br \/>\n            uavhengig av dette. VGs samfunnsoppdrag og rolle som uavhengig<br \/>\n            redaksjonell gransker p\u00e5virkes derfor ikke av dette innholdet.\n<\/p>\n<p class=\"_paragraph_o9xde_4 _paragraph_xtcu6_10 layout-component text-serif-m layout-normal text-serif-m layout-padded\">Forfatterne av boken, Torgeir Krokfjord og \u00d8istein Monsen, har uttalt at de er trygge p\u00e5 den informasjonen de har avdekket. <\/p>\n<p class=\"_paragraph_o9xde_4 _paragraph_xtcu6_10 layout-component text-serif-m layout-normal text-serif-m layout-padded\">Politimester Ida Melbo \u00d8ystese ble i retten gjentatte ganger presset p\u00e5 hvilke observasjoner politiet har av H\u00f8iby og om han er sett.<\/p>\n<p class=\"_paragraph_o9xde_4 _paragraph_xtcu6_10 layout-component text-serif-m layout-normal text-serif-m layout-padded\">H\u00f8ibys advokater har ogs\u00e5 reagert p\u00e5 bokens forside og mener forlaget har g\u00e5tt \u00abaltfor langt\u00bb i markedsf\u00f8ringen. De hevder ogs\u00e5 at boken ikke har samfunnsmessig betydning.<\/p>\n<p class=\"_paragraph_o9xde_4 _paragraph_xtcu6_10 layout-component text-serif-m layout-normal text-serif-m layout-padded\"><strong class=\"_strong_o9xde_25\">H\u00f8rt denne podkastepisoden?<\/strong><\/p>\n","protected":false},"excerpt":{"rendered":"Marius Borg H\u00f8iby (28) gikk rettens vei for \u00e5 stoppe boken \u00abHvite striper, sorte f\u00e5r\u00bb, men m\u00e5 i&hellip;\n","protected":false},"author":2,"featured_media":87081,"comment_status":"","ping_status":"","sticky":false,"template":"","format":"standard","meta":{"footnotes":""},"categories":[10],"tags":[8441,150,20,21,24,25,15,22,23,400,13,30,28,29,14,944,16,26,27],"class_list":{"0":"post-87080","1":"post","2":"type-post","3":"status-publish","4":"format-standard","5":"has-post-thumbnail","7":"category-norge","8":"tag-aschehoug","9":"tag-bok","10":"tag-breaking-news","11":"tag-breakingnews","12":"tag-featured-news","13":"tag-featurednews","14":"tag-headlines","15":"tag-latest-news","16":"tag-latestnews","17":"tag-marius-borg-hoiby","18":"tag-news","19":"tag-no","20":"tag-norge","21":"tag-norway","22":"tag-nyheter","23":"tag-oslo-tingrett","24":"tag-overskrifter","25":"tag-top-stories","26":"tag-topstories"},"share_on_mastodon":{"url":"https:\/\/pubeurope.com\/@no\/115548260099983373","error":""},"_links":{"self":[{"href":"https:\/\/www.europesays.com\/no\/wp-json\/wp\/v2\/posts\/87080","targetHints":{"allow":["GET"]}}],"collection":[{"href":"https:\/\/www.europesays.com\/no\/wp-json\/wp\/v2\/posts"}],"about":[{"href":"https:\/\/www.europesays.com\/no\/wp-json\/wp\/v2\/types\/post"}],"author":[{"embeddable":true,"href":"https:\/\/www.europesays.com\/no\/wp-json\/wp\/v2\/users\/2"}],"replies":[{"embeddable":true,"href":"https:\/\/www.europesays.com\/no\/wp-json\/wp\/v2\/comments?post=87080"}],"version-history":[{"count":0,"href":"https:\/\/www.europesays.com\/no\/wp-json\/wp\/v2\/posts\/87080\/revisions"}],"wp:featuredmedia":[{"embeddable":true,"href":"https:\/\/www.europesays.com\/no\/wp-json\/wp\/v2\/media\/87081"}],"wp:attachment":[{"href":"https:\/\/www.europesays.com\/no\/wp-json\/wp\/v2\/media?parent=87080"}],"wp:term":[{"taxonomy":"category","embeddable":true,"href":"https:\/\/www.europesays.com\/no\/wp-json\/wp\/v2\/categories?post=87080"},{"taxonomy":"post_tag","embeddable":true,"href":"https:\/\/www.europesays.com\/no\/wp-json\/wp\/v2\/tags?post=87080"}],"curies":[{"name":"wp","href":"https:\/\/api.w.org\/{rel}","templated":true}]}}