{"id":87082,"date":"2025-11-14T13:21:12","date_gmt":"2025-11-14T13:21:12","guid":{"rendered":"https:\/\/www.europesays.com\/no\/87082\/"},"modified":"2025-11-14T13:21:12","modified_gmt":"2025-11-14T13:21:12","slug":"statens-vegvesen-ulykkesrapportene-kan-avgjore-om-politiet-tar-ut-tiltale-helgelendingen","status":"publish","type":"post","link":"https:\/\/www.europesays.com\/no\/87082\/","title":{"rendered":"(+) Statens vegvesen: \u2013 Ulykkesrapportene kan avgj\u00f8re om politiet tar ut tiltale &#8211; Helgelendingen"},"content":{"rendered":"<ol>\n<li><a href=\"https:\/\/news.google.com\/rss\/articles\/CBMirAFBVV95cUxOMVV1V0lvNC1ra1hNS3FudmdNOW16ck1LS2VRbFJrVDJ1VHBPMmFlTWdRdkpFN1FNc3ZZOVdjLVU4YmI0M1pWcmRWYXlfNkVPa3RQOHVKWDhxWmVOOGhWclBsdW9tWF9PUjhPR0lXNC1GWDU2OTQ0azZKdjQ3dGR0eTQ2WGxCOXlIOFo1ZXM0NHVPRVRfcW43Tm9jZDVNaFRXTW9rd0dNRjRYNHVD?oc=5\" target=\"_blank\" rel=\"nofollow noopener\">(+) Statens vegvesen: \u2013 Ulykkesrapportene kan avgj\u00f8re om politiet tar ut tiltale<\/a>&nbsp;&nbsp;Helgelendingen<\/li>\n<li><a href=\"https:\/\/news.google.com\/rss\/articles\/CBMiuAFBVV95cUxPVUh1cjRGaUhBVnRZaTdPd3lMS3Z1aDdkTXg5aTlha1lNUXhVMHB0OGc2Xy03RFJZN3ZWU0pmbVdWUDVRbkM1Rm82RDU2T05QTndNSGRhUDNEenBKdmxJd3hidVJzQUdSNlJMQ2hneHpuV0I5OWJ1Q0FJM1RubUZUNGRWdS1TNk45WVlzSEExRkxCZXVNMElrLTFVUHlhS3dXYkVqY010d0hzUERVclNldk1pcXkyR050?oc=5\" target=\"_blank\" rel=\"nofollow noopener\">Ulykker, Grane | Eieren av laksetransporten: \u2013 Viktigste n\u00e5 er \u00e5 s\u00f8rge for at alle blir godt ivaretatt<\/a>&nbsp;&nbsp;Helgelendingen<\/li>\n<li><a href=\"https:\/\/news.google.com\/rss\/articles\/CBMigAFBVV95cUxQVTVONmROWmYyVTJralY4U0F5MHF3bmZqMDdRMWExY09oSG43N0tGQ3NmOVJ5Nm9zVFNvYkpoOExJOHBRQ1hnRk8yR0tPdERnSERjWV84N3JPS096cjh2dW8tMlFFUmlZOE5URE15bEctOVNZaHFPdzdNZjRONncwSQ?oc=5\" target=\"_blank\" rel=\"nofollow noopener\">\u00c9n d\u00f8d i trafikkulykke p\u00e5 E6 i Nordland<\/a>&nbsp;&nbsp;VG<\/li>\n<li><a href=\"https:\/\/news.google.com\/rss\/articles\/CBMiswFBVV95cUxOZlg3ajhBZVQzbmJsYkJabHVBRGNLVGt1V0U2X21fa1FfdGFLak1vNHdPck1yM1UtOXR0VFhFdXBpbERjZTZBLXZVanEzTU1PMzdQNjNfVFdSUEd6bnlhVzljeW16TWdkbWFUekIyMUVwbGpfNTdmZTBibGN1UWFFRFA2THM1ZFVVeXVSUlVKMG85c1JDSWhUS3JyTFh4dktnVC13QzA2R0llVmR5S21reUE5VQ?oc=5\" target=\"_blank\" rel=\"nofollow noopener\">Trafikkulykke p\u00e5 E6 mellom bil og lastebil: En person d\u00f8de<\/a>&nbsp;&nbsp;Nettavisen<\/li>\n<li><a href=\"https:\/\/news.google.com\/rss\/articles\/CBMidEFVX3lxTE5sOE9CTUlpY29DQ3BnQnJ2cGZzUVY1X1BoTUtMeDhteGZocmVjeElwTkxGVnpISVk2aGlnWG9xWm1LaE9KR1hEd2g0bS16cGVLelNPcnVOZHNkQVhCeS03UGNJS29vbHZfSTRySmltNTlQSm1h?oc=5\" target=\"_blank\" rel=\"nofollow noopener\">E6 sperret etter frontkollisjon<\/a>&nbsp;&nbsp;Helgelands Blad<\/li>\n<\/ol>\n","protected":false},"excerpt":{"rendered":"(+) Statens vegvesen: \u2013 Ulykkesrapportene kan avgj\u00f8re om politiet tar ut tiltale&nbsp;&nbsp;Helgelendingen Ulykker, Grane | Eieren av laksetransporten:&hellip;\n","protected":false},"author":2,"featured_media":87083,"comment_status":"","ping_status":"","sticky":false,"template":"","format":"standard","meta":{"footnotes":""},"categories":[5],"tags":[20,21,24,25,15,19,22,23,17,18,13,30,28,29,14,16,26,27],"class_list":{"0":"post-87082","1":"post","2":"type-post","3":"status-publish","4":"format-standard","5":"has-post-thumbnail","7":"category-overskrifter","8":"tag-breaking-news","9":"tag-breakingnews","10":"tag-featured-news","11":"tag-featurednews","12":"tag-headlines","13":"tag-hovedoppslag","14":"tag-latest-news","15":"tag-latestnews","16":"tag-main-news","17":"tag-mainnews","18":"tag-news","19":"tag-no","20":"tag-norge","21":"tag-norway","22":"tag-nyheter","23":"tag-overskrifter","24":"tag-top-stories","25":"tag-topstories"},"share_on_mastodon":{"url":"https:\/\/pubeurope.com\/@no\/115548263831805230","error":""},"_links":{"self":[{"href":"https:\/\/www.europesays.com\/no\/wp-json\/wp\/v2\/posts\/87082","targetHints":{"allow":["GET"]}}],"collection":[{"href":"https:\/\/www.europesays.com\/no\/wp-json\/wp\/v2\/posts"}],"about":[{"href":"https:\/\/www.europesays.com\/no\/wp-json\/wp\/v2\/types\/post"}],"author":[{"embeddable":true,"href":"https:\/\/www.europesays.com\/no\/wp-json\/wp\/v2\/users\/2"}],"replies":[{"embeddable":true,"href":"https:\/\/www.europesays.com\/no\/wp-json\/wp\/v2\/comments?post=87082"}],"version-history":[{"count":0,"href":"https:\/\/www.europesays.com\/no\/wp-json\/wp\/v2\/posts\/87082\/revisions"}],"wp:featuredmedia":[{"embeddable":true,"href":"https:\/\/www.europesays.com\/no\/wp-json\/wp\/v2\/media\/87083"}],"wp:attachment":[{"href":"https:\/\/www.europesays.com\/no\/wp-json\/wp\/v2\/media?parent=87082"}],"wp:term":[{"taxonomy":"category","embeddable":true,"href":"https:\/\/www.europesays.com\/no\/wp-json\/wp\/v2\/categories?post=87082"},{"taxonomy":"post_tag","embeddable":true,"href":"https:\/\/www.europesays.com\/no\/wp-json\/wp\/v2\/tags?post=87082"}],"curies":[{"name":"wp","href":"https:\/\/api.w.org\/{rel}","templated":true}]}}