{"id":87088,"date":"2025-11-14T13:29:09","date_gmt":"2025-11-14T13:29:09","guid":{"rendered":"https:\/\/www.europesays.com\/no\/87088\/"},"modified":"2025-11-14T13:29:09","modified_gmt":"2025-11-14T13:29:09","slug":"klimatoppmote-fn-skrot-klimatoppmotet-et-avskyelig-sirkus","status":"publish","type":"post","link":"https:\/\/www.europesays.com\/no\/87088\/","title":{"rendered":"Klimatoppm\u00f8te, FN | Skrot klimatoppm\u00f8tet: Et avskyelig sirkus"},"content":{"rendered":"\n<p>Oljegiganter driver forretninger i overd\u00e5dige utstillingshaller. De mest klimas\u00e5rbare landene er tvunget til \u00e5 tigge om gr\u00f8nne almisser. Tusenvis av lobbyister later som de bryr seg om klimakrisen, men vil svindle til seg tjenester. Skuffede aktivister bryter ut i gr\u00e5t n\u00e5r de innser at COP ikke vil redde verden.<\/p>\n<p>Det er p\u00e5 tide \u00e5 skrote FNs \u00e5rlige klimatoppm\u00f8te.<\/p>\n<p>Debattinnlegget ble f\u00f8rst publisert i den svenske avisen <a href=\"https:\/\/www.di.se\/nyheter\/lagg-ned-fn-s-klimattoppmote\/\" rel=\"Follow nofollow noopener\" target=\"_blank\">Dagens industri.<\/a><\/p>\n<p>Avskyelig \u00e5 v\u00e6re vitne<\/p>\n<p>Verden fortjener en skarpere og mer moderne prosess mot den gr\u00f8nne omstillingen. Tiden har l\u00f8pt ut for FNs klimaforhandlinger. Det er jakten p\u00e5 lukrative konsulentoppdrag som har blitt det nye hjertet i COP.<\/p>\n<p>I de overd\u00e5dige utstillingshallene ruller prangende reklamefilmer p\u00e5 TV-skjermer, med pent filmede n\u00f8drop fra moder jord.<\/p>\n<p>Det er faktisk avskyelig \u00e5 v\u00e6re vitne til.<\/p>\n<p><b>Les ogs\u00e5: <a href=\"https:\/\/www.nettavisen.no\/norsk-debatt\/marit-kolby-hun-skaper-frykt-og-frykt-selger\/o\/5-95-2722827\" rel=\"Follow nofollow noopener\" target=\"_blank\">Nei, Kolby. Norske forskere sulter ikke barna<\/a><\/b><\/p>\n<p>Holder oss atskilt<\/p>\n<p>De politiske forhandlingene utgj\u00f8r n\u00e5 bare en liten del av det globale klimasirkuset som lander i et nytt land hvert \u00e5r, i \u00e5r i jungelbyen Bel\u00e9m i Brasil.<\/p>\n<p>Antall delegater \u00f8ker eksponentielt, p\u00e5 Glasgow-toppm\u00f8tet i 2021 var det 39 000 deltakere, p\u00e5 fjor\u00e5rets m\u00f8te i Baku var det nesten 67 000 delegater. Hele verden er p\u00e5 plass, alle egeninteresser du kan tenke deg vil pr\u00f8ve \u00e5 f\u00e5 sin del av de klimamerkede pengene som str\u00f8mmer inn.<\/p>\n<p><b>Les ogs\u00e5: <a href=\"https:\/\/www.nettavisen.no\/norsk-debatt\/pengestuntet-er-god-pr-for-store\/s\/5-95-2719463\" rel=\"Follow nofollow noopener\" target=\"_blank\">Pengestuntet er god PR for St\u00f8re<\/a><\/b><\/p>\n<p><b>Men den kommersielle delen av COP har vokst mest, der handelsmuligheter knyttet til klimahandling er i fokus.<\/b><\/p>\n<p>Jeg har fulgt COP-forhandlingene siden 2007. Lenge syntes jeg det var ganske vakkert at verdens land kommer sammen \u00e9n gang i \u00e5ret i felles innsats for \u00e5 forhandle fram m\u00e5l slik at vi ikke varmer opp planeten med mer enn 1,5 grader.<\/p>\n<p>I starten hadde vi journalister fortsatt fri tilgang til delegatene. I frokostrommet kunne man m\u00f8te en milj\u00f8minister. N\u00e5 holdes journalister og delegater atskilt.<\/p>\n<p>Kommer for \u00e5 sabotere<\/p>\n<p>Det er en rekke land som skal til klimatoppm\u00f8tet med den hensikt \u00e5 sabotere beslutninger (les Iran, Russland, Saudi-Arabia), og det er umulig \u00e5 ta de beslutningene som kreves ved konsensus.<\/p>\n<p>COP-forhandlingene har imidlertid spilt en rolle, 140 land har gjort FNs m\u00e5l om \u00e5 bli netto null innen 2050 til sine nasjonale m\u00e5l.<\/p>\n<p>Det finnes mange forslag til en ny diplomatisk prosess der land som virkelig \u00f8nsker \u00e5 inng\u00e5 nye klimaforpliktelser m\u00f8tes oftere, og da i regionale klynger, en slags \u00abkoalisjon av de villige\u00bb. Det ville ogs\u00e5 ekskludere de omtrent 700 oljelobbyistene fra oljenasjoner som de siste \u00e5rene har invadert COP-m\u00f8tene for effektivt \u00e5 blokkere enhver skriving som omhandler utfasing av fossilt brensel.<\/p>\n<p><b>Les ogs\u00e5 Ola Borten Moe: <a href=\"https:\/\/www.nettavisen.no\/norsk-debatt\/senterpartiets-dilemma-kaos-pa-stortinget\/o\/5-95-2722538\" rel=\"Follow nofollow noopener\" target=\"_blank\">Norge st\u00e5r i en helt ny virkelighet<\/a><\/b><\/p>\n<p>Verden fortjener mer<\/p>\n<p>Forhandlingene utvikler seg n\u00e5 alltid til en ydmykende dans der fattige utviklingsland som ufortjent rammes av ekstremv\u00e6r, tigger om penger for \u00e5 redde landene sine fra stigende havniv\u00e5. De rike landene lover utdelinger til FNs gr\u00f8nne fond som deretter ikke utbetales i tide.<\/p>\n<p>I stedet kunne en gruppe land lede reformen av de internasjonale finanssystemene, utformet i det s\u00e5kalte \u00abBridgetown-initiativet\u00bb, der fattige land f\u00e5r rabatter p\u00e5 l\u00e5nene sine og har r\u00e5d til klimatilpasning.<\/p>\n<p>Parisavtalens smerteterskel p\u00e5 maksimalt 1,5 graders oppvarming er overskredet. Men jeg ville ikke bli overrasket om det neste slagordet p\u00e5 COP er et bekymringsl\u00f8st \u00abHold 2\u00b0C i live\u00bb.<\/p>\n<p><b>Verden fortjener en mer verdig prosess enn dette.<\/b><\/p>\n","protected":false},"excerpt":{"rendered":"Oljegiganter driver forretninger i overd\u00e5dige utstillingshaller. De mest klimas\u00e5rbare landene er tvunget til \u00e5 tigge om gr\u00f8nne almisser.&hellip;\n","protected":false},"author":2,"featured_media":87089,"comment_status":"","ping_status":"","sticky":false,"template":"","format":"standard","meta":{"footnotes":""},"categories":[10],"tags":[20,21,24,25,15,22,23,13,30,28,29,14,16,26,27],"class_list":{"0":"post-87088","1":"post","2":"type-post","3":"status-publish","4":"format-standard","5":"has-post-thumbnail","7":"category-norge","8":"tag-breaking-news","9":"tag-breakingnews","10":"tag-featured-news","11":"tag-featurednews","12":"tag-headlines","13":"tag-latest-news","14":"tag-latestnews","15":"tag-news","16":"tag-no","17":"tag-norge","18":"tag-norway","19":"tag-nyheter","20":"tag-overskrifter","21":"tag-top-stories","22":"tag-topstories"},"share_on_mastodon":{"url":"https:\/\/pubeurope.com\/@no\/115548295368499247","error":""},"_links":{"self":[{"href":"https:\/\/www.europesays.com\/no\/wp-json\/wp\/v2\/posts\/87088","targetHints":{"allow":["GET"]}}],"collection":[{"href":"https:\/\/www.europesays.com\/no\/wp-json\/wp\/v2\/posts"}],"about":[{"href":"https:\/\/www.europesays.com\/no\/wp-json\/wp\/v2\/types\/post"}],"author":[{"embeddable":true,"href":"https:\/\/www.europesays.com\/no\/wp-json\/wp\/v2\/users\/2"}],"replies":[{"embeddable":true,"href":"https:\/\/www.europesays.com\/no\/wp-json\/wp\/v2\/comments?post=87088"}],"version-history":[{"count":0,"href":"https:\/\/www.europesays.com\/no\/wp-json\/wp\/v2\/posts\/87088\/revisions"}],"wp:featuredmedia":[{"embeddable":true,"href":"https:\/\/www.europesays.com\/no\/wp-json\/wp\/v2\/media\/87089"}],"wp:attachment":[{"href":"https:\/\/www.europesays.com\/no\/wp-json\/wp\/v2\/media?parent=87088"}],"wp:term":[{"taxonomy":"category","embeddable":true,"href":"https:\/\/www.europesays.com\/no\/wp-json\/wp\/v2\/categories?post=87088"},{"taxonomy":"post_tag","embeddable":true,"href":"https:\/\/www.europesays.com\/no\/wp-json\/wp\/v2\/tags?post=87088"}],"curies":[{"name":"wp","href":"https:\/\/api.w.org\/{rel}","templated":true}]}}