{"id":87090,"date":"2025-11-14T13:30:18","date_gmt":"2025-11-14T13:30:18","guid":{"rendered":"https:\/\/www.europesays.com\/no\/87090\/"},"modified":"2025-11-14T13:30:18","modified_gmt":"2025-11-14T13:30:18","slug":"drept-av-noen-som-tok-livet-sitt","status":"publish","type":"post","link":"https:\/\/www.europesays.com\/no\/87090\/","title":{"rendered":"Drept av noen som tok livet sitt"},"content":{"rendered":"\n<p class=\"_paragraph_o9xde_4 _paragraph_xtcu6_10 layout-component text-serif-m layout-normal text-serif-m layout-padded\">Det viser en stor VG-kartlegging. <\/p>\n<p class=\"_paragraph_o9xde_4 _paragraph_xtcu6_10 layout-component text-serif-m layout-normal text-serif-m layout-padded\">\u2013 Vi har strenge regler for hvem som kan f\u00e5 v\u00e5pen, og vi er opptatt av at de skal v\u00e6re skikket til \u00e5 ha det. Men det vil alltid v\u00e6re noen saker som vi ikke fanger opp, sier avdelingsdirekt\u00f8r for politifag i Politidirektoratet, Bj\u00f8rn Vandvik.<\/p>\n<p class=\"_paragraph_o9xde_4 _paragraph_xtcu6_10 layout-component text-serif-m layout-normal text-serif-m layout-padded\">VG har kartlagt alle saker fra 2013 til 2023 hvor noen har blitt drept av en gjerningsperson som if\u00f8lge politiet <a href=\"https:\/\/www.vg.no\/spesial\/drap-norge\/drapselvdrap\/statistikk\/\" class=\"_link_o9xde_39\" rel=\"nofollow noopener\" target=\"_blank\">tok livet sitt i sammenheng med drapet<\/a>. Det er totalt 16 saker med 22 ofre.<\/p>\n<p><img decoding=\"async\" alt=\"Bilde av Bj\u00f8rn Vandvik\" class=\"_image_ygndg_42\" height=\"38\" itemprop=\"image\" loading=\"lazy\"  src=\"https:\/\/www.europesays.com\/no\/wp-content\/uploads\/2025\/11\/bd3c69f6-d163-4418-b3ae-7c5492fcacbe\"  width=\"40\"\/><strong class=\"_name_ygndg_51 title-serif-xs\">Bj\u00f8rn Vandvik<\/strong><\/p>\n<p class=\"_paragraph_o9xde_4 text-sans-m _description_ygndg_56\">Avdelingsdirekt\u00f8r for politifag i Politidirektoratet<\/p>\n<p class=\"_paragraph_o9xde_4 _paragraph_xtcu6_10 layout-component text-serif-m layout-normal text-serif-m layout-padded\">VG har f\u00e5tt innvilget innsyn i politiets etterforskning i samtlige saker. Vi har gjennomg\u00e5tt hvordan sakene etterforskes, og hvorvidt det var faresignaler i forkant. VG har ogs\u00e5 sammenlignet disse sakene med drap hvor gjerningspersonen er i live.<\/p>\n<p class=\"_paragraph_o9xde_4 _paragraph_xtcu6_10 layout-component text-serif-m layout-normal text-serif-m layout-padded\">\u2013 Dette er veldig alvorlige saker som prioriteres h\u00f8yt, og som er forferdelige n\u00e5r de rammer. De p\u00e5virker hele samfunnet og hele n\u00e6rmilj\u00f8et. \u00c5 adressere dette som et samfunnsproblem er viktig.<\/p>\n<p> F\u00e5 med historikk og uklare motiv<\/p>\n<p class=\"_paragraph_o9xde_4 _paragraph_xtcu6_10 layout-component text-serif-m layout-normal text-serif-m layout-padded\">Kartleggingen viser ogs\u00e5 blant annet at:<\/p>\n<ul class=\"_list_o9xde_3 _list_xtcu6_9 _unordered_o9xde_106 layout-component text-serif-m layout-normal text-serif-m layout-padded\">\n<li class=\"_item_o9xde_30\">3 av 16 gjerningspersoner var tidligere straffed\u00f8mtstraffed\u00f8mtAt noen er d\u00f8mt i retten for \u00e5 ha beg\u00e5tt et straffbart forhold.<\/li>\n<li class=\"_item_o9xde_30\">Det er forskjeller i hvordan sakene etterforskes &#8211; og hvor lang tid etterforskningen tar: En av sakene var ferdig p\u00e5taleavgjortp\u00e5taleavgjortEn p\u00e5taleavgj\u00f8relse er en beslutning som sier hva som er avgj\u00f8relsen i en straffesak. For eksempel n\u00e5r en etterforskning henlegges, eller det tas ut tiltale.  etter 107 dager, en annen etter 578 dager. Det er ogs\u00e5 store variasjoner i hvor mange som avh\u00f8res, alt fra tre avh\u00f8r i en sak til over 100 i en annen.<\/li>\n<li class=\"_item_o9xde_30\">Det er store variasjoner i hvor mange politirapporter som finnes og hva som hentes inn av for eksempel opplysninger om \u00f8konomi, helse og digitale spor. <\/li>\n<li class=\"_item_o9xde_30\">Politiet konkluderer ikke med et klart motiv for drapene i etterforskningsdokumentene. I et f\u00e5tall av sakene har politiet senere uttalt til media at de mener de har avdekket et mulig motiv.<\/li>\n<\/ul>\n<p class=\"_paragraph_o9xde_4 _paragraph_xtcu6_10 layout-component text-serif-m layout-normal text-serif-m layout-padded\">VG har gjennom <a href=\"https:\/\/www.vg.no\/spesial\/drap-norge\/\" class=\"_link_o9xde_39\" rel=\"nofollow noopener\" target=\"_blank\">v\u00e5r egen drapsoversikt<\/a> i samme periode ogs\u00e5 sammenlignet de 16 sakene opp mot drapene hvor gjerningspersonen ikke tok livet sitt. Der kommer det frem at:<\/p>\n<ul class=\"_list_o9xde_3 _list_xtcu6_9 _unordered_o9xde_106 layout-component text-serif-m layout-normal text-serif-m layout-padded\">\n<li class=\"_item_o9xde_30\">I snitt er en av 10 gjerningspersoner i drapssaker kvinner. I denne kartleggingen av drap og selvdrap er kun en av de 16 gjerningspersonene en kvinne.  <\/li>\n<li class=\"_item_o9xde_30\">20 ofre hadde n\u00e6r\/famili\u00e6r relasjon til gjerningspersonen. <\/li>\n<li class=\"_item_o9xde_30\">8 av 22 ofre ble drept av sin forelder.<\/li>\n<li class=\"_item_o9xde_30\">Det er oftere flere ofre i drapssaker med p\u00e5f\u00f8lgende selvdrap enn i ordin\u00e6re drapssaker.<\/li>\n<\/ul>\n<p> Sjelden historie med vold<\/p>\n<p class=\"_paragraph_o9xde_4 _paragraph_xtcu6_10 layout-component text-serif-m layout-normal text-serif-m layout-padded\">Ingen er d\u00f8mt for disse drapene, siden det politiet mener er gjerningspersonen, er d\u00f8d. VG har derfor har lagt politiets etterforskning til grunn. <\/p>\n<p class=\"_paragraph_o9xde_4 _paragraph_xtcu6_10 layout-component text-serif-m layout-normal text-serif-m layout-padded\">Drapsforsker Vibeke Ottesen tror folk m\u00e5 utvide narrativet de har for hvorfor noen beg\u00e5r drap i n\u00e6re relasjoner.<\/p>\n<p class=\"_paragraph_o9xde_4 _paragraph_xtcu6_10 layout-component text-serif-m layout-normal text-serif-m layout-padded\">\u2013 Forskning viser at de som beg\u00e5r drap-selvdrap i n\u00e6re relasjoner, som oftest er personer som enten har slitt med suicidalitet i flere \u00e5r eller som har blitt suicidale i en livskrise. Drapet beg\u00e5s fordi de vil ta sine kj\u00e6re med seg. Ikke fordi de \u00f8nsker dem vondt, sier Ottesen.<\/p>\n<p><img alt=\"Drapsforsker Vibeke Ottesen  Foto: Espen Sj\u00f8lingstad Hoen \/ VG\" class=\"_image_qp4xg_65 layout-component layout-normal\" data-fullscreen- data-track-element-type=\"Article image fullscreen\" data-track-name=\"ImageFullscreen\" decoding=\"async\" loading=\"lazy\" height=\"3456\" itemprop=\"image\"  src=\"https:\/\/www.europesays.com\/no\/wp-content\/uploads\/2025\/11\/9f79ed5e-66f1-4847-a4e6-e074e7f7eb53\"  style=\"object-position:0% 0%\" width=\"5184\"\/>Drapsforsker Vibeke Ottesen  Foto: Espen Sj\u00f8lingstad Hoen \/ VG<\/p>\n<p class=\"_paragraph_o9xde_4 _paragraph_xtcu6_10 layout-component text-serif-m layout-normal text-serif-m layout-padded\">Hun sier at drapsforskere som skiller mellom drap i n\u00e6re relasjoner med og uten selvdrap, finner systematiske forskjeller mellom de to kategoriene i hvilke motiv gjerningspersonene har. <\/p>\n<p class=\"_paragraph_o9xde_4 _paragraph_xtcu6_10 layout-component text-serif-m layout-normal text-serif-m layout-padded\">De finner derfor ogs\u00e5 forskjeller i de andre kjennetegnene ved drapene. De systematiske forskjellene har forskere funnet i en rekke ulike land.<\/p>\n<p>   <img decoding=\"async\" alt=\"Tips oss illustrasjon\" src=\"https:\/\/www.europesays.com\/no\/wp-content\/uploads\/2025\/10\/pssst-small.webp.webp\"\/>    <\/p>\n<p class=\"title-serif-s\">Har du tips?<\/p>\n<p class=\"text-sans-m\">Send oss informasjon, bilder eller video.<\/p>\n<p>  <a href=\"https:\/\/www.vg.no\/tips-oss\" rel=\"nofollow noopener\" target=\"_blank\"> Tips oss <\/a>   <\/p>\n<p class=\"_paragraph_o9xde_4 _paragraph_xtcu6_10 layout-component text-serif-m layout-normal text-serif-m layout-padded\">I VGs unders\u00f8kelser er det <a href=\"https:\/\/www.vg.no\/spesial\/drap-norge\/offer\/958-kvinne-bergen\/\" class=\"_link_o9xde_39\" rel=\"nofollow noopener\" target=\"_blank\">kun \u00e9n gjerningsperson som er d\u00f8mt <\/a>for vold i forkant av drapet. Volden var ikke utf\u00f8rt mot drapsofferet, men en tidligere kj\u00e6reste. <\/p>\n<p class=\"_paragraph_o9xde_4 _paragraph_xtcu6_10 layout-component text-serif-m layout-normal text-serif-m layout-padded\">\u2013 Ved drap-selvdrap er det typisk ikke en voldshistorikk mellom partene, slik vi ofte ser ved andre drap i n\u00e6re relasjoner. Det er fordi drapet jo beg\u00e5s som del av selvmordet til gjerningspersonen, og ikke en p\u00e5g\u00e5ende, voldelig konflikt mellom partene, sier hun.<\/p>\n<p> S\u00e5rbar av kj\u00e6rlighet<\/p>\n<p class=\"_paragraph_o9xde_4 _paragraph_xtcu6_10 layout-component text-serif-m layout-normal text-serif-m layout-padded\">Kartleggingen til VG viser ogs\u00e5 at gjerningspersonen oftere er en mann og at de oftere er eldre enn gjerningspersonen i andre drap.<\/p>\n<p class=\"_paragraph_o9xde_4 _paragraph_xtcu6_10 layout-component text-serif-m layout-normal text-serif-m layout-padded\">Det er ogs\u00e5 en h\u00f8yere andel som blir drept av sine foreldre i disse sakene.<\/p>\n<p class=\"_paragraph_o9xde_4 _paragraph_xtcu6_10 layout-component text-serif-m layout-normal text-serif-m layout-padded\">Ottesen p\u00e5peker at det er sv\u00e6rt sjelden at de som beg\u00e5r selvdrap, skader andre.<\/p>\n<p class=\"_paragraph_o9xde_4 _paragraph_xtcu6_10 layout-component text-serif-m layout-normal text-serif-m layout-padded\">\u2013 Men ved suicidalitet kan foreldre tenke at de vil ta sine aller kj\u00e6reste med seg. Og et par ganger i \u00e5ret, s\u00e5 skjer det i Norge. De f\u00f8lelser vi kan ha for barn og partnere, som sterk kj\u00e6rlighet, ansvar og forpliktelse, gj\u00f8r at vi beskytter og fors\u00f8rger dem i det daglige. Men det er akkurat de samme f\u00f8lelsene som skaper en s\u00e5rbarhet for drap ved foreldres suicidalitet, sier hun.<\/p>\n<p class=\"_paragraph_o9xde_4 _paragraph_xtcu6_10 layout-component text-serif-m layout-normal text-serif-m layout-padded\">Hun sier at gjerningspersoner som enten overlever eller skriver selvmordsbrev, forteller om en bekymring for hvordan det vil g\u00e5 med barna n\u00e5r de selv er borte, og derfor et \u00f8nske om ikke \u00e5 etterlate dem.<\/p>\n<p class=\"_paragraph_o9xde_4 _paragraph_xtcu6_10 layout-component text-serif-m layout-normal text-serif-m layout-padded\">\u2013 N\u00e5r forelderen er i krise, blir kj\u00e6rligheten de jo har for sine barn nettopp det som skaper s\u00e5rbarheten for drap, sier hun.<\/p>\n<p> \u2013 Det trengs en landsby<\/p>\n<p class=\"_paragraph_o9xde_4 _paragraph_xtcu6_10 layout-component text-serif-m layout-normal text-serif-m layout-padded\">Ansvaret for \u00e5 forebygge drap-selvdrap m\u00e5 ligge p\u00e5 flere og andre akt\u00f8rer enn vi kanskje har tenkt tidligere. <\/p>\n<p class=\"_paragraph_o9xde_4 _paragraph_xtcu6_10 layout-component text-serif-m layout-normal text-serif-m layout-padded\">\u2013 Vi vet at det trengs en landsby for \u00e5 fostre et barn. Men voksne trenger ogs\u00e5 landsbyen \u2013 ikke minst n\u00e5r vi g\u00e5r gjennom livskriser, sier hun.<\/p>\n<p class=\"_paragraph_o9xde_4 _paragraph_xtcu6_10 layout-component text-serif-m layout-normal text-serif-m layout-padded\">Selvdrap og drap-selvdrap skjer i samme situasjoner, p\u00e5peker hun, som samlivsbrudd og \u00f8konomiske vansker samt ved langvarige psykiske lidelser.<\/p>\n<p class=\"_paragraph_o9xde_4 _paragraph_xtcu6_10 layout-component text-serif-m layout-normal text-serif-m layout-padded\">\u2013 Hvordan kan vi forebygge?<\/p>\n<p class=\"_paragraph_o9xde_4 _paragraph_xtcu6_10 layout-component text-serif-m layout-normal text-serif-m layout-padded\">\u2013 Skal vi forebygge drap i n\u00e6re relasjoner i Norge, m\u00e5 vi se enda mer p\u00e5 \u00e5 forebygge selvdrap. Vi vet i dag at vi kan hjelpe folk som sliter med suicidalitet om vi sp\u00f8r dem om selvmordstanker og lar dem snakke om tankene. <\/p>\n<p class=\"_paragraph_o9xde_4 _paragraph_xtcu6_10 layout-component text-serif-m layout-normal text-serif-m layout-padded\">Hun mener det kun er slik man f\u00e5r vite at folk sliter og kan gi dem hjelp. <\/p>\n<p class=\"_paragraph_o9xde_4 _paragraph_xtcu6_10 layout-component text-serif-m layout-normal text-serif-m layout-padded\">\u2013 I den samtalen m\u00e5 vi ogs\u00e5 sp\u00f8rre hvilke planer de har for sine kj\u00e6re. Vi m\u00e5 legge til rette for at det kjennes trygt \u00e5 snakke om disse tankene.<\/p>\n<p> \u2013 En risiko vi m\u00e5 leve med<\/p>\n<p class=\"_paragraph_o9xde_4 _paragraph_xtcu6_10 layout-component text-serif-m layout-normal text-serif-m layout-padded\">Det er politiets ansvar \u00e5 forebygge og etterforske alvorlig kriminalitet. Vandvik i Politidirektoratet sier at de ikke klarer \u00e5 avverge alle drap og selvdrap alene.<\/p>\n<p class=\"_paragraph_o9xde_4 _paragraph_xtcu6_10 layout-component text-serif-m layout-normal text-serif-m layout-padded\">\u2013 Dette er veldig alvorlige saker som prioriteres h\u00f8yt. Jeg opplever at de tas p\u00e5 st\u00f8rste alvor. S\u00e5 kan man sikkert finne feil i etterforskningen, eller noe som kunne ha v\u00e6rt gjort bedre. Unntak kan skje, sier han.<\/p>\n<p><img alt=\"Avdelingsdirekt\u00f8r for politifag i Politidirektoratet, Bj\u00f8rn Vandvik  Foto: Hallgeir V\u00e5genes \/ VG\" class=\"_image_qp4xg_65 layout-component layout-normal\" data-fullscreen- data-track-element-type=\"Article image fullscreen\" data-track-name=\"ImageFullscreen\" decoding=\"async\" loading=\"lazy\" height=\"3798\" itemprop=\"image\"  src=\"https:\/\/www.europesays.com\/no\/wp-content\/uploads\/2025\/11\/64e0db7d-6cb4-49be-88e7-17843b75868f\"  style=\"object-position:0% 0%\" width=\"4871\"\/>Avdelingsdirekt\u00f8r for politifag i Politidirektoratet, Bj\u00f8rn Vandvik  Foto: Hallgeir V\u00e5genes \/ VG<\/p>\n<p class=\"_paragraph_o9xde_4 _paragraph_xtcu6_10 layout-component text-serif-m layout-normal text-serif-m layout-padded\">Alle gjerningspersonene som drepte ved bruk av skytev\u00e5pen i sakene VG har unders\u00f8kt, hadde tillatelse til \u00e5 eie v\u00e5pen. Politidirektoratet opplyser at det er dr\u00f8yt 478.000 nordmenn som eier et eller flere v\u00e5pen i Norge.<\/p>\n<p class=\"_paragraph_o9xde_4 _paragraph_xtcu6_10 layout-component text-serif-m layout-normal text-serif-m layout-padded\">Vandvik sier at de er opptatt av \u00e5 begrense hvem som har tilgang til v\u00e5pen, men at jaktkulturen i landet st\u00e5r sterkt.<\/p>\n<p class=\"_paragraph_o9xde_4 _paragraph_xtcu6_10 layout-component text-serif-m layout-normal text-serif-m layout-padded\">\u2013 Derfor er det mange som har v\u00e5pentillatelse, og det er nok en risiko vi som samfunn m\u00e5 leve med. <\/p>\n<p>    <img decoding=\"async\" alt=\"Tips oss illustrasjon\" src=\"https:\/\/www.europesays.com\/no\/wp-content\/uploads\/2025\/10\/pssst-small.webp.webp\"\/>    <\/p>\n<p class=\"title-serif-s\">Har du tips?<\/p>\n<p class=\"text-sans-m\">Send oss informasjon, bilder eller video.<\/p>\n<p>  <a href=\"https:\/\/www.vg.no\/tips-oss\" rel=\"nofollow noopener\" target=\"_blank\"> Tips oss <\/a>      <\/p>\n","protected":false},"excerpt":{"rendered":"Det viser en stor VG-kartlegging. \u2013 Vi har strenge regler for hvem som kan f\u00e5 v\u00e5pen, og vi&hellip;\n","protected":false},"author":2,"featured_media":87091,"comment_status":"","ping_status":"","sticky":false,"template":"","format":"standard","meta":{"footnotes":""},"categories":[5],"tags":[20,21,377,2320,11551,24,25,15,19,148,22,23,17,18,13,30,28,29,14,16,26,27],"class_list":{"0":"post-87090","1":"post","2":"type-post","3":"status-publish","4":"format-standard","5":"has-post-thumbnail","7":"category-overskrifter","8":"tag-breaking-news","9":"tag-breakingnews","10":"tag-drap","11":"tag-drap-i-norge","12":"tag-drap-og-selvdrap","13":"tag-featured-news","14":"tag-featurednews","15":"tag-headlines","16":"tag-hovedoppslag","17":"tag-kriminalitet","18":"tag-latest-news","19":"tag-latestnews","20":"tag-main-news","21":"tag-mainnews","22":"tag-news","23":"tag-no","24":"tag-norge","25":"tag-norway","26":"tag-nyheter","27":"tag-overskrifter","28":"tag-top-stories","29":"tag-topstories"},"share_on_mastodon":{"url":"https:\/\/pubeurope.com\/@no\/115548299361049347","error":""},"_links":{"self":[{"href":"https:\/\/www.europesays.com\/no\/wp-json\/wp\/v2\/posts\/87090","targetHints":{"allow":["GET"]}}],"collection":[{"href":"https:\/\/www.europesays.com\/no\/wp-json\/wp\/v2\/posts"}],"about":[{"href":"https:\/\/www.europesays.com\/no\/wp-json\/wp\/v2\/types\/post"}],"author":[{"embeddable":true,"href":"https:\/\/www.europesays.com\/no\/wp-json\/wp\/v2\/users\/2"}],"replies":[{"embeddable":true,"href":"https:\/\/www.europesays.com\/no\/wp-json\/wp\/v2\/comments?post=87090"}],"version-history":[{"count":0,"href":"https:\/\/www.europesays.com\/no\/wp-json\/wp\/v2\/posts\/87090\/revisions"}],"wp:featuredmedia":[{"embeddable":true,"href":"https:\/\/www.europesays.com\/no\/wp-json\/wp\/v2\/media\/87091"}],"wp:attachment":[{"href":"https:\/\/www.europesays.com\/no\/wp-json\/wp\/v2\/media?parent=87090"}],"wp:term":[{"taxonomy":"category","embeddable":true,"href":"https:\/\/www.europesays.com\/no\/wp-json\/wp\/v2\/categories?post=87090"},{"taxonomy":"post_tag","embeddable":true,"href":"https:\/\/www.europesays.com\/no\/wp-json\/wp\/v2\/tags?post=87090"}],"curies":[{"name":"wp","href":"https:\/\/api.w.org\/{rel}","templated":true}]}}